{"id":126193,"date":"2025-12-26T10:12:10","date_gmt":"2025-12-26T10:12:10","guid":{"rendered":"https:\/\/www.europesays.com\/fi\/126193\/"},"modified":"2025-12-26T10:12:10","modified_gmt":"2025-12-26T10:12:10","slug":"kadulta-loytynyt-ex-lapsitahti-vietiin-sairaalaan","status":"publish","type":"post","link":"https:\/\/www.europesays.com\/fi\/126193\/","title":{"rendered":"Kadulta l\u00f6ytynyt ex-lapsit\u00e4hti vietiin sairaalaan"},"content":{"rendered":"<p>Ex-lapsit\u00e4hti Tylor Chase on p\u00e4\u00e4ssyt tarvitsemaansa sairaalahoitoon.<\/p>\n<p><img decoding=\"async\" class=\"image image-show image-preview\" src=\"https:\/\/www.europesays.com\/fi\/wp-content\/uploads\/2025\/12\/587b5ddb1c0d1dd3d742dd40ff7bd32a57d6edd9449a14b44714544f5bf125bc.png\" alt=\"\"\/><img decoding=\"async\" class=\"image image-show\" src=\"https:\/\/www.europesays.com\/fi\/wp-content\/uploads\/2025\/12\/1766743930_559_587b5ddb1c0d1dd3d742dd40ff7bd32a57d6edd9449a14b44714544f5bf125bc.png\" alt=\"\"\/><\/p>\n<p>Tylor Chase n\u00e4htiin maanantaina kadulla repaleiseen takkiin pukeutuneena, k\u00e4det haavoilla ja rakkuloiden peitossa. AOP<\/p>\n<p class=\"paragraph\"><a href=\"https:\/\/www.iltalehti.fi\/viihdeuutiset\/686a1e1b-2952-451c-ae5b-a7900e446f71\" rel=\"nofollow noopener\" target=\"_blank\">Iltalehti kertoi eilen<\/a>, ett\u00e4 36-vuotiaan yhdysvaltalaisen entisen lapsin\u00e4yttelij\u00e4n <a href=\"https:\/\/www.iltalehti.fi\/henkilot\/Tylor Chase\" class=\"article-link-person-page\" rel=\"nofollow noopener\" target=\"_blank\">Tylor Chasen<\/a> el\u00e4m\u00e4 on ajautunut pahasti sivuraiteille. Entinen lapsit\u00e4hti kamppailee vakavan huumeriippuvuuden kanssa ja el\u00e4\u00e4 nykyisin kodittomana Riversidessa, Kaliforniassa.<\/p>\n<p class=\"paragraph\"><a href=\"https:\/\/www.dailymail.co.uk\/tvshowbiz\/article-15413481\/tylor-chase-nickelodeon-hotel-room-homeless.html\" target=\"_blank\" rel=\"noopener nofollow\">Daily Mailin<\/a> mukaan Chasen entinen Ned\u2019s Declassified School Survival Guide -sarjan kollega <a href=\"https:\/\/www.iltalehti.fi\/henkilot\/Daniel Curtis Lee\" class=\"article-link-person-page\" rel=\"nofollow noopener\" target=\"_blank\">Daniel Curtis Lee<\/a> on jo pidemm\u00e4n aikaa yritt\u00e4nyt auttaa yst\u00e4v\u00e4\u00e4ns\u00e4 parhaansa mukaan.<\/p>\n<p class=\"paragraph\">Uuden tiedon mukaan ex-lapsit\u00e4hti on nyt viety sairaalaan hoidettavaksi, kertoo <a href=\"https:\/\/www.dailymail.co.uk\/tvshowbiz\/article-15409625\/tylor-chase-medical-homeless-nickelodeon.html\" target=\"_blank\" rel=\"noopener nofollow\">Daily Mail<\/a>. Lehden mukaan Chase saa Etel\u00e4-Kalifornian sairaalassa kaipaamaansa l\u00e4\u00e4ketieteellist\u00e4 hoitoa.<\/p>\n<p class=\"paragraph\">Los Angelesilainen somevaikuttaja <strong>Jacob Harris<\/strong> kertoi lehdelle joulup\u00e4iv\u00e4n\u00e4, ett\u00e4 h\u00e4n oli saanut kadulla el\u00e4neen ex-lapsit\u00e4hden sairaalaan.<\/p>\n<p class=\"paragraph\">\u2013 Sain vihdoin yhteyden kriisikeskukseen, joka suostui tekem\u00e4\u00e4n saman p\u00e4iv\u00e4n aikana arvioinnin. He totesivat, ett\u00e4 h\u00e4n tarvitsi v\u00e4lit\u00f6nt\u00e4 apua, ja veiv\u00e4t h\u00e4net paikalliseen sairaalaan 72 tunnin hoitoon, Harris kertoi lehdelle.<\/p>\n<p class=\"paragraph\">\u2013 H\u00e4n on nyt hyviss\u00e4 k\u00e4siss\u00e4, ja tulevaisuus n\u00e4ytt\u00e4\u00e4 valoisalta. H\u00e4n vain tarvitsi jonkun, joka oikeasti tekisi jotain auttaakseen, h\u00e4n lis\u00e4si lehdelle.<\/p>\n<p>Lee on yritt\u00e4nyt auttaa yst\u00e4v\u00e4\u00e4ns\u00e4 parhaansa mukaan. AOP<\/p>\n<p class=\"paragraph\">Jouluviikolla Lee j\u00e4rjesti yst\u00e4v\u00e4lleen hotellihuoneen, mutta vain muutama tunti sen j\u00e4lkeen, kun Lee oli j\u00e4tt\u00e4nyt h\u00e4net huoneeseen, hotellin johto soitti kertoakseen, ett\u00e4 <a href=\"https:\/\/www.iltalehti.fi\/viihdeuutiset\/01c5d616-c2f8-4cf0-8732-a678747768fb\" rel=\"nofollow noopener\" target=\"_blank\">huoneen tavaroita oli tuhottu<\/a>.<\/p>\n<p class=\"paragraph\">H\u00e4n oli jo tuolloin yritt\u00e4nyt yhdess\u00e4 n\u00e4yttelij\u00e4 <a href=\"https:\/\/www.iltalehti.fi\/henkilot\/Shaun Weiss\" class=\"article-link-person-page\" rel=\"nofollow noopener\" target=\"_blank\">Shaun Weissin<\/a> kanssa j\u00e4rjest\u00e4\u00e4 Chaselle apua. Weiss oli muun muassa hankkinut Chaselle paikan vieroitushoidosta.<\/p>\n<p class=\"paragraph\">Weissin mukaan Chase vaikutti aluksi hyvin vastaanottavaiselta hoidolle ja vieroitukseen l\u00e4htemiselle, mutta muuttui my\u00f6hemmin vastahakoiseksi avun suhteen.<\/p>\n<p class=\"paragraph\"><a href=\"https:\/\/www.dailymail.co.uk\/news\/article-15410309\/tylor-chase-father-Nickelodeon-homeless-addiction-schizophrenia.html\" target=\"_blank\" rel=\"noopener nofollow\">Daily Mailin<\/a> mukaan Chasella on p\u00e4ihde- ja kodittomuusongelmien lis\u00e4ksi my\u00f6s mielenterveyshaasteita. H\u00e4nelle on diagnosoitu kaksisuuntainen mielialah\u00e4iri\u00f6 ja skitsofrenia.<\/p>\n","protected":false},"excerpt":{"rendered":"Ex-lapsit\u00e4hti Tylor Chase on p\u00e4\u00e4ssyt tarvitsemaansa sairaalahoitoon. Tylor Chase n\u00e4htiin maanantaina kadulla repaleiseen takkiin pukeutuneena, k\u00e4det haavoilla ja&hellip;\n","protected":false},"author":2,"featured_media":126194,"comment_status":"","ping_status":"","sticky":false,"template":"","format":"standard","meta":{"footnotes":""},"categories":[14],"tags":[35,22,23,155,26,27,33,31,30,17,24,25,28,29,718,154,15,18,21,98,2461,32,19,20,140,156,56,16,59,60,61],"class_list":{"0":"post-126193","1":"post","2":"type-post","3":"status-publish","4":"format-standard","5":"has-post-thumbnail","7":"category-ulkomaat","8":"tag-24h","9":"tag-breaking-news","10":"tag-breakingnews","11":"tag-elokuvat","12":"tag-featured-news","13":"tag-featurednews","14":"tag-fi","15":"tag-finland","16":"tag-finnish","17":"tag-headlines","18":"tag-latest-news","19":"tag-latestnews","20":"tag-main-news","21":"tag-mainnews","22":"tag-nayttamotaide","23":"tag-nayttelijat-teatteri","24":"tag-news","25":"tag-otsikot","26":"tag-paauutiset","27":"tag-perhe","28":"tag-sairaalat-ja-terveyskeskukset","29":"tag-suomi","30":"tag-top-stories","31":"tag-topstories","32":"tag-tv-ja-elokuvat","33":"tag-tv","34":"tag-ulkomaat","35":"tag-uutiset","36":"tag-world","37":"tag-world-news","38":"tag-worldnews"},"share_on_mastodon":{"url":"https:\/\/pubeurope.com\/@fi\/115785338161718493","error":""},"_links":{"self":[{"href":"https:\/\/www.europesays.com\/fi\/wp-json\/wp\/v2\/posts\/126193","targetHints":{"allow":["GET"]}}],"collection":[{"href":"https:\/\/www.europesays.com\/fi\/wp-json\/wp\/v2\/posts"}],"about":[{"href":"https:\/\/www.europesays.com\/fi\/wp-json\/wp\/v2\/types\/post"}],"author":[{"embeddable":true,"href":"https:\/\/www.europesays.com\/fi\/wp-json\/wp\/v2\/users\/2"}],"replies":[{"embeddable":true,"href":"https:\/\/www.europesays.com\/fi\/wp-json\/wp\/v2\/comments?post=126193"}],"version-history":[{"count":0,"href":"https:\/\/www.europesays.com\/fi\/wp-json\/wp\/v2\/posts\/126193\/revisions"}],"wp:featuredmedia":[{"embeddable":true,"href":"https:\/\/www.europesays.com\/fi\/wp-json\/wp\/v2\/media\/126194"}],"wp:attachment":[{"href":"https:\/\/www.europesays.com\/fi\/wp-json\/wp\/v2\/media?parent=126193"}],"wp:term":[{"taxonomy":"category","embeddable":true,"href":"https:\/\/www.europesays.com\/fi\/wp-json\/wp\/v2\/categories?post=126193"},{"taxonomy":"post_tag","embeddable":true,"href":"https:\/\/www.europesays.com\/fi\/wp-json\/wp\/v2\/tags?post=126193"}],"curies":[{"name":"wp","href":"https:\/\/api.w.org\/{rel}","templated":true}]}}