{"id":126203,"date":"2025-12-26T10:34:10","date_gmt":"2025-12-26T10:34:10","guid":{"rendered":"https:\/\/www.europesays.com\/fi\/126203\/"},"modified":"2025-12-26T10:34:10","modified_gmt":"2025-12-26T10:34:10","slug":"absoluuttinen-nollapiste-julkaisi-uuden-kappaleen","status":"publish","type":"post","link":"https:\/\/www.europesays.com\/fi\/126203\/","title":{"rendered":"Absoluuttinen Nollapiste julkaisi uuden kappaleen"},"content":{"rendered":"<p>Kuten otsikko sanoo: <strong>Absoluuttinen Nollapist<\/strong>e on julkaissut uuden kappaleen! <\/p>\n<p>Pitk\u00e4\u00e4n tauolla ollut b\u00e4ndi teki vallan mainioita paluukeikkoja t\u00e4n\u00e4 vuonna, joten uudelta levylt\u00e4 on odotettavissa j\u00e4lleen ns. sit\u00e4 hyv\u00e4\u00e4 paskaa.<\/p>\n<p>Edellisen kerran b\u00e4ndilt\u00e4 saatiin musiikkia vuonna 2014, kun b\u00e4ndi julkaisi Pisara ja lammas -tupla-albumin j\u00e4kimm\u00e4isen puoliskon. Edelt\u00e4v\u00e4 osa levyst\u00e4 ilmestyi vuonna 2012. B\u00e4ndilt\u00e4 ilmestyy uusi albumi Magneettipohjoinen ensi vuonna.<\/p>\n<p>B\u00e4ndi on kypsytellyt t\u00e4t\u00e4 levy\u00e4 rauhassa: b\u00e4ndin laulaja Tommi Liimatta <a href=\"https:\/\/www.rumba.fi\/uutiset\/tamapa-iloinen-yllatys-absoluuttiselta-nollapisteelta-tulossa-uusi-levy\/\" rel=\"nofollow noopener\" target=\"_blank\">kertoi <\/a>jo vuonna 2020, ett\u00e4 b\u00e4ndi \u00e4\u00e4nittelee uusia kappaleita. <\/p>\n<p>Lue my\u00f6s: <a href=\"https:\/\/www.rumba.fi\/uutiset\/absoluuttinen-nollapiste-jehu-tommi-liimatta-julkaisee-jalleen-uuden-teoksen\/\" title=\"Absoluuttinen Nollapiste -jehu Tommi Liimatta julkaisee j\u00e4lleen uuden teoksen\" class=\"underline-custom !font-montserrat !font-bold !underline-offset-4 !decoration-4 !decoration-tilt-light !text-md\" rel=\"nofollow noopener\" target=\"_blank\">Absoluuttinen Nollapiste -jehu Tommi Liimatta julkaisee j\u00e4lleen uuden teoksen<\/a><\/p>\n<p>Kuuntele uusi kappale alta. <\/p>\n<p><img loading=\"lazy\" decoding=\"async\" alt=\"YouTube video\" width=\"480\" height=\"360\" data-pin-nopin=\"true\" nopin=\"nopin\" class=\"perfmatters-lazy\" src=\"https:\/\/www.europesays.com\/fi\/wp-content\/uploads\/2025\/12\/1766745250_262_hqdefault.jpg\"\/><\/p>\n<p>Lue my\u00f6s: <a href=\"https:\/\/www.rumba.fi\/uutiskirje\/\" title=\"Tilaa Rumban uutiskirje\" class=\"underline-custom !font-montserrat !font-bold !underline-offset-4 !decoration-4 !decoration-red-600 !text-md\" rel=\"nofollow noopener\" target=\"_blank\">Tilaa Rumban uutiskirje ja tied\u00e4t mist\u00e4 kahvitauolla puhutaan! Nappaa ajankohtaiset musiikin uutiset ja puheenaiheet suoraan s\u00e4hk\u00f6postiin t\u00e4st\u00e4.<\/a><\/p>\n","protected":false},"excerpt":{"rendered":"Kuten otsikko sanoo: Absoluuttinen Nollapiste on julkaissut uuden kappaleen! Pitk\u00e4\u00e4n tauolla ollut b\u00e4ndi teki vallan mainioita paluukeikkoja t\u00e4n\u00e4&hellip;\n","protected":false},"author":2,"featured_media":126204,"comment_status":"","ping_status":"","sticky":false,"template":"","format":"standard","meta":{"footnotes":""},"categories":[130],"tags":[137,33,31,30,32,109],"class_list":{"0":"post-126203","1":"post","2":"type-post","3":"status-publish","4":"format-standard","5":"has-post-thumbnail","7":"category-viihde","8":"tag-entertainment","9":"tag-fi","10":"tag-finland","11":"tag-finnish","12":"tag-suomi","13":"tag-viihde"},"share_on_mastodon":{"url":"https:\/\/pubeurope.com\/@fi\/115785424734250062","error":""},"_links":{"self":[{"href":"https:\/\/www.europesays.com\/fi\/wp-json\/wp\/v2\/posts\/126203","targetHints":{"allow":["GET"]}}],"collection":[{"href":"https:\/\/www.europesays.com\/fi\/wp-json\/wp\/v2\/posts"}],"about":[{"href":"https:\/\/www.europesays.com\/fi\/wp-json\/wp\/v2\/types\/post"}],"author":[{"embeddable":true,"href":"https:\/\/www.europesays.com\/fi\/wp-json\/wp\/v2\/users\/2"}],"replies":[{"embeddable":true,"href":"https:\/\/www.europesays.com\/fi\/wp-json\/wp\/v2\/comments?post=126203"}],"version-history":[{"count":0,"href":"https:\/\/www.europesays.com\/fi\/wp-json\/wp\/v2\/posts\/126203\/revisions"}],"wp:featuredmedia":[{"embeddable":true,"href":"https:\/\/www.europesays.com\/fi\/wp-json\/wp\/v2\/media\/126204"}],"wp:attachment":[{"href":"https:\/\/www.europesays.com\/fi\/wp-json\/wp\/v2\/media?parent=126203"}],"wp:term":[{"taxonomy":"category","embeddable":true,"href":"https:\/\/www.europesays.com\/fi\/wp-json\/wp\/v2\/categories?post=126203"},{"taxonomy":"post_tag","embeddable":true,"href":"https:\/\/www.europesays.com\/fi\/wp-json\/wp\/v2\/tags?post=126203"}],"curies":[{"name":"wp","href":"https:\/\/api.w.org\/{rel}","templated":true}]}}