{"id":126211,"date":"2025-12-26T10:40:10","date_gmt":"2025-12-26T10:40:10","guid":{"rendered":"https:\/\/www.europesays.com\/fi\/126211\/"},"modified":"2025-12-26T10:40:10","modified_gmt":"2025-12-26T10:40:10","slug":"useita-ihmisia-puukotettu-tehtaassa-japanissa","status":"publish","type":"post","link":"https:\/\/www.europesays.com\/fi\/126211\/","title":{"rendered":"Useita ihmisi\u00e4 puukotettu tehtaassa Japanissa"},"content":{"rendered":"<p>Japani|Viranomaisten mukaan puukotusten yhteydess\u00e4 olisi my\u00f6s suihkutettu jonkinlaista tuntematonta nestett\u00e4. Ainakin 14 ihmist\u00e4 loukkaantui.<\/p>\n<p class=\"article-body mb-nof-24 px-nof-16\">Useita ihmisi\u00e4 on loukkaantunut tehtaassa tapahtuneessa puukotuksessa Japanissa perjantaina iltap\u00e4iv\u00e4ll\u00e4 paikallista aikaa, kertoo uutistoimisto AFP.<\/p>\n<p class=\"article-body mb-nof-24 px-nof-16\">Puukotus tapahtui Mishiman kaupungissa Japanin keskiosissa.<\/p>\n<p class=\"article-body mb-nof-24 px-nof-16\">Viranomaisten mukaan puukotusten yhteydess\u00e4 olisi my\u00f6s suihkutettu jonkinlaista tuntematonta nestett\u00e4.<\/p>\n<p class=\"article-body mb-nof-24 px-nof-16\">Ainakin 14 ihmist\u00e4 loukkaantui tilanteessa, AFP kertoo.<\/p>\n<p class=\"article-body mb-nof-24 px-nof-16\">Viranomaiset saivat paikalliselta kumitehtaalta iltap\u00e4iv\u00e4ll\u00e4 ilmoituksen, jonka mukaan \u201dviitt\u00e4 tai kuutta ihmist\u00e4 oli puukotettu\u201d ja ett\u00e4 paikalla oli k\u00e4ytetty my\u00f6s \u201dsumutetta muistuttavaa nestett\u00e4\u201d, AFP kertoo.<\/p>\n<p class=\"article-body mb-nof-24 px-nof-16\">Japanin yleisradioyhti\u00f6 <a class=\"underline underline-offset-[0.12em] [text-decoration-thickness:var(--generic-link-underline-thickness)] [text-decoration-color:var(--generic-link-underline-color)] [text-decoration-skip-ink:var(--generic-link-underline-skip-ink)] break-words\" href=\"https:\/\/news.web.nhk\/newsweb\/na\/na-k10015015021000\" rel=\"nofollow noopener\" target=\"_blank\">NHK:n<\/a> mukaan poliisi on ottanut kiinni yhden puukotuksista ep\u00e4illyn henkil\u00f6n.<\/p>\n","protected":false},"excerpt":{"rendered":"Japani|Viranomaisten mukaan puukotusten yhteydess\u00e4 olisi my\u00f6s suihkutettu jonkinlaista tuntematonta nestett\u00e4. Ainakin 14 ihmist\u00e4 loukkaantui. Useita ihmisi\u00e4 on loukkaantunut&hellip;\n","protected":false},"author":2,"featured_media":96697,"comment_status":"","ping_status":"","sticky":false,"template":"","format":"standard","meta":{"footnotes":""},"categories":[5],"tags":[22,23,26,27,33,31,30,17,46,24,25,28,29,15,18,21,32,19,20,16],"class_list":{"0":"post-126211","1":"post","2":"type-post","3":"status-publish","4":"format-standard","5":"has-post-thumbnail","7":"category-otsikot","8":"tag-breaking-news","9":"tag-breakingnews","10":"tag-featured-news","11":"tag-featurednews","12":"tag-fi","13":"tag-finland","14":"tag-finnish","15":"tag-headlines","16":"tag-helsingin-sanomat","17":"tag-latest-news","18":"tag-latestnews","19":"tag-main-news","20":"tag-mainnews","21":"tag-news","22":"tag-otsikot","23":"tag-paauutiset","24":"tag-suomi","25":"tag-top-stories","26":"tag-topstories","27":"tag-uutiset"},"share_on_mastodon":{"url":"https:\/\/pubeurope.com\/@fi\/115785447713196321","error":""},"_links":{"self":[{"href":"https:\/\/www.europesays.com\/fi\/wp-json\/wp\/v2\/posts\/126211","targetHints":{"allow":["GET"]}}],"collection":[{"href":"https:\/\/www.europesays.com\/fi\/wp-json\/wp\/v2\/posts"}],"about":[{"href":"https:\/\/www.europesays.com\/fi\/wp-json\/wp\/v2\/types\/post"}],"author":[{"embeddable":true,"href":"https:\/\/www.europesays.com\/fi\/wp-json\/wp\/v2\/users\/2"}],"replies":[{"embeddable":true,"href":"https:\/\/www.europesays.com\/fi\/wp-json\/wp\/v2\/comments?post=126211"}],"version-history":[{"count":0,"href":"https:\/\/www.europesays.com\/fi\/wp-json\/wp\/v2\/posts\/126211\/revisions"}],"wp:featuredmedia":[{"embeddable":true,"href":"https:\/\/www.europesays.com\/fi\/wp-json\/wp\/v2\/media\/96697"}],"wp:attachment":[{"href":"https:\/\/www.europesays.com\/fi\/wp-json\/wp\/v2\/media?parent=126211"}],"wp:term":[{"taxonomy":"category","embeddable":true,"href":"https:\/\/www.europesays.com\/fi\/wp-json\/wp\/v2\/categories?post=126211"},{"taxonomy":"post_tag","embeddable":true,"href":"https:\/\/www.europesays.com\/fi\/wp-json\/wp\/v2\/tags?post=126211"}],"curies":[{"name":"wp","href":"https:\/\/api.w.org\/{rel}","templated":true}]}}