{"id":126212,"date":"2025-12-26T10:52:10","date_gmt":"2025-12-26T10:52:10","guid":{"rendered":"https:\/\/www.europesays.com\/fi\/126212\/"},"modified":"2025-12-26T10:52:10","modified_gmt":"2025-12-26T10:52:10","slug":"sophie-rain-unohti-pukeutua-pakkaseen-somessa-ihmetellaan-mita-tapahtui-stara-fi","status":"publish","type":"post","link":"https:\/\/www.europesays.com\/fi\/126212\/","title":{"rendered":"Sophie Rain unohti pukeutua pakkaseen \u2013 somessa ihmetell\u00e4\u00e4n mit\u00e4 tapahtui \u2013 Stara.fi"},"content":{"rendered":"<p>Sosiaalisessa mediassa maksua vastaan itse\u00e4\u00e4n esittelev\u00e4 <a href=\"https:\/\/www.stara.fi\/asiasanat\/Sophie-Rain\" title=\"Lue lis\u00e4\u00e4 aiheesta Sophie Rain\" class=\"nimilinkki nimilinkki-sophie-rain\" rel=\"nofollow noopener\" target=\"_blank\"><strong>Sophie Rain<\/strong><\/a> aiheutti jouluna monenlaisia tuntemuksia muun muassa julkaistessaan kuvan hieman nuoremmasta itsest\u00e4\u00e4n. Sen yhteydess\u00e4 Sophie totesi, ettei kuvan tytt\u00f6 viel\u00e4 tuolloin tiennyt p\u00e4\u00e4sev\u00e4ns\u00e4 ruokakuponkien avulla selviytymisest\u00e4 tilanteeseen, jossa h\u00e4n maksaisi vanhempiensa velat pois.<\/p>\n<p>MAINOS ALKAAMAINOS LOPPUU<\/p>\n<p>L\u00e4hes sadan miljoonan dollarin omaisuuden tienannut Rain ansaitsee nykyisin keskim\u00e4\u00e4in 3-5 miljoonaa dollaria joka kuukausi. H\u00e4nell\u00e4 on siis mahdollisuus lomailla miss\u00e4 haluaa koska haluaa. Nyt h\u00e4n on viett\u00e4nyt jouluaan tyylikk\u00e4\u00e4sti lent\u00e4m\u00e4ll\u00e4 laskettelukeskukseen yksityisjetill\u00e4. Perill\u00e4 oli luonnollisesti valkoinen joulu, eli lunta maassa.<\/p>\n<p>Rentous tyylin edell\u00e4<\/p>\n<p>Pikkupakkasesta huolimatta Sophie Rain j\u00e4tti pukeutumatta asianmukaisesti, jotta sai ikuistettua haluamansa kuvat. Sen j\u00e4lkeen h\u00e4nelle l\u00f6ytyi varmasti l\u00e4mmint\u00e4 ylleen. Tarkkasilm\u00e4iset huomasivat \u00f6kyreissun asuvalinnoista er\u00e4\u00e4n erikoisen yksityiskohdan, sill\u00e4 Rain matkusti Crocksit jalassaan. Matkustusmukavuus menee siis kalliin tyylin edelle. <strong><a href=\"https:\/\/www.instagram.com\/p\/DSs3nZ1Diry\/\" rel=\"nofollow noopener\" target=\"_blank\">Katso alkuper\u00e4inen julkaisu t\u00e4st\u00e4<\/a><\/strong>.<\/p>\n<p>MAINOS ALKAAMAINOS LOPPUU<\/p>\n<p>Nykyisin jo noin 200 000 miest\u00e4 on maksanut Sophie Rainin julkaisemista maksullisista materiaaleista, ja taannoin h\u00e4n kertoi \u00e4itins\u00e4 suositelleen h\u00e4nelle ennen omaa uraansa avioitumista miljon\u00e4\u00e4rin kanssa. Nyt h\u00e4n on itse upporikas miljon\u00e4\u00e4ri. Tytt\u00e4rens\u00e4 velattomaksi maksama \u00e4iti on varmasti tyytyv\u00e4inen tilanteeseen, vaikka ei tytt\u00e4ren urasta ehk\u00e4 t\u00e4ysill\u00e4 innostukaan.<\/p>\n<p>Taannoin Sophie Rain totesi somet\u00e4hti David Dobrikille pelk\u00e4\u00e4v\u00e4ns\u00e4, ett\u00e4 kaikki t\u00e4m\u00e4 voi kadota yhdess\u00e4 y\u00f6ss\u00e4. Jos n\u00e4in joskus k\u00e4y, on h\u00e4nell\u00e4 todenn\u00e4k\u00f6isesti viel\u00e4 v\u00e4hint\u00e4\u00e4n kymmeni\u00e4 miljoonia dollareita sukanvarressa pahan p\u00e4iv\u00e4n varalle. Taloudellisia ongelmia tuskin on tulossa, jos h\u00e4nell\u00e4 on tiimiss\u00e4\u00e4n mukana talouden asiantuntijoita.<\/p>\n<p>MAINOS ALKAAMAINOS LOPPUU<\/p>\n<p>\n\t\t\t\tVoit halutessasi lukea Starassa my\u00f6s lis\u00e4\u00e4 juuri t\u00e4h\u00e4n artikkeliin liittyvist\u00e4 teemoista ja aiheista, kuten <a href=\"https:\/\/www.stara.fi\/asiasanat\/sophie-rain\/\" rel=\"tag nofollow noopener\" target=\"_blank\">Sophie Rain<\/a> tai laajemmin t\u00e4st\u00e4 aihealueesta <a href=\"https:\/\/www.stara.fi\/category\/viihdeuutiset\/\" rel=\"category tag nofollow noopener\" target=\"_blank\">Viihdeuutiset<\/a> -osioistamme.\n\t\t\t<\/p>\n<p>\t\t\t\t\t<script async src=\"\/\/www.instagram.com\/embed.js\"><\/script><\/p>\n","protected":false},"excerpt":{"rendered":"Sosiaalisessa mediassa maksua vastaan itse\u00e4\u00e4n esittelev\u00e4 Sophie Rain aiheutti jouluna monenlaisia tuntemuksia muun muassa julkaistessaan kuvan hieman nuoremmasta&hellip;\n","protected":false},"author":2,"featured_media":22127,"comment_status":"","ping_status":"","sticky":false,"template":"","format":"standard","meta":{"footnotes":""},"categories":[136],"tags":[407,137,33,31,30,408,32,109],"class_list":{"0":"post-126212","1":"post","2":"type-post","3":"status-publish","4":"format-standard","5":"has-post-thumbnail","7":"category-julkkikset","8":"tag-celebrities","9":"tag-entertainment","10":"tag-fi","11":"tag-finland","12":"tag-finnish","13":"tag-julkkikset","14":"tag-suomi","15":"tag-viihde"},"share_on_mastodon":{"url":"https:\/\/pubeurope.com\/@fi\/115785494876757367","error":""},"_links":{"self":[{"href":"https:\/\/www.europesays.com\/fi\/wp-json\/wp\/v2\/posts\/126212","targetHints":{"allow":["GET"]}}],"collection":[{"href":"https:\/\/www.europesays.com\/fi\/wp-json\/wp\/v2\/posts"}],"about":[{"href":"https:\/\/www.europesays.com\/fi\/wp-json\/wp\/v2\/types\/post"}],"author":[{"embeddable":true,"href":"https:\/\/www.europesays.com\/fi\/wp-json\/wp\/v2\/users\/2"}],"replies":[{"embeddable":true,"href":"https:\/\/www.europesays.com\/fi\/wp-json\/wp\/v2\/comments?post=126212"}],"version-history":[{"count":0,"href":"https:\/\/www.europesays.com\/fi\/wp-json\/wp\/v2\/posts\/126212\/revisions"}],"wp:featuredmedia":[{"embeddable":true,"href":"https:\/\/www.europesays.com\/fi\/wp-json\/wp\/v2\/media\/22127"}],"wp:attachment":[{"href":"https:\/\/www.europesays.com\/fi\/wp-json\/wp\/v2\/media?parent=126212"}],"wp:term":[{"taxonomy":"category","embeddable":true,"href":"https:\/\/www.europesays.com\/fi\/wp-json\/wp\/v2\/categories?post=126212"},{"taxonomy":"post_tag","embeddable":true,"href":"https:\/\/www.europesays.com\/fi\/wp-json\/wp\/v2\/tags?post=126212"}],"curies":[{"name":"wp","href":"https:\/\/api.w.org\/{rel}","templated":true}]}}