{"id":126217,"date":"2025-12-26T11:00:07","date_gmt":"2025-12-26T11:00:07","guid":{"rendered":"https:\/\/www.europesays.com\/fi\/126217\/"},"modified":"2025-12-26T11:00:07","modified_gmt":"2025-12-26T11:00:07","slug":"steve-harris-muisteli-iron-maidenin-alkuaikoja-ja-progeveteraanilta-oppimaansa-tarkeaa-laksya","status":"publish","type":"post","link":"https:\/\/www.europesays.com\/fi\/126217\/","title":{"rendered":"Steve Harris muisteli Iron Maidenin alkuaikoja ja progeveteraanilta oppimaansa t\u00e4rke\u00e4\u00e4 l\u00e4ksy\u00e4"},"content":{"rendered":"<p>Basisti, s\u00e4velt\u00e4j\u00e4 ja sanoittaja <strong>Steve Harris<\/strong> perusti <strong>Iron Maidenin<\/strong> vuonna 1975 ja ensimm\u00e4inen pitk\u00e4soitto n\u00e4ki p\u00e4iv\u00e4nvalon 1980. Nyt 50 vuotta my\u00f6hemmin diskografiaan kuuluu jo seitsem\u00e4ntoista studioalbumia. Kokoonpanot ovat vuosien varrella muuttuneet ja musiikkikin on vaihdellut suoraviivaisesta heavy metal -laukasta eeppisempiin ja progressiivisempiin teoksiin, mutta kaksi asiaa on pysynyt vakiona. Toinen n\u00e4ist\u00e4 on yhtyeen logo.<\/p>\n<p>\u201dOpin yhden suurimman l\u00e4ksyni suosikkib\u00e4ndilt\u00e4ni <strong>Genesikselt\u00e4 <\/strong>\u2013 siis silt\u00e4 varhaiselta, <strong>Peter Gabrielin<\/strong> aikaiselta\u201d, Harris kertoo <a href=\"https:\/\/www.loudersound.com\/bands-artists\/steve-harris-interview-iron-maiden-early-years\" target=\"_blank\" rel=\"noreferrer noopener nofollow\">Louderin tuoreessa haastattelussa<\/a>.<\/p>\n<p>\u201dMinulla oli farkkutakki, jonka sel\u00e4ss\u00e4 oli Genesiksen logo Foxtrot-levylt\u00e4 (1972). Kun he sitten julkaisivat Selling England By the Poundin (1973) ja logo oli t\u00e4ysin muuttunut, olin kauhuissani. Se oli ihan tyls\u00e4. Niin hyv\u00e4 levy kuin Selling England onkin, se logo oli kamala. \u2019Mit\u00e4 ihmett\u00e4 he oikein touhuavat?\u2019 ajattelin ja sanoin itselleni: \u2019En koskaan anna tapahtua noin. Teen itselleni fantastisen logon.&#8217;\u201d<\/p>\n<p>\u201dJa sellainen meill\u00e4 on yh\u00e4 t\u00e4n\u00e4kin p\u00e4iv\u00e4n\u00e4. Totta kai meille on vuosien saatossa my\u00f6s naurettu, koska joka levyn kannessa on se sama logo. Mutta tied\u00e4tk\u00f6 mit\u00e4? Se luo hyvin voimakkaan punaisen langan.\u201d<\/p>\n<p>Lue my\u00f6s: <a href=\"https:\/\/www.inferno.fi\/uutiset\/pysahtyminen-pelottaa-elakkeelle-jaaminen-ei-ole-iron-maiden-pomon-mielessa\/\" title=\"\u201dPys\u00e4htyminen pelottaa\u201d \u2013 el\u00e4kkeelle j\u00e4\u00e4minen ei ole Iron Maiden -pomon mieless\u00e4\" class=\"underline-custom !font-montserrat !font-bold !underline-offset-4 !decoration-4 !decoration-red-600 !text-md\" rel=\"nofollow noopener\" target=\"_blank\">\u201dPys\u00e4htyminen pelottaa\u201d \u2013 el\u00e4kkeelle j\u00e4\u00e4minen ei ole Iron Maiden -pomon mieless\u00e4<\/a><\/p>\n<p>Logon lis\u00e4ksi jokaisessa kannessa on ikoninen <strong>Eddie<\/strong>-maskotti, joka on l\u00e4sn\u00e4 kaikkialla muuallakin keikoista musiikkivideoiden kautta oheistuotteisiin. <strong>Derek Riggsin<\/strong> luomasta hahmosta tuli kuitenkin b\u00e4ndin ymp\u00e4ri maailman tunnettu keulakuva vahingossa.<\/p>\n<p>\u201dEddie ei ollut mik\u00e4\u00e4n ennalta mietitty asia. Tarvitsimme hienon kansitaiteen ja se vain kehittyi ja on osoittautunut hienoksi asiaksi\u201d, Harris tuumaa.<\/p>\n<p>\u201dEddie edustaa Maideni\u00e4 eik\u00e4 meid\u00e4n tarvitse olla kansissa. Todella monet ihmiset varsinkin Amerikassa ovat kertoneet minulle ostaneensa ainakin yhden levyist\u00e4mme selailtuaan levykaupan vinyyliosastoa ja n\u00e4hty\u00e4\u00e4n jonkun levymme kannen \u2013 ilman ett\u00e4 olivat edes kuulleet levy\u00e4. Eli Eddie on tehnyt teht\u00e4v\u00e4ns\u00e4.\u201d<\/p>\n<p>Lue my\u00f6s: <a href=\"https:\/\/www.inferno.fi\/uutiset\/steve-harris-muisteli-edesmennytta-iron-maiden-solisti-paul-diannoa-han-ei-koskaan-uskonut-pystyvansa-nousemaan-seuraavalle-tasolle\/\" title=\"Steve Harris muisteli edesmennytt\u00e4 Iron Maiden -solisti Paul Di\u2019Annoa: \u201dH\u00e4n ei koskaan uskonut pystyv\u00e4ns\u00e4 nousemaan seuraavalle tasolle\u201d\" class=\"underline-custom !font-montserrat !font-bold !underline-offset-4 !decoration-4 !decoration-red-600 !text-md\" rel=\"nofollow noopener\" target=\"_blank\">Steve Harris muisteli edesmennytt\u00e4 Iron Maiden -solisti Paul Di\u2019Annoa: \u201dH\u00e4n ei koskaan uskonut pystyv\u00e4ns\u00e4 nousemaan seuraavalle tasolle\u201d<\/a><\/p>\n<p>Lue my\u00f6s: <a href=\"https:\/\/www.inferno.fi\/uutiskirje\/\" title=\"Tilaa Infernon uutiskirje\" class=\"underline-custom !font-montserrat !font-bold !underline-offset-4 !decoration-4 !decoration-red-600 !text-md\" rel=\"nofollow noopener\" target=\"_blank\">Tilaa Infernon uutiskirje ja tied\u00e4t mist\u00e4 kahvitauolla puhutaan! Nappaa raskaan musiikin uutiset ja puheenaiheet suoraan s\u00e4hk\u00f6postiin t\u00e4st\u00e4.<\/a><\/p>\n","protected":false},"excerpt":{"rendered":"Basisti, s\u00e4velt\u00e4j\u00e4 ja sanoittaja Steve Harris perusti Iron Maidenin vuonna 1975 ja ensimm\u00e4inen pitk\u00e4soitto n\u00e4ki p\u00e4iv\u00e4nvalon 1980. Nyt&hellip;\n","protected":false},"author":2,"featured_media":126218,"comment_status":"","ping_status":"","sticky":false,"template":"","format":"standard","meta":{"footnotes":""},"categories":[130],"tags":[137,33,31,30,32,109],"class_list":{"0":"post-126217","1":"post","2":"type-post","3":"status-publish","4":"format-standard","5":"has-post-thumbnail","7":"category-viihde","8":"tag-entertainment","9":"tag-fi","10":"tag-finland","11":"tag-finnish","12":"tag-suomi","13":"tag-viihde"},"share_on_mastodon":{"url":"https:\/\/pubeurope.com\/@fi\/115785526367428414","error":""},"_links":{"self":[{"href":"https:\/\/www.europesays.com\/fi\/wp-json\/wp\/v2\/posts\/126217","targetHints":{"allow":["GET"]}}],"collection":[{"href":"https:\/\/www.europesays.com\/fi\/wp-json\/wp\/v2\/posts"}],"about":[{"href":"https:\/\/www.europesays.com\/fi\/wp-json\/wp\/v2\/types\/post"}],"author":[{"embeddable":true,"href":"https:\/\/www.europesays.com\/fi\/wp-json\/wp\/v2\/users\/2"}],"replies":[{"embeddable":true,"href":"https:\/\/www.europesays.com\/fi\/wp-json\/wp\/v2\/comments?post=126217"}],"version-history":[{"count":0,"href":"https:\/\/www.europesays.com\/fi\/wp-json\/wp\/v2\/posts\/126217\/revisions"}],"wp:featuredmedia":[{"embeddable":true,"href":"https:\/\/www.europesays.com\/fi\/wp-json\/wp\/v2\/media\/126218"}],"wp:attachment":[{"href":"https:\/\/www.europesays.com\/fi\/wp-json\/wp\/v2\/media?parent=126217"}],"wp:term":[{"taxonomy":"category","embeddable":true,"href":"https:\/\/www.europesays.com\/fi\/wp-json\/wp\/v2\/categories?post=126217"},{"taxonomy":"post_tag","embeddable":true,"href":"https:\/\/www.europesays.com\/fi\/wp-json\/wp\/v2\/tags?post=126217"}],"curies":[{"name":"wp","href":"https:\/\/api.w.org\/{rel}","templated":true}]}}