{"id":126223,"date":"2025-12-26T11:05:09","date_gmt":"2025-12-26T11:05:09","guid":{"rendered":"https:\/\/www.europesays.com\/fi\/126223\/"},"modified":"2025-12-26T11:05:09","modified_gmt":"2025-12-26T11:05:09","slug":"naisten-oikeudet-suomen-historia-juhlapyhat-tallaisia-kysymyksia-kansalaisuuskokeeseen-voisi-tulla","status":"publish","type":"post","link":"https:\/\/www.europesays.com\/fi\/126223\/","title":{"rendered":"Naisten oikeudet, Suomen historia, juhlapyh\u00e4t \u2013 T\u00e4llaisia kysymyksi\u00e4 kansalaisuuskokeeseen voisi tulla"},"content":{"rendered":"<p>Maahanmuutto|Kansalaisuuskoe on osa p\u00e4\u00e4ministeri Petteri Orpon (kok) hallitusohjelmaa, jonka mukaan Suomen kansalaisuuden saaminen edellytt\u00e4\u00e4 onnistunutta kotoutumista.<\/p>\n<p>Lue tiivistelm\u00e4<\/p>\n<p class=\"article-body mb-nof-24 px-nof-16 sndp-summary-bullet-point-font\">Sis\u00e4ministeri\u00f6 on laatinut luonnoksen kansalaisuuskokeesta, jossa suomalaisuutta haluavilta kysytt\u00e4isiin perus- ja ihmisoikeuksista, yhteiskuntatiedosta ja Suomen historiasta.<\/p>\n<p class=\"article-body mb-nof-24 px-nof-16 sndp-summary-bullet-point-font\">Kokeessa varmistettaisiin, ett\u00e4 hakija tiet\u00e4\u00e4 tasa-arvosta, naisten oikeuksista ja siit\u00e4, ettei ket\u00e4\u00e4n saa syrji\u00e4 esimerkiksi uskonnon tai sukupuolen perusteella.<\/p>\n<p class=\"article-body mb-nof-24 px-nof-16 sndp-summary-bullet-point-font\">Kysymykset voisivat koskea my\u00f6s suomalaisia juhlapyhi\u00e4, merkitt\u00e4vi\u00e4 henkil\u00f6it\u00e4, asevelvollisuutta ja kyky\u00e4 toimia digitalisoituvassa yhteiskunnassa.<\/p>\n<p class=\"article-body mb-nof-24 px-nof-16 sndp-summary-bullet-point-font\">Kansalaisuuskoe on osa p\u00e4\u00e4ministeri Petteri Orpon hallitusohjelmaa, ja vaihtoehtona kokeen l\u00e4p\u00e4isemiselle voisivat olla tietyt Suomessa suoritetut opinnot.<\/p>\n<p class=\"article-body mb-nof-24 px-nof-16\">Sis\u00e4ministeri\u00f6n laatimasta kansalaisuuslain muutosehdotuksesta paljastuu, mink\u00e4laista tiet\u00e4myst\u00e4 suomalaiseksi haluavilta saatetaan jatkossa edellytt\u00e4\u00e4. Lakiesityksen luonnos l\u00e4hti lausuntokierrokselle <a class=\"underline underline-offset-[0.12em] [text-decoration-thickness:var(--generic-link-underline-thickness)] [text-decoration-color:var(--generic-link-underline-color)] [text-decoration-skip-ink:var(--generic-link-underline-skip-ink)] break-words\" href=\"https:\/\/www.hs.fi\/politiikka\/art-2000011709690.html\" rel=\"nofollow noopener\" target=\"_blank\">maanantaina<\/a>.<\/p>\n<p class=\"article-body mb-nof-24 px-nof-16\">Esitysluonnoksen keskeisin muutos on lakiin kaavailtu kansalaisuuskoe. Siihen tulevia aihepiirej\u00e4 ja kysymysaihioita on ollut luonnostelemassa sis\u00e4ministeri\u00f6n johtama ty\u00f6ryhm\u00e4.<\/p>\n<p class=\"article-body mb-nof-24 px-nof-16\">Ty\u00f6ryhm\u00e4n mukaan kysymyksill\u00e4 on tarkoitus mitata t\u00e4ysi-ik\u00e4isen kansalaisuutta hakevan tiet\u00e4myst\u00e4 yhteiskunnasta, laeista ja s\u00e4\u00e4nt\u00f6jen noudattamisesta sek\u00e4 arvoista.<\/p>\n<p class=\"article-body mb-nof-24 px-nof-16\">N\u00e4it\u00e4 aihealueita ty\u00f6ryhm\u00e4 piti keskeisen\u00e4:<\/p>\n<p>Perus- ja ihmisoikeudet<\/p>\n<p class=\"article-body mb-nof-24 px-nof-16\">Hakijan pit\u00e4isi tiet\u00e4\u00e4 tasa-arvosta ja naisten oikeuksista niin perheess\u00e4, ty\u00f6el\u00e4m\u00e4ss\u00e4 kuin julkisella paikallakin. Kokeessa varmistettaisiin, ett\u00e4 hakija tiet\u00e4\u00e4, ettei ket\u00e4\u00e4n saa syrji\u00e4 esimerkiksi uskonnon tai sukupuolen perusteella.<\/p>\n<p class=\"article-body mb-nof-24 px-nof-16\">Yhteiskunta suojelee v\u00e4hemmist\u00f6j\u00e4 ja heikommassa asemassa olevia, kuten lapsia, lakiesityksess\u00e4 todetaan.<\/p>\n<p>Yhteiskuntatietous<\/p>\n<p class=\"article-body mb-nof-24 px-nof-16\">Kysymykset saattaisivat koskea poliittista j\u00e4rjestelm\u00e4\u00e4, kansalaisten oikeuksia ja velvollisuuksia, lains\u00e4\u00e4d\u00e4nt\u00f6\u00e4 sek\u00e4 t\u00e4rkeimpien viranomaisten rooleja.<\/p>\n<p>Historia ja maantiede<\/p>\n<p class=\"article-body mb-nof-24 px-nof-16\">Ty\u00f6ryhm\u00e4n mukaan hakijan tulisi tiet\u00e4\u00e4 yleisell\u00e4 tasolla t\u00e4rkeimpi\u00e4 seikkoja Suomen historiasta ja maantieteest\u00e4. Kysymykset voisivat liitty\u00e4 esimerkiksi sotiin ja merkitt\u00e4viin tapahtumiin sek\u00e4 henkil\u00f6ihin.<\/p>\n<p class=\"article-body mb-nof-24 px-nof-16\">Aihealueen tuntemalla hakija ymm\u00e4rt\u00e4isi, miten suomalainen yhteiskunta on kehittynyt nykyisen kaltaiseksi, ty\u00f6ryhm\u00e4 linjaa.<\/p>\n<p>Arkiel\u00e4m\u00e4tieto<\/p>\n<p class=\"article-body mb-nof-24 px-nof-16\">Hakijalla tulisi olla perustiedot asumisesta, terveydenhuollosta, ty\u00f6el\u00e4m\u00e4st\u00e4, verotuksesta ja koulutuksesta. Hakijan tulisi my\u00f6s osata toimia sairaustapauksessa ja h\u00e4t\u00e4tilanteessa.<\/p>\n<p class=\"article-body mb-nof-24 px-nof-16\">T\u00e4h\u00e4n teemaan voisi ty\u00f6ryhm\u00e4n mukaan sis\u00e4llytt\u00e4\u00e4 kysymyksi\u00e4 my\u00f6s liikennekulttuurista.<\/p>\n<p>Tavat ja arvot<\/p>\n<p class=\"article-body mb-nof-24 px-nof-16\">Suomalaisten tapojen ja perinteiden tunteminen on kotoutumisen yksi osa-alue, luonnoksessa todetaan. T\u00e4st\u00e4 teemasta voisi kysy\u00e4 esimerkiksi juhlapyhist\u00e4 ja niihin liittyvist\u00e4 tavoista ja tapakulttuurista.<\/p>\n<p class=\"article-body mb-nof-24 px-nof-16\">N\u00e4iden tapojen tunteminen vahvistaisi hakijan yhteenkuuluvuuden tunnetta suomalaiseen yhteiskuntaan. Ty\u00f6ryhm\u00e4 n\u00e4ki keskeisten perustuslaista ilmenevien suomalaisen yhteiskunnan arvojen tuntemisen ja omaksumisen t\u00e4rke\u00e4n\u00e4 vaatimuksena.<\/p>\n<p>Turvallisuus<\/p>\n<p class=\"article-body mb-nof-24 px-nof-16\">Ty\u00f6ryhm\u00e4n mukaan kyseess\u00e4 on t\u00e4rke\u00e4, mutta varsin laaja aihealue. T\u00e4ss\u00e4 tapauksessa kysymykset voisivat liitty\u00e4 esimerkiksi oikeusj\u00e4rjestelm\u00e4n toimintaan, maanpuolustukseen ja tietoisuuteen poliisin toiminnasta.<\/p>\n<p class=\"article-body mb-nof-24 px-nof-16\">T\u00e4rke\u00e4n\u00e4 pidettiin my\u00f6s sit\u00e4, ett\u00e4 kansalaisuutta hakevalla on hyv\u00e4t perustiedot asevelvollisuusj\u00e4rjestelm\u00e4st\u00e4.<\/p>\n<p class=\"article-body mb-nof-24 px-nof-16\">N\u00e4iden teemojen lis\u00e4ksi ty\u00f6ryhm\u00e4 nosti esiin digitaidot ja pohti, pit\u00e4isik\u00f6 yhdeksi aiheeksi tulla hakijan kyky toimia digitalisoituvassa yhteiskunnassa.<\/p>\n<p class=\"article-body mb-nof-24 px-nof-16\">Ty\u00f6ryhm\u00e4 piti t\u00e4rke\u00e4n\u00e4, ett\u00e4 hakijat tuntisivat syv\u00e4llisemmin viranomaisten prosessit ja saisivat tietoa my\u00f6s siit\u00e4, miten Suomessa puututaan vakaviin ongelmiin kuten esimerkiksi ty\u00f6per\u00e4iseen hyv\u00e4ksik\u00e4ytt\u00f6\u00f6n ja pakkoavioliittoihin.<\/p>\n<p class=\"article-body mb-nof-24 px-nof-16\">Luonnoksessa todetaan, ett\u00e4 vaatimus yhteiskuntatiedon osoittamisesta toimii osaltaan keinona varmistaa, ett\u00e4 kansalaisuutta hakevat ovat perehtyneit\u00e4 ja sitoutuneita yhteiskuntaan ja sen perusarvoihin, lakeihin ja toimintatapoihin.<\/p>\n<p class=\"article-body mb-nof-24 px-nof-16\">Kansalaisuuskoe on osa p\u00e4\u00e4ministeri <a class=\"article-personlink\" href=\"https:\/\/www.hs.fi\/haku\/?query=Petteri%20Orpon\" rel=\"nofollow noopener\" target=\"_blank\">Petteri Orpon<\/a> (kok) hallitusohjelmaa, jonka mukaan Suomen kansalaisuuden saaminen edellytt\u00e4\u00e4 onnistunutta kotoutumista.<\/p>\n<p class=\"article-body mb-nof-24 px-nof-16\">Vaihtoehtona kansalaisuuskokeen l\u00e4p\u00e4isemiselle voisivat olla my\u00f6s tietyt Suomessa suoritetut opinnot.<\/p>\n","protected":false},"excerpt":{"rendered":"Maahanmuutto|Kansalaisuuskoe on osa p\u00e4\u00e4ministeri Petteri Orpon (kok) hallitusohjelmaa, jonka mukaan Suomen kansalaisuuden saaminen edellytt\u00e4\u00e4 onnistunutta kotoutumista. Lue tiivistelm\u00e4&hellip;\n","protected":false},"author":2,"featured_media":96697,"comment_status":"","ping_status":"","sticky":false,"template":"","format":"standard","meta":{"footnotes":""},"categories":[12],"tags":[22,23,26,27,33,31,30,17,46,24,25,28,29,15,18,21,32,19,20,16],"class_list":{"0":"post-126223","1":"post","2":"type-post","3":"status-publish","4":"format-standard","5":"has-post-thumbnail","7":"category-suomi","8":"tag-breaking-news","9":"tag-breakingnews","10":"tag-featured-news","11":"tag-featurednews","12":"tag-fi","13":"tag-finland","14":"tag-finnish","15":"tag-headlines","16":"tag-helsingin-sanomat","17":"tag-latest-news","18":"tag-latestnews","19":"tag-main-news","20":"tag-mainnews","21":"tag-news","22":"tag-otsikot","23":"tag-paauutiset","24":"tag-suomi","25":"tag-top-stories","26":"tag-topstories","27":"tag-uutiset"},"share_on_mastodon":{"url":"https:\/\/pubeurope.com\/@fi\/115785546300719751","error":""},"_links":{"self":[{"href":"https:\/\/www.europesays.com\/fi\/wp-json\/wp\/v2\/posts\/126223","targetHints":{"allow":["GET"]}}],"collection":[{"href":"https:\/\/www.europesays.com\/fi\/wp-json\/wp\/v2\/posts"}],"about":[{"href":"https:\/\/www.europesays.com\/fi\/wp-json\/wp\/v2\/types\/post"}],"author":[{"embeddable":true,"href":"https:\/\/www.europesays.com\/fi\/wp-json\/wp\/v2\/users\/2"}],"replies":[{"embeddable":true,"href":"https:\/\/www.europesays.com\/fi\/wp-json\/wp\/v2\/comments?post=126223"}],"version-history":[{"count":0,"href":"https:\/\/www.europesays.com\/fi\/wp-json\/wp\/v2\/posts\/126223\/revisions"}],"wp:featuredmedia":[{"embeddable":true,"href":"https:\/\/www.europesays.com\/fi\/wp-json\/wp\/v2\/media\/96697"}],"wp:attachment":[{"href":"https:\/\/www.europesays.com\/fi\/wp-json\/wp\/v2\/media?parent=126223"}],"wp:term":[{"taxonomy":"category","embeddable":true,"href":"https:\/\/www.europesays.com\/fi\/wp-json\/wp\/v2\/categories?post=126223"},{"taxonomy":"post_tag","embeddable":true,"href":"https:\/\/www.europesays.com\/fi\/wp-json\/wp\/v2\/tags?post=126223"}],"curies":[{"name":"wp","href":"https:\/\/api.w.org\/{rel}","templated":true}]}}