{"id":126226,"date":"2025-12-26T11:18:08","date_gmt":"2025-12-26T11:18:08","guid":{"rendered":"https:\/\/www.europesays.com\/fi\/126226\/"},"modified":"2025-12-26T11:18:08","modified_gmt":"2025-12-26T11:18:08","slug":"kohussa-ryvennyt-andrew-ja-sarah-ferguson-suunnittelevat-jaahyvaisjuhlia-nama-julkkikset-olisivat-todennakoisesti-vieraslistalla","status":"publish","type":"post","link":"https:\/\/www.europesays.com\/fi\/126226\/","title":{"rendered":"Kohussa ryvennyt Andrew ja Sarah Ferguson suunnittelevat j\u00e4\u00e4hyv\u00e4isjuhlia \u2013 N\u00e4m\u00e4 julkkikset olisivat todenn\u00e4k\u00f6isesti vieraslistalla"},"content":{"rendered":"<p>Andrew ja Sarah Ferguson aikovat j\u00e4rjest\u00e4\u00e4 Royal Lodgessa viel\u00e4 viimeiset juhlat.<\/p>\n<p class=\"paragraph\"><a href=\"https:\/\/www.iltalehti.fi\/henkilot\/Andrew Mountbatten-Windsor\" class=\"article-link-person-page\" rel=\"nofollow noopener\" target=\"_blank\">Andrew Mountbatten-Windsor<\/a> eli entinen prinssi Andrew on py\u00f6rinyt Epstein-kohussa jo pitk\u00e4\u00e4n.<\/p>\n<p class=\"paragraph\">Kohun my\u00f6t\u00e4 tittelins\u00e4 menett\u00e4nyt entinen prinssi ja h\u00e4nen ex-vaimonsa <a href=\"https:\/\/www.iltalehti.fi\/henkilot\/Sarah Ferguson\" class=\"article-link-person-page\" rel=\"nofollow noopener\" target=\"_blank\">Sarah Ferguson<\/a> joutuvat my\u00f6s luopumaan nykyisest\u00e4 asunnostaan Royal Lodgessa.<\/p>\n<p class=\"paragraph\">Pian he muuttavatkin jo asumaan kuningasperheen yksityisille tiluksille Sandringhamiin, joka ei ole virallinen kuninkaallinen residenssi.<\/p>\n<p class=\"paragraph\"><a href=\"https:\/\/www.dailymail.co.uk\/news\/article-15408611\/Fergie-Andrew-farewell-party-Royal-Lodge.html\" target=\"_blank\" rel=\"noopener nofollow\">Daily Mailin<\/a> mukaan kaksikko haluaa viel\u00e4 hy\u00f6dynt \u00e4\u00e4 viimeisen joulunsa kartanossa ennen kuin heid\u00e4t karkotetaan sielt\u00e4.<\/p>\n<p class=\"paragraph\">Kuninkaallishistorioitsija ja kirjailija <strong>Andrew Lownie<\/strong> arvioi, ett\u00e4 vaikka kaksikko on menett\u00e4nyt arvovaltansa, he aikovat silti viett\u00e4\u00e4 viimeisen joulunsa Royal Lodgessa j\u00e4rjest\u00e4m\u00e4ll\u00e4 yhden viimeisen juhlan.<\/p>\n<p class=\"paragraph\">Ja n\u00e4iden juhlien vieraslista on t\u00e4ynn\u00e4 \u201dyst\u00e4vi\u00e4, jotka ovat olleet heid\u00e4n rinnallaan pitk\u00e4\u00e4n ja pysyneet tukena\u201d, Lownie kertoi viime viikolla.<\/p>\n<p class=\"paragraph\">\u2013 Joulujuhlissa on tarkoitus kokoontua heid\u00e4n viimeisten yst\u00e4viens\u00e4 kanssa. En ole varma, ovatko he nimenneet sit\u00e4 \u201dj\u00e4\u00e4hyv\u00e4isjuhlaksi\u201d, mutta se vaikuttaa hyvin viimeiselt\u00e4 hurraa-huudolta, l\u00e4hde totesi Daily Mailille.<\/p>\n<p class=\"paragraph\">N\u00e4m\u00e4 julkisuudesta tutut henkil\u00f6t kuuluivat tiiviisti heid\u00e4n sis\u00e4piiriins\u00e4 ennen skandaaleja, joten he saattavat olla vieraslistalla.<\/p>\n<p>Lady Victoria Hervey<\/p>\n<p class=\"paragraph\">Andrew\u2019n pitk\u00e4aikainen yst\u00e4v\u00e4 ja entinen tytt\u00f6yst\u00e4v\u00e4 <a href=\"https:\/\/www.iltalehti.fi\/henkilot\/Lady Isabella Hervey\" class=\"article-link-person-page\" rel=\"nofollow noopener\" target=\"_blank\">Lady Victoria Hervey<\/a> on ollut yksi h\u00e4nen suurimmista julkisista tukijoistaan vuosien varrella.<\/p>\n<p class=\"paragraph\">Hervey on s\u00e4\u00e4nn\u00f6llisesti puolustanut vanhaa yst\u00e4v\u00e4\u00e4ns\u00e4 Andrew\u2019ta t\u00e4m\u00e4n kohdatessa kritiikki\u00e4 yst\u00e4vyydest\u00e4\u00e4n pedofiili Epsteinin kanssa.<\/p>\n<p class=\"paragraph\">H\u00e4n on my\u00f6s ajoittain kritisoinut voimakkaasti seksikaupan uhria <a href=\"https:\/\/www.iltalehti.fi\/henkilot\/Virginia Giuffre\" class=\"article-link-person-page\" rel=\"nofollow noopener\" target=\"_blank\">Virginia Giuffreaa<\/a>, joka haastoi Andrew\u2019n oikeuteen seksuaalisesta hyv\u00e4ksik\u00e4yt\u00f6st\u00e4 vuonna 2021.<\/p>\n<p class=\"paragraph\">Herveylla ja entisell\u00e4 prinssill\u00e4 oli lyhyt romanssi vuonna 1996, Andrew\u2019n avioeron j\u00e4lkeen.<\/p>\n<p>Hervey ja Andrew ovat tunteneet toisensa pitk\u00e4\u00e4n. AOP<\/p>\n<p>Charles Butter<\/p>\n<p class=\"paragraph\">Andrew\u2019n ja <strong>Charles Butterin<\/strong> yst\u00e4vyys juontaa juurensa lapsuusvuosiin. He ovat olleet yst\u00e4vi\u00e4 esikoulusta l\u00e4htien.<\/p>\n<p class=\"paragraph\">Butterin tiedet\u00e4\u00e4n seuranneen Epstein\u2019in tytt\u00f6yst\u00e4v\u00e4\u00e4 ja tuomittua seksikauppias <a href=\"https:\/\/www.iltalehti.fi\/henkilot\/Ghislaine Maxwell\" class=\"article-link-person-page\" rel=\"nofollow noopener\" target=\"_blank\">Ghislaine Maxwelli\u00e4<\/a> Lontoon erilaisiin seurapiiritapahtumiin.<\/p>\n<p class=\"paragraph\">Ei tiedet\u00e4, kuinka l\u00e4heisi\u00e4 Andrew ja Butter ovat olleet viime vuosina, mutta h\u00e4n on varmasti yksi entisen kuninkaallisen vanhimmista yst\u00e4vist\u00e4.<\/p>\n<p>Naomi Campbell<\/p>\n<p class=\"paragraph\">Sarah Fergusonin ja supermalli <a href=\"https:\/\/www.iltalehti.fi\/henkilot\/Naomi Campbell\" class=\"article-link-person-page\" rel=\"nofollow noopener\" target=\"_blank\">Naomi Campbell<\/a> ovat olleet l\u00e4heisi\u00e4 yst\u00e4vi\u00e4 l\u00e4hes 20 vuotta. He ovat muun muassa lomailleet yhdess\u00e4 Sardiniassa elokuussa 2010.<\/p>\n<p class=\"paragraph\">Fesguson tuki hyvin avoimesti supermallin vuonna 2015 j\u00e4rjestetty\u00e4 Fashion for Relief-hyv\u00e4ntekev\u00e4isyyskampanjaa Ebola-taistelun hyv\u00e4ksi.<\/p>\n<p class=\"paragraph\">Tapahtumassa Ferguson k\u00e4veli catwalkilla Naomin, <strong>Dame Vivienne Westwoodin<\/strong>, <strong>Pixie Lottin<\/strong>, <a href=\"https:\/\/www.iltalehti.fi\/henkilot\/Alesha Dixon\" class=\"article-link-person-page\" rel=\"nofollow noopener\" target=\"_blank\">Alesha Dixonin<\/a> ja <strong>Nicole Robertsin<\/strong> kanssa.<\/p>\n<p class=\"paragraph\">Heid\u00e4t on usein kuvattu sy\u00f6m\u00e4ss\u00e4 ja juhlimassa yhdess\u00e4, ja ex-herttuattaren kautta Campbell tutustui prinsessa <a href=\"https:\/\/www.iltalehti.fi\/henkilot\/Beatrice\" class=\"article-link-person-page\" rel=\"nofollow noopener\" target=\"_blank\">Beatriceen<\/a> ja <a href=\"https:\/\/www.iltalehti.fi\/henkilot\/Eugenie\" class=\"article-link-person-page\" rel=\"nofollow noopener\" target=\"_blank\">Eugenieen<\/a>.<\/p>\n<p class=\"paragraph\">Campbell osallistui ex-herttuaparin tytt\u00e4ren Eugenien h\u00e4ihin lokakuussa 2018.<\/p>\n<p>Ferguson ja Campbell vuonna 2015. AOP<\/p>\n<p>Kate Moss<\/p>\n<p class=\"paragraph\">Sarah Fergusonin ja supermalli <a href=\"https:\/\/www.iltalehti.fi\/henkilot\/Kate Moss\" class=\"article-link-person-page\" rel=\"nofollow noopener\" target=\"_blank\">Kate Mossin<\/a> uskotaan tutustuneen Campbellin kautta. Hekin ovat olleet pitk\u00e4\u00e4n yst\u00e4vi\u00e4.<\/p>\n<p class=\"paragraph\">Heid\u00e4t on n\u00e4hty lomailemassa yhdess\u00e4 kahdesti; ensimm\u00e4isen kerran Venetsiassa vuonna 2013 ja uudelleen Kreikassa vuonna 2016.<\/p>\n<p class=\"paragraph\">He ovat viett\u00e4neet paljon aikaa yhdess\u00e4 my\u00f6s yhdess\u00e4 ulkona. Ferguson osallistui Mossin China Tang -ravintolassa j\u00e4rjestettyihin 43-vuotissyntym\u00e4p\u00e4iv\u00e4juhliin Mayfairissa vuonna 2017.<\/p>\n<p class=\"paragraph\">Moss osallistui Campbellin tavoin ex-herttuaparin tytt\u00e4ren prinsessa Eugenien h\u00e4ihin vuonna 2018.<\/p>\n<p class=\"paragraph\">Pariskunta on kuvattu useissa hyv\u00e4ntekev\u00e4isyystapahtumissa vuosien varrella, mukaan lukien Marie Curie Cancer Care -tapahtumassa vuonna 2012.<\/p>\n<p class=\"paragraph\">Ei tiedet\u00e4, haluaako kumpikaan supermalleista s\u00e4ilytt\u00e4\u00e4 s\u00e4ilytt\u00e4\u00e4 yst\u00e4vyytt\u00e4\u00e4n Fergusonin kanssa viimeaikaisten tapahtumien j\u00e4lkeen.<\/p>\n<p>Campbellin lis\u00e4ksi Ferguson on ollut hyvi\u00e4 yst\u00e4vi\u00e4 Mossin kanssa. AOP<\/p>\n<p>Demi Moore<\/p>\n<p class=\"paragraph\"><a href=\"https:\/\/people.com\/royals\/princess-eugenie-royal-wedding-demi-moore-attends\/\" target=\"_blank\" rel=\"noopener nofollow\">People<\/a>-lehden mukaan n\u00e4yttelij\u00e4 <a href=\"https:\/\/www.iltalehti.fi\/henkilot\/Demi Moore\" class=\"article-link-person-page\" rel=\"nofollow noopener\" target=\"_blank\">Demi Moore<\/a> ja Ferguson ovat olleet pitk\u00e4\u00e4n yst\u00e4vi\u00e4.<\/p>\n<p class=\"paragraph\">Hollywood-n\u00e4yttelij\u00e4 oli my\u00f6s yksi vieraista prinsessa Eugenien h\u00e4iss\u00e4 vuonna 2018.<\/p>\n<p class=\"paragraph\">Kerrotaan, ett\u00e4 h\u00e4n yst\u00e4vystyi Fergusonin kanssa sen j\u00e4lkeen, kun entinen kuninkaallinen kiinnostui Kabbalasta, jota Demi itsekin harjoittaa.<\/p>\n<p class=\"paragraph\">Heid\u00e4t esiteltiin toisilleen <a href=\"https:\/\/www.iltalehti.fi\/henkilot\/Sharon Osbourne\" class=\"article-link-person-page\" rel=\"nofollow noopener\" target=\"_blank\">Sharon Osbournen<\/a> toimesta vuonna 2004, jolloin molemmat naiset ja heid\u00e4n lapsensa p\u00e4\u00e4siv\u00e4t seuraamaan X Factoria.<\/p>\n<p class=\"paragraph\">Demi on my\u00f6s aiemmin osallistunut prinsessa Beatricen syntym\u00e4p\u00e4iv\u00e4juhlaan.<\/p>\n<p class=\"paragraph\">On kuitenkin ep\u00e4todenn\u00e4k\u00f6ist\u00e4, ett\u00e4 h\u00e4n olisi niin l\u00e4heinen Fergusonin kanssa, ett\u00e4 h\u00e4n osallistuisi entisen herttuattaren juhliin\u201d Epstein-skandaalien j\u00e4lkeen.<\/p>\n<p>N\u00e4yttelij\u00e4 Demi Moore ja Sarah Ferguson ovat my\u00f6s olleet yst\u00e4vi\u00e4 kesken\u00e4\u00e4n. AOP<\/p>\n<p>Ellie Goulding<\/p>\n<p class=\"paragraph\">Ellie Gouldingin ja Fergusonin yst\u00e4vyys ulottuu useiden vuosien taakse, kun entinen herttuatar osallistui Gouldingin elokuun 2019 h\u00e4ihin York Minsteriss\u00e4.<\/p>\n<p class=\"paragraph\">Laulaja yst\u00e4vystyi entisen herttuattaren kanssa, prinsessa Eugenien kautta, joka on l\u00e4heinen yst\u00e4v\u00e4 Gouldingin kanssa.<\/p>\n<p class=\"paragraph\">Eugenie ja Goulding n\u00e4htiin usein Chiltern Firehouse -ravintolassa Lontoon Marylebonessa, ja Ferguson sek\u00e4 prinsessa Beatrice liittyiv\u00e4t usein heid\u00e4n seuraansa.<\/p>\n<p class=\"paragraph\">My\u00f6s Goulding osallistui Eugenien h\u00e4ihin. H\u00e4n ja Ferguson jakavat kiinnostuksen hyv\u00e4ntekev\u00e4isyyteen, ja he osallistuivat yhdess\u00e4 viimeksi Ruotsissa syksyll\u00e4 2024 j\u00e4rjestettyyn ymp\u00e4rist\u00f6aiheiseen hyv\u00e4ntekev\u00e4isyysgaalaan.<\/p>\n<p class=\"paragraph\">Vaikka ei ole tiedossa, haluaako Goulding yh\u00e4 pit\u00e4\u00e4 yhteytt\u00e4 entiseen herttuattareen, he ovat ainakin joskus olleet hyvin l\u00e4heisi\u00e4 yst\u00e4vi\u00e4.<\/p>\n<p>Goulding ja Ferguson osallistuivat viime vuoden syyskuussa hyv\u00e4ntekev\u00e4isyystapahtumaan Ruotsissa. AOP<\/p>\n","protected":false},"excerpt":{"rendered":"Andrew ja Sarah Ferguson aikovat j\u00e4rjest\u00e4\u00e4 Royal Lodgessa viel\u00e4 viimeiset juhlat. Andrew Mountbatten-Windsor eli entinen prinssi Andrew on&hellip;\n","protected":false},"author":2,"featured_media":126227,"comment_status":"","ping_status":"","sticky":false,"template":"","format":"standard","meta":{"footnotes":""},"categories":[136],"tags":[35,654,407,137,33,31,30,408,653,652,98,32,109],"class_list":{"0":"post-126226","1":"post","2":"type-post","3":"status-publish","4":"format-standard","5":"has-post-thumbnail","7":"category-julkkikset","8":"tag-24h","9":"tag-britannian-kuningashuone","10":"tag-celebrities","11":"tag-entertainment","12":"tag-fi","13":"tag-finland","14":"tag-finnish","15":"tag-julkkikset","16":"tag-julkkisperheet","17":"tag-kuninkaalliset","18":"tag-perhe","19":"tag-suomi","20":"tag-viihde"},"share_on_mastodon":{"url":"https:\/\/pubeurope.com\/@fi\/115785597156083528","error":""},"_links":{"self":[{"href":"https:\/\/www.europesays.com\/fi\/wp-json\/wp\/v2\/posts\/126226","targetHints":{"allow":["GET"]}}],"collection":[{"href":"https:\/\/www.europesays.com\/fi\/wp-json\/wp\/v2\/posts"}],"about":[{"href":"https:\/\/www.europesays.com\/fi\/wp-json\/wp\/v2\/types\/post"}],"author":[{"embeddable":true,"href":"https:\/\/www.europesays.com\/fi\/wp-json\/wp\/v2\/users\/2"}],"replies":[{"embeddable":true,"href":"https:\/\/www.europesays.com\/fi\/wp-json\/wp\/v2\/comments?post=126226"}],"version-history":[{"count":0,"href":"https:\/\/www.europesays.com\/fi\/wp-json\/wp\/v2\/posts\/126226\/revisions"}],"wp:featuredmedia":[{"embeddable":true,"href":"https:\/\/www.europesays.com\/fi\/wp-json\/wp\/v2\/media\/126227"}],"wp:attachment":[{"href":"https:\/\/www.europesays.com\/fi\/wp-json\/wp\/v2\/media?parent=126226"}],"wp:term":[{"taxonomy":"category","embeddable":true,"href":"https:\/\/www.europesays.com\/fi\/wp-json\/wp\/v2\/categories?post=126226"},{"taxonomy":"post_tag","embeddable":true,"href":"https:\/\/www.europesays.com\/fi\/wp-json\/wp\/v2\/tags?post=126226"}],"curies":[{"name":"wp","href":"https:\/\/api.w.org\/{rel}","templated":true}]}}