{"id":126234,"date":"2025-12-26T11:27:12","date_gmt":"2025-12-26T11:27:12","guid":{"rendered":"https:\/\/www.europesays.com\/fi\/126234\/"},"modified":"2025-12-26T11:27:12","modified_gmt":"2025-12-26T11:27:12","slug":"cnn-ukrainan-sota-lisaa-susiongelmaa-suomen-poronhoitoalueilla-yle","status":"publish","type":"post","link":"https:\/\/www.europesays.com\/fi\/126234\/","title":{"rendered":"CNN: Ukrainan sota lis\u00e4\u00e4 susiongelmaa Suomen poronhoitoalueilla &#8211; Yle"},"content":{"rendered":"<ol>\n<li><a href=\"https:\/\/news.google.com\/rss\/articles\/CBMiVkFVX3lxTE9JYVRUZGwzSUxzQWVzaGR3RTVrTVlpWEtPVXVMcDNMMTRQeXpoMXdMS2RTWHRwNENYVjdyNXM4UDBuZnFtUHljVFFUX2N5NWxvV1lxR3l3?oc=5\" target=\"_blank\" rel=\"nofollow noopener\">CNN: Ukrainan sota lis\u00e4\u00e4 susiongelmaa Suomen poronhoitoalueilla<\/a>&nbsp;&nbsp;Yle<\/li>\n<li><a href=\"https:\/\/news.google.com\/rss\/articles\/CBMiXkFVX3lxTFBFbWd6RG1QVVhiX01CazhlbTRQMktqOWxJOVNuZGoxbFNoSkoxejJqYXcyOWtpekVpcjhjcWZOb2NZYXpuUWtMcUptQnU5Mm5OUzZVd1AyV2ZDNnlzWmc?oc=5\" target=\"_blank\" rel=\"nofollow noopener\">CNN: Ven\u00e4l\u00e4issudet ahmivat Suomi-poroja \u2013 Ven\u00e4j\u00e4ll\u00e4 kuppi t\u00e4ysin nurin<\/a>&nbsp;&nbsp;Ilta-Sanomat<\/li>\n<li><a href=\"https:\/\/news.google.com\/rss\/articles\/CBMiQkFVX3lxTFAwd1RHaUdMbEdTT2JTdVBUVGRJMmNyVzdIZ2xtbWRoZGhBVkY0NlhvU2RMQmlwamVkbmFhSVhJOF9rQQ?oc=5\" target=\"_blank\" rel=\"nofollow noopener\">CNN uutisoi Suomen poronhoitajien h\u00e4d\u00e4st\u00e4: Sudet lis\u00e4\u00e4ntyv\u00e4t, syyn\u00e4 Ven\u00e4j\u00e4n ja Ukrainan sota<\/a>&nbsp;&nbsp;Yle<\/li>\n<li><a href=\"https:\/\/news.google.com\/rss\/articles\/CBMiqgFBVV95cUxQcmwtNlpwZG94czNfWDN3X2VZVkwyTHR6ZjdsZ09aVE1VSWhicE5VWUlMMlNGYVpueDMwOG9ZcUhjdlNreUtTM0xDZTg0WHhfSjRuVHc4cFdqd1lpa2hlS3BmZTZUUXdSVWJkT3VVT3BZQ1dFcU02dF9EdHFfWkJ0bUdKMklhV0c2ODNMb3RReFpCUld2cWlKU0VuWGNXSUNsa1RPV0NuVTVRUQ?oc=5\" target=\"_blank\" rel=\"nofollow noopener\">Ven\u00e4j\u00e4ll\u00e4 kritisoidaan susien mets\u00e4styst\u00e4 \u2013 \u201dsuomalaisnationalistien fobioita\u201d<\/a>&nbsp;&nbsp;Verkkouutiset<\/li>\n<li><a href=\"https:\/\/news.google.com\/rss\/articles\/CBMikwFBVV95cUxNMFJvQWNvSENoUmNrMk5vWko2YmlMRHMwSHFzbVlqMVpNb2hOcVF3anV2cFQ5QUdDOXlEbnQzVTRZX2NjUzFhRU9tZGcxbEpreF9aR1BsSm9lY0pPSW80UFlzcEtoZ1JoLVNXZjJ6RG1Hc1FtSG13ZTRIaEE0bXI3ODFPVkQzdjROc3Z4dkdlM09HREk?oc=5\" target=\"_blank\" rel=\"nofollow noopener\">Kuusamolainen Juha Kujala kertoo CNN:ll\u00e4 petovahingoista ja l\u00e4hett\u00e4\u00e4 terveiset Trumpille \u2013 &#8221;Tehk\u00e4\u00e4 enemm\u00e4n kuin mit\u00e4 olette tehnyt&#8221;<\/a>&nbsp;&nbsp;Koillissanomat<\/li>\n<\/ol>\n","protected":false},"excerpt":{"rendered":"CNN: Ukrainan sota lis\u00e4\u00e4 susiongelmaa Suomen poronhoitoalueilla&nbsp;&nbsp;Yle CNN: Ven\u00e4l\u00e4issudet ahmivat Suomi-poroja \u2013 Ven\u00e4j\u00e4ll\u00e4 kuppi t\u00e4ysin nurin&nbsp;&nbsp;Ilta-Sanomat CNN uutisoi&hellip;\n","protected":false},"author":2,"featured_media":124176,"comment_status":"","ping_status":"","sticky":false,"template":"","format":"standard","meta":{"footnotes":""},"categories":[112],"tags":[404,33,31,30,71,72,728,3620,118,32,119,1303,547],"class_list":{"0":"post-126234","1":"post","2":"type-post","3":"status-publish","4":"format-standard","5":"has-post-thumbnail","7":"category-tiede","8":"tag-elaimet","9":"tag-fi","10":"tag-finland","11":"tag-finnish","12":"tag-kotimaa","13":"tag-luonto","14":"tag-pohjois-pohjanmaa","15":"tag-poronhoito","16":"tag-science","17":"tag-suomi","18":"tag-tiede","19":"tag-ukraina","20":"tag-venaja"},"share_on_mastodon":{"url":"https:\/\/pubeurope.com\/@fi\/115785632544162378","error":""},"_links":{"self":[{"href":"https:\/\/www.europesays.com\/fi\/wp-json\/wp\/v2\/posts\/126234","targetHints":{"allow":["GET"]}}],"collection":[{"href":"https:\/\/www.europesays.com\/fi\/wp-json\/wp\/v2\/posts"}],"about":[{"href":"https:\/\/www.europesays.com\/fi\/wp-json\/wp\/v2\/types\/post"}],"author":[{"embeddable":true,"href":"https:\/\/www.europesays.com\/fi\/wp-json\/wp\/v2\/users\/2"}],"replies":[{"embeddable":true,"href":"https:\/\/www.europesays.com\/fi\/wp-json\/wp\/v2\/comments?post=126234"}],"version-history":[{"count":0,"href":"https:\/\/www.europesays.com\/fi\/wp-json\/wp\/v2\/posts\/126234\/revisions"}],"wp:featuredmedia":[{"embeddable":true,"href":"https:\/\/www.europesays.com\/fi\/wp-json\/wp\/v2\/media\/124176"}],"wp:attachment":[{"href":"https:\/\/www.europesays.com\/fi\/wp-json\/wp\/v2\/media?parent=126234"}],"wp:term":[{"taxonomy":"category","embeddable":true,"href":"https:\/\/www.europesays.com\/fi\/wp-json\/wp\/v2\/categories?post=126234"},{"taxonomy":"post_tag","embeddable":true,"href":"https:\/\/www.europesays.com\/fi\/wp-json\/wp\/v2\/tags?post=126234"}],"curies":[{"name":"wp","href":"https:\/\/api.w.org\/{rel}","templated":true}]}}