{"id":126241,"date":"2025-12-26T11:32:08","date_gmt":"2025-12-26T11:32:08","guid":{"rendered":"https:\/\/www.europesays.com\/fi\/126241\/"},"modified":"2025-12-26T11:32:08","modified_gmt":"2025-12-26T11:32:08","slug":"vw-yllatti-5-vuoden-takuu-koko-henkiloautomallistolle","status":"publish","type":"post","link":"https:\/\/www.europesays.com\/fi\/126241\/","title":{"rendered":"VW yll\u00e4tti: 5 vuoden takuu koko henkil\u00f6automallistolle"},"content":{"rendered":"<p>Hintojen kerrotaan uudistuksesta huolimatta pysyv\u00e4n ennallaan.<\/p>\n<p class=\"article-body mb-nof-24 px-nof-16\">Volkswagen on pident\u00e4nyt Suomessa koko henkil\u00f6mallistonsa takuun l\u00e4ht\u00f6kohtaisesti viiteen vuoteen. Muutos koskee nyt kaikkia tilaukseen menneit\u00e4 autoja.<\/p>\n<p class=\"article-body mb-nof-24 px-nof-16\">Aiemmin takuun kesto on ollut VW:lla kaksi vuotta. Uusien takuuehtojen mukainen kilometriraja on 100\u202f000 km, kahta ensimm\u00e4ist\u00e4 vuotta lukuun ottamatta. K-Auton mukaan Volkswagenien hinnat eiv\u00e4t nouse takuun pident\u00e4misen vuoksi.<\/p>\n<p class=\"article-body mb-nof-24 px-nof-16\">Kahden vuoden takuu j\u00e4\u00e4 yh\u00e4 hy\u00f6tyautomallistoon sek\u00e4 henkil\u00f6autoista Volkswagen VW ID. Buzziin ja Multivaniin. My\u00f6s Volkswagenin kanssa samaan konserniin kuuluvien Skodan ja Audin takuu pysyy edelleen kahdessa vuodessa.<\/p>\n<p class=\"article-body mb-nof-24 px-nof-16\">Kilpailevista merkeist\u00e4 kahden vuoden takuuaika on k\u00e4yt\u00f6ss\u00e4 esimerkiksi BMW:ll\u00e4, Mercedes-Benzill\u00e4 ja Volvolla.<\/p>\n<p class=\"article-body mb-nof-24 px-nof-16\">Lue lis\u00e4\u00e4: <a class=\"underline underline-offset-[0.12em] [text-decoration-thickness:var(--generic-link-underline-thickness)] [text-decoration-color:var(--generic-link-underline-color)] [text-decoration-skip-ink:var(--generic-link-underline-skip-ink)] break-words\" href=\"https:\/\/www.is.fi\/autot\/art-2000011455985.html\" rel=\"nofollow noopener\" target=\"_blank\">Volkswagen Transporterille on tapahtunut jotain aivan ennenkuulumatonta \u2013\u2009t\u00e4llainen se on<\/a><\/p>\n<p class=\"article-body mb-nof-24 px-nof-16\">Suomessa 2\u20133 vuotta pidempi\u00e4 takuita ovat perinteisesti tarjonneet l\u00e4hinn\u00e4 korealaiset automerkit.<\/p>\n<p class=\"article-body mb-nof-24 px-nof-16\">Esimerkiksi Hyundailla takuu on ollut perinteisesti viisi vuotta ilman kilometrirajaa. Kialla t\u00e4ystakuu kattaa t\u00e4ll\u00e4 hetkell\u00e4 seitsem\u00e4n vuotta, mutta enint\u00e4\u00e4n 150\u202f000 kilometri\u00e4.<\/p>\n<p class=\"article-body mb-nof-24 px-nof-16\">Uusista kiinalaismerkeist\u00e4 pitk\u00e4ll\u00e4 takuulla kampanjoi t\u00e4ll\u00e4 hetkell\u00e4 erityisesti GAC, joka tarjoaa Aion V -t\u00e4yss\u00e4hk\u00f6autoonsa per\u00e4ti kahdeksan vuoden tai 160\u202f000 km:n t\u00e4ystakuun.<\/p>\n<p class=\"article-body mb-nof-24 px-nof-16\">Totuttua pidempi\u00e4 takuita ovat viime aikoina tuoneet markkinoille my\u00f6s ranskalaiset. Esimerkiksi Peugeot pidensi hiljattain koko s\u00e4hk\u00f6automallistonsa takuun viiteen vuoteen tai 100\u202f000 kilometriin.<\/p>\n<p class=\"article-body mb-nof-24 px-nof-16\">Uusissa Renaulteissakin takuu kattaa monien yll\u00e4tykseksi t\u00e4t\u00e4 nyky\u00e4 nelj\u00e4 vuotta tai satatuhatta kilometri\u00e4 \u2013 ja viel\u00e4p\u00e4 niin, ettei kahden ensimm\u00e4isen vuoden aikana ole lainkaan kilometrirajaa.<\/p>\n<p class=\"article-body mb-nof-24 px-nof-16\">Lue lis\u00e4\u00e4: <a class=\"underline underline-offset-[0.12em] [text-decoration-thickness:var(--generic-link-underline-thickness)] [text-decoration-color:var(--generic-link-underline-color)] [text-decoration-skip-ink:var(--generic-link-underline-skip-ink)] break-words\" href=\"https:\/\/www.is.fi\/autot\/art-2000011271750.html\" rel=\"nofollow noopener\" target=\"_blank\">Pasin Mersulla piti olla \u201dsuullinen takuu\u201d \u2013 pian riideltiin tuhansien eurojen korjaamolaskusta<\/a><\/p>\n<p class=\"article-body mb-nof-24 px-nof-16\">Lue lis\u00e4\u00e4: <a class=\"underline underline-offset-[0.12em] [text-decoration-thickness:var(--generic-link-underline-thickness)] [text-decoration-color:var(--generic-link-underline-color)] [text-decoration-skip-ink:var(--generic-link-underline-skip-ink)] break-words\" href=\"https:\/\/www.is.fi\/autot\/art-2000011487943.html\" rel=\"nofollow noopener\" target=\"_blank\">Autonkorjaaja Jaakko etsii joka p\u00e4iv\u00e4 netist\u00e4 tietty\u00e4 merkki\u00e4 \u2013 suosittelee jokaiselle<\/a><\/p>\n<p class=\"article-body mb-nof-24 px-nof-16\">Monet automerkit tarjoavat my\u00f6s erilaisia lis\u00e4maksullisia tai -ehdollisia takuun kaltaisia turvia, joiden puitteissa takuuta voi ik\u00e4\u00e4n kuin pident\u00e4\u00e4.<\/p>\n<p class=\"article-body mb-nof-24 px-nof-16\">Esimerkiksi Toyotalla auton huoltaminen merkkihuollossa ja pit\u00e4minen ilman omistajanvaihdosta pident\u00e4\u00e4 auton normaalin kolmen vuoden tai 100\u202f000 km:n takuun jopa on kymmeneen ik\u00e4vuoteen tai 185\u202f000 ajokilometriin asti.<\/p>\n","protected":false},"excerpt":{"rendered":"Hintojen kerrotaan uudistuksesta huolimatta pysyv\u00e4n ennallaan. Volkswagen on pident\u00e4nyt Suomessa koko henkil\u00f6mallistonsa takuun l\u00e4ht\u00f6kohtaisesti viiteen vuoteen. Muutos koskee&hellip;\n","protected":false},"author":2,"featured_media":126242,"comment_status":"","ping_status":"","sticky":false,"template":"","format":"standard","meta":{"footnotes":""},"categories":[5],"tags":[22,23,26,27,33,31,30,17,34,24,25,28,29,15,18,21,32,19,20,16],"class_list":{"0":"post-126241","1":"post","2":"type-post","3":"status-publish","4":"format-standard","5":"has-post-thumbnail","7":"category-otsikot","8":"tag-breaking-news","9":"tag-breakingnews","10":"tag-featured-news","11":"tag-featurednews","12":"tag-fi","13":"tag-finland","14":"tag-finnish","15":"tag-headlines","16":"tag-ilta-sanomat","17":"tag-latest-news","18":"tag-latestnews","19":"tag-main-news","20":"tag-mainnews","21":"tag-news","22":"tag-otsikot","23":"tag-paauutiset","24":"tag-suomi","25":"tag-top-stories","26":"tag-topstories","27":"tag-uutiset"},"share_on_mastodon":{"url":"https:\/\/pubeurope.com\/@fi\/115785652202412165","error":""},"_links":{"self":[{"href":"https:\/\/www.europesays.com\/fi\/wp-json\/wp\/v2\/posts\/126241","targetHints":{"allow":["GET"]}}],"collection":[{"href":"https:\/\/www.europesays.com\/fi\/wp-json\/wp\/v2\/posts"}],"about":[{"href":"https:\/\/www.europesays.com\/fi\/wp-json\/wp\/v2\/types\/post"}],"author":[{"embeddable":true,"href":"https:\/\/www.europesays.com\/fi\/wp-json\/wp\/v2\/users\/2"}],"replies":[{"embeddable":true,"href":"https:\/\/www.europesays.com\/fi\/wp-json\/wp\/v2\/comments?post=126241"}],"version-history":[{"count":0,"href":"https:\/\/www.europesays.com\/fi\/wp-json\/wp\/v2\/posts\/126241\/revisions"}],"wp:featuredmedia":[{"embeddable":true,"href":"https:\/\/www.europesays.com\/fi\/wp-json\/wp\/v2\/media\/126242"}],"wp:attachment":[{"href":"https:\/\/www.europesays.com\/fi\/wp-json\/wp\/v2\/media?parent=126241"}],"wp:term":[{"taxonomy":"category","embeddable":true,"href":"https:\/\/www.europesays.com\/fi\/wp-json\/wp\/v2\/categories?post=126241"},{"taxonomy":"post_tag","embeddable":true,"href":"https:\/\/www.europesays.com\/fi\/wp-json\/wp\/v2\/tags?post=126241"}],"curies":[{"name":"wp","href":"https:\/\/api.w.org\/{rel}","templated":true}]}}