{"id":126245,"date":"2025-12-26T11:44:08","date_gmt":"2025-12-26T11:44:08","guid":{"rendered":"https:\/\/www.europesays.com\/fi\/126245\/"},"modified":"2025-12-26T11:44:08","modified_gmt":"2025-12-26T11:44:08","slug":"robin-packalen-esittelee-sopon-lemmikkinsa","status":"publish","type":"post","link":"https:\/\/www.europesays.com\/fi\/126245\/","title":{"rendered":"Robin Packalen esittelee s\u00f6p\u00f6n lemmikkins\u00e4"},"content":{"rendered":"<p>Moni Suomessa joulua juhlinut on joutunut viett\u00e4m\u00e4\u00e4n sen lumettomissa maisemissa. N\u00e4in on k\u00e4ynyt my\u00f6s <strong>Robin Packalenille<\/strong>, joka on julkaissut siihen liittyv\u00e4n kuvan. Kuvassa on jotain valkoistakin, mutta ei lunta. H\u00e4nen lemmikkins\u00e4 on valkoinen s\u00f6p\u00f6 koira ja p\u00e4\u00e4ssyt is\u00e4nt\u00e4ns\u00e4 kanssa ulkoilemaan.<\/p>\n<p>Lue my\u00f6s: <a href=\"https:\/\/www.como.fi\/uutiset\/robin-packalen-teki-oman-paljastuksen-linnan-juhlista-vihdoinkin\/\" title=\"Robin Packalen teki oman paljastuksen Linnan juhlista \u2013 \u201dVihdoinkin\u201d\" class=\"underline-custom !font-montserrat !font-bold !underline-offset-4 !decoration-4 !decoration-red-600 !text-md\" rel=\"nofollow noopener\" target=\"_blank\">Robin Packalen teki oman paljastuksen Linnan juhlista \u2013 \u201dVihdoinkin\u201d<\/a><\/p>\n<p>\u2013 Joulu on kyl markkinoitu ihan v\u00e4\u00e4rin. Miss\u00e4 ne valkoset hanget ja nietokset? Turus ainaki saa ensit\u00f6ikseen tapaninp\u00e4iv\u00e4n\u00e4 leikata nurmikon, kirjoittaa Packalen.<\/p>\n<p>Lumettomuudesta huolimatta moni on toivottanut Robinille hyv\u00e4\u00e4 joulua.<\/p>\n<p>\u2013 Hyv\u00e4\u00e4 joulua mestari! toivottaa er\u00e4s.<\/p>\n<p>Lue my\u00f6s: <a href=\"https:\/\/www.como.fi\/uutiset\/han-on-robin-packalenin-puoliso-nimikin-on-nyt-paljastettu\/\" title=\"H\u00e4n on Robin Packalenin puoliso \u2013 nimikin on nyt paljastettu\" class=\"underline-custom !font-montserrat !font-bold !underline-offset-4 !decoration-4 !decoration-red-600 !text-md\" rel=\"nofollow noopener\" target=\"_blank\">H\u00e4n on Robin Packalenin puoliso \u2013 nimikin on nyt paljastettu<\/a><\/p>\n<p>\u2013 Ei ole Oulussakaa lunta sulivat just pois enne joulua, tiet\u00e4\u00e4 joku kertoa.<\/p>\n<p>My\u00f6s Robinin asua on kommentoitu. Joku ihmettelee, kuinka laulajalla on jalassaan samaa paria olevat keng\u00e4t. Takkiakin kehutaan komeaksi.<\/p>\n<p>\u2013 Ruohomaalilla voi v\u00e4rj\u00e4t\u00e4 nurmikon valkoiseksi. Kest\u00e4\u00e4 noin 3 kuukautta eli juuri sopivasti talven ajan, neuvoo joku.<\/p>\n<p>\u2013 Uudessakaupungissa saa menn\u00e4 avantoon. Vaan sellasee v\u00e4h\u00e4n isompaan avantoon\u2026toteaa er\u00e4s.<\/p>\n<p>N\u00e4et Robinin julkaisun alta tai <a href=\"https:\/\/www.instagram.com\/p\/DSsb4Q2jBb-\/?utm_source=ig_web_copy_link&amp;igsh=MzRlODBiNWFlZA==\" target=\"_blank\" rel=\"noreferrer noopener nofollow\">t\u00e4\u00e4lt\u00e4<\/a>.<\/p>\n<p>Lue my\u00f6s: <a href=\"https:\/\/www.como.fi\/tilaa-comon-uutiskirje\/\" title=\"Tilaa Comon uutiskirje ja tied\u00e4t mist\u00e4 kahvitauolla puhutaan! Nappaa kotimaan tv-vinkit ja puheenaiheet suoraan s\u00e4hk\u00f6postiin t\u00e4st\u00e4.\" class=\"underline-custom !font-montserrat !font-bold !underline-offset-4 !decoration-4 !decoration-red-600 !text-md\" rel=\"nofollow noopener\" target=\"_blank\">Tilaa Comon uutiskirje ja tied\u00e4t mist\u00e4 kahvitauolla puhutaan! Nappaa kotimaan tv-vinkit ja puheenaiheet suoraan s\u00e4hk\u00f6postiin t\u00e4st\u00e4.<\/a><\/p>\n<p>\t\t\t<script async src=\"\/\/www.instagram.com\/embed.js\"><\/script><\/p>\n","protected":false},"excerpt":{"rendered":"Moni Suomessa joulua juhlinut on joutunut viett\u00e4m\u00e4\u00e4n sen lumettomissa maisemissa. N\u00e4in on k\u00e4ynyt my\u00f6s Robin Packalenille, joka on&hellip;\n","protected":false},"author":2,"featured_media":126246,"comment_status":"","ping_status":"","sticky":false,"template":"","format":"standard","meta":{"footnotes":""},"categories":[136],"tags":[407,137,33,31,30,408,10790,32,109],"class_list":{"0":"post-126245","1":"post","2":"type-post","3":"status-publish","4":"format-standard","5":"has-post-thumbnail","7":"category-julkkikset","8":"tag-celebrities","9":"tag-entertainment","10":"tag-fi","11":"tag-finland","12":"tag-finnish","13":"tag-julkkikset","14":"tag-robin-packalen","15":"tag-suomi","16":"tag-viihde"},"share_on_mastodon":{"url":"https:\/\/pubeurope.com\/@fi\/115785699398190724","error":""},"_links":{"self":[{"href":"https:\/\/www.europesays.com\/fi\/wp-json\/wp\/v2\/posts\/126245","targetHints":{"allow":["GET"]}}],"collection":[{"href":"https:\/\/www.europesays.com\/fi\/wp-json\/wp\/v2\/posts"}],"about":[{"href":"https:\/\/www.europesays.com\/fi\/wp-json\/wp\/v2\/types\/post"}],"author":[{"embeddable":true,"href":"https:\/\/www.europesays.com\/fi\/wp-json\/wp\/v2\/users\/2"}],"replies":[{"embeddable":true,"href":"https:\/\/www.europesays.com\/fi\/wp-json\/wp\/v2\/comments?post=126245"}],"version-history":[{"count":0,"href":"https:\/\/www.europesays.com\/fi\/wp-json\/wp\/v2\/posts\/126245\/revisions"}],"wp:featuredmedia":[{"embeddable":true,"href":"https:\/\/www.europesays.com\/fi\/wp-json\/wp\/v2\/media\/126246"}],"wp:attachment":[{"href":"https:\/\/www.europesays.com\/fi\/wp-json\/wp\/v2\/media?parent=126245"}],"wp:term":[{"taxonomy":"category","embeddable":true,"href":"https:\/\/www.europesays.com\/fi\/wp-json\/wp\/v2\/categories?post=126245"},{"taxonomy":"post_tag","embeddable":true,"href":"https:\/\/www.europesays.com\/fi\/wp-json\/wp\/v2\/tags?post=126245"}],"curies":[{"name":"wp","href":"https:\/\/api.w.org\/{rel}","templated":true}]}}