{"id":126260,"date":"2025-12-26T11:59:20","date_gmt":"2025-12-26T11:59:20","guid":{"rendered":"https:\/\/www.europesays.com\/fi\/126260\/"},"modified":"2025-12-26T11:59:20","modified_gmt":"2025-12-26T11:59:20","slug":"ilmastobudjetti-tampereen-kaupunki-luonto-ja-ymparisto","status":"publish","type":"post","link":"https:\/\/www.europesays.com\/fi\/126260\/","title":{"rendered":"Ilmastobudjetti [Tampereen kaupunki &#8211; Luonto ja ymp\u00e4rist\u00f6"},"content":{"rendered":"<p>Tampereen ilmastobudjetti yhdist\u00e4\u00e4 ilmastoty\u00f6n kaupungin talousarvioon ja tilinp\u00e4\u00e4t\u00f6kseen. Sen avulla seurataan hiilineutraaliustavoitteen etenemist\u00e4 ja ilmastotoimien riitt\u00e4vyytt\u00e4. Samalla hiilineutraaliustavoite konkretisoituu vuositasolla. Ilmastobudjetti tuottaa tietoa p\u00e4\u00e4t\u00f6ksentekoon ja lis\u00e4\u00e4 p\u00e4\u00e4t\u00f6ksenteon l\u00e4pin\u00e4kyvyytt\u00e4 kuntalaisille.<\/p>\n<p>Tampereen ilmastobudjetti koostuu kahdesta osasta:<br \/>1. p\u00e4\u00e4st\u00f6budjetista ja<br \/>2. ilmastotoimien taloussuunnitelmasta.<\/p>\n<p>P\u00e4\u00e4st\u00f6budjetti on kasvihuonekaasup\u00e4\u00e4st\u00f6jen vuosittainen enimm\u00e4ism\u00e4\u00e4r\u00e4. Se esitt\u00e4\u00e4 hiilineutraaliustavoitteen mukaisen kaupunkitasoisen p\u00e4\u00e4st\u00f6jen enimm\u00e4ism\u00e4\u00e4r\u00e4n eri sektoreille.<\/p>\n<p>Taloussuunnitelma kertoo ilmastotoimille budjetoidut taloudelliset resurssit. Siihen on eritelty kaupunkiorganisaation tavanomaisesta budjetista k\u00e4ytt\u00f6talouden ja investointien osalta ne er\u00e4t, jotka on suunnattu ilmastonmuutoksen hillint\u00e4\u00e4n, sopeutumiseen tai kest\u00e4v\u00e4n liikkumisen edist\u00e4miseen. Kaupunkikonsernin tyt\u00e4ryhti\u00f6iden osalta tarkastellaan ainoastaan investointeja.<\/p>\n<p>Ilmastobudjetin avulla seurataan p\u00e4\u00e4st\u00f6jen ja kustannusten toteumaa vuosittain tilinp\u00e4\u00e4t\u00f6ksen yhteydess\u00e4. Ensimm\u00e4isen kerran ilmastobudjetti esiteltiin vuoden 2020 talousarviossa.<\/p>\n<p>Tampereen kaupunki on mukana kansainv\u00e4lisess\u00e4 Climate-4-CAST-hankkeessa, joka kehitt\u00e4\u00e4 ja pilotoi avoimen l\u00e4hdekoodin ty\u00f6kalua ilmastobudjetoinnin tueksi. Ty\u00f6kalu pohjautuu pitk\u00e4lti Tampereen ty\u00f6h\u00f6n, mallia haetaan Tampereella k\u00e4yt\u00f6ss\u00e4 olevasta ilmastobudjetoinnista.\u00a0<\/p>\n","protected":false},"excerpt":{"rendered":"Tampereen ilmastobudjetti yhdist\u00e4\u00e4 ilmastoty\u00f6n kaupungin talousarvioon ja tilinp\u00e4\u00e4t\u00f6kseen. Sen avulla seurataan hiilineutraaliustavoitteen etenemist\u00e4 ja ilmastotoimien riitt\u00e4vyytt\u00e4. Samalla hiilineutraaliustavoite&hellip;\n","protected":false},"author":2,"featured_media":126261,"comment_status":"","ping_status":"","sticky":false,"template":"","format":"standard","meta":{"footnotes":""},"categories":[117],"tags":[33,31,30,72,476,118,32,119,477],"class_list":{"0":"post-126260","1":"post","2":"type-post","3":"status-publish","4":"format-standard","5":"has-post-thumbnail","7":"category-luonto","8":"tag-fi","9":"tag-finland","10":"tag-finnish","11":"tag-luonto","12":"tag-nature","13":"tag-science","14":"tag-suomi","15":"tag-tiede","16":"tag-wildlife"},"share_on_mastodon":{"url":"https:\/\/pubeurope.com\/@fi\/115785758359413689","error":""},"_links":{"self":[{"href":"https:\/\/www.europesays.com\/fi\/wp-json\/wp\/v2\/posts\/126260","targetHints":{"allow":["GET"]}}],"collection":[{"href":"https:\/\/www.europesays.com\/fi\/wp-json\/wp\/v2\/posts"}],"about":[{"href":"https:\/\/www.europesays.com\/fi\/wp-json\/wp\/v2\/types\/post"}],"author":[{"embeddable":true,"href":"https:\/\/www.europesays.com\/fi\/wp-json\/wp\/v2\/users\/2"}],"replies":[{"embeddable":true,"href":"https:\/\/www.europesays.com\/fi\/wp-json\/wp\/v2\/comments?post=126260"}],"version-history":[{"count":0,"href":"https:\/\/www.europesays.com\/fi\/wp-json\/wp\/v2\/posts\/126260\/revisions"}],"wp:featuredmedia":[{"embeddable":true,"href":"https:\/\/www.europesays.com\/fi\/wp-json\/wp\/v2\/media\/126261"}],"wp:attachment":[{"href":"https:\/\/www.europesays.com\/fi\/wp-json\/wp\/v2\/media?parent=126260"}],"wp:term":[{"taxonomy":"category","embeddable":true,"href":"https:\/\/www.europesays.com\/fi\/wp-json\/wp\/v2\/categories?post=126260"},{"taxonomy":"post_tag","embeddable":true,"href":"https:\/\/www.europesays.com\/fi\/wp-json\/wp\/v2\/tags?post=126260"}],"curies":[{"name":"wp","href":"https:\/\/api.w.org\/{rel}","templated":true}]}}