{"id":126266,"date":"2025-12-26T12:18:08","date_gmt":"2025-12-26T12:18:08","guid":{"rendered":"https:\/\/www.europesays.com\/fi\/126266\/"},"modified":"2025-12-26T12:18:08","modified_gmt":"2025-12-26T12:18:08","slug":"pihla-viitala-toivoo-elokuvan-rahoitukseen-lisaa-uskallusta-vaarana-on-ideoiden-ja-vimman-uupuminen-ts-fi","status":"publish","type":"post","link":"https:\/\/www.europesays.com\/fi\/126266\/","title":{"rendered":"Pihla Viitala toivoo elokuvan rahoitukseen lis\u00e4\u00e4 uskallusta: &quot;Vaarana on ideoiden ja vimman uupuminen&quot; &#8211; ts.fi"},"content":{"rendered":"<ol>\n<li><a href=\"https:\/\/news.google.com\/rss\/articles\/CBMiS0FVX3lxTFBuMGxWU0ZnX29mZnhRWi1WOVJMV0RYQ3JxY2JMc0dKSjA4cmMzSU82UEdTYjRCUVRqWmZxY2wzUlloTzF1ckpQaG5Qaw?oc=5\" target=\"_blank\" rel=\"nofollow noopener\">Pihla Viitala toivoo elokuvan rahoitukseen lis\u00e4\u00e4 uskallusta: &#8221;Vaarana on ideoiden ja vimman uupuminen&#8221;<\/a>&nbsp;&nbsp;ts.fi<\/li>\n<li><a href=\"https:\/\/news.google.com\/rss\/articles\/CBMihwFBVV95cUxQZ1lpb1VDNzNhdWxnR1hTWmlabXdMT21TQ0VHSEg1WTRscmhaU1h2OHBrOEVDcDlSS3FPS0NjRkE2LXFMLWd6aTh5bWlRZU5zVVR2SXZFVDAzd0E0N2thcWJDcGtUb0FmZWtZakNNVTNtSXpZY21DQlRmcWh1ZklJc3Vwa0NyeHM?oc=5\" target=\"_blank\" rel=\"nofollow noopener\">Pihla Viitala avoimena terapiakokemuksestaan<\/a>&nbsp;&nbsp;Seiska.fi<\/li>\n<li><a href=\"https:\/\/news.google.com\/rss\/articles\/CBMiZ0FVX3lxTE42cVAwREE1RldsUGtvT19KSnhKaU1ZNWRrQ094MlJEUEZoMUZmWmVnNDdPckRkM212RWJ4TERlMlluYzVPRG05bFFDa2FVQmYzUVBKZ25uYV9mdU5VY3ZBU0N0OXBHVEE?oc=5\" target=\"_blank\" rel=\"nofollow noopener\">Elokuva-arvio | Paavo Westerbergin ohjaama Terapia erottuu muista keskiluokkaisista suhdevatvomisista<\/a>&nbsp;&nbsp;Aamulehti<\/li>\n<li><a href=\"https:\/\/news.google.com\/rss\/articles\/CBMiZkFVX3lxTE82bGJSMHBoXzZwUEdOOFBlY2JhcVRQZ0NKcTdyVk5oclR0WHhGaUdaYzZPQmRSR19hSHFqYnhJblhUcnhIVHVHY2ktT2xoX1p3WXlTZkYxUjBObmFKREljN0RBNVY5Zw?oc=5\" target=\"_blank\" rel=\"nofollow noopener\">T\u00e4m\u00e4 kotimainen uutuuselokuva voi ly\u00f6d\u00e4 \u00e4llik\u00e4ll\u00e4 \u2013 t\u00e4htin\u00e4 Tommi Korpela, Pihla Viitala ja Alma P\u00f6ysti<\/a>&nbsp;&nbsp;Ilta-Sanomat<\/li>\n<li><a href=\"https:\/\/news.google.com\/rss\/articles\/CBMiUkFVX3lxTE10UURtbXNURnZycmlTZkFlNGMtdnpfUF9aQ2ZSN21yOWJQb1lLNTNWaVNpNGZjLUY5bjk0MDd5N0FBRml3MUlfaVBXSElYZGlhQVE?oc=5\" target=\"_blank\" rel=\"nofollow noopener\">Terapia \u2013 elokuvan arvostelu<\/a>&nbsp;&nbsp;Episodi.fi<\/li>\n<\/ol>\n","protected":false},"excerpt":{"rendered":"Pihla Viitala toivoo elokuvan rahoitukseen lis\u00e4\u00e4 uskallusta: &#8221;Vaarana on ideoiden ja vimman uupuminen&#8221;&nbsp;&nbsp;ts.fi Pihla Viitala avoimena terapiakokemuksestaan&nbsp;&nbsp;Seiska.fi Elokuva-arvio&hellip;\n","protected":false},"author":2,"featured_media":126267,"comment_status":"","ping_status":"","sticky":false,"template":"","format":"standard","meta":{"footnotes":""},"categories":[130],"tags":[137,33,31,30,32,109],"class_list":{"0":"post-126266","1":"post","2":"type-post","3":"status-publish","4":"format-standard","5":"has-post-thumbnail","7":"category-viihde","8":"tag-entertainment","9":"tag-fi","10":"tag-finland","11":"tag-finnish","12":"tag-suomi","13":"tag-viihde"},"share_on_mastodon":{"url":"https:\/\/pubeurope.com\/@fi\/115785833087789906","error":""},"_links":{"self":[{"href":"https:\/\/www.europesays.com\/fi\/wp-json\/wp\/v2\/posts\/126266","targetHints":{"allow":["GET"]}}],"collection":[{"href":"https:\/\/www.europesays.com\/fi\/wp-json\/wp\/v2\/posts"}],"about":[{"href":"https:\/\/www.europesays.com\/fi\/wp-json\/wp\/v2\/types\/post"}],"author":[{"embeddable":true,"href":"https:\/\/www.europesays.com\/fi\/wp-json\/wp\/v2\/users\/2"}],"replies":[{"embeddable":true,"href":"https:\/\/www.europesays.com\/fi\/wp-json\/wp\/v2\/comments?post=126266"}],"version-history":[{"count":0,"href":"https:\/\/www.europesays.com\/fi\/wp-json\/wp\/v2\/posts\/126266\/revisions"}],"wp:featuredmedia":[{"embeddable":true,"href":"https:\/\/www.europesays.com\/fi\/wp-json\/wp\/v2\/media\/126267"}],"wp:attachment":[{"href":"https:\/\/www.europesays.com\/fi\/wp-json\/wp\/v2\/media?parent=126266"}],"wp:term":[{"taxonomy":"category","embeddable":true,"href":"https:\/\/www.europesays.com\/fi\/wp-json\/wp\/v2\/categories?post=126266"},{"taxonomy":"post_tag","embeddable":true,"href":"https:\/\/www.europesays.com\/fi\/wp-json\/wp\/v2\/tags?post=126266"}],"curies":[{"name":"wp","href":"https:\/\/api.w.org\/{rel}","templated":true}]}}