{"id":126270,"date":"2025-12-26T12:22:10","date_gmt":"2025-12-26T12:22:10","guid":{"rendered":"https:\/\/www.europesays.com\/fi\/126270\/"},"modified":"2025-12-26T12:22:10","modified_gmt":"2025-12-26T12:22:10","slug":"jarkyttava-tapaus-hevostallilla-saksassa-7-vuotiaan-tyton-poni-myrkytettiin","status":"publish","type":"post","link":"https:\/\/www.europesays.com\/fi\/126270\/","title":{"rendered":"J\u00e4rkytt\u00e4v\u00e4 tapaus hevostallilla Saksassa \u2013 7-vuotiaan tyt\u00f6n poni myrkytettiin"},"content":{"rendered":"<p>Tytt\u00f6 menetti rakkaan poninsa j\u00e4rkytt\u00e4v\u00e4ll\u00e4 tavalla juuri ennen joulua.<\/p>\n<p class=\"article-body mb-nof-24 px-nof-16\">Saksalainen 7-vuotias tytt\u00f6 menetti rakkaan poninsa j\u00e4rkytt\u00e4v\u00e4ll\u00e4 tavalla juuri ennen joulua. Asiasta uutisoi saksalaislehti <a class=\"underline underline-offset-[0.12em] [text-decoration-thickness:var(--generic-link-underline-thickness)] [text-decoration-color:var(--generic-link-underline-color)] [text-decoration-skip-ink:var(--generic-link-underline-skip-ink)] break-words\" href=\"https:\/\/www.bild.de\/regional\/nordrhein-westfalen\/gift-anschlag-in-muelheim-an-der-ruhr-ponys-vergiftet-und-gestorben-694bee29ba368aa0126a2a96\" rel=\"nofollow noopener\" target=\"_blank\">Bild<\/a>.<\/p>\n<p class=\"article-body mb-nof-24 px-nof-16\">M\u00fclheim an der Ruhrin kaupungissa tutkitaan maanantaina hevostallilla sattuneita myrkytystapauksia. Myrkytyksess\u00e4 kuoli kolme ponia. Sen lis\u00e4ksi kaksi el\u00e4int\u00e4 loukkaantui vakavasti.<\/p>\n<p class=\"article-body mb-nof-24 px-nof-16\">Hevostilan omistaja kertoo Bildille katsoneensa maanantaiaamuna hevostallin valvontakameroita ja tienneens\u00e4 heti, ett\u00e4 jotain on vialla. Kameroissa n\u00e4kyi, kun 10-vuotias Kiwi-niminen poni makasi hevosaitauksen mudassa liikkumattomana.<\/p>\n<p class=\"article-body mb-nof-24 px-nof-16\">Omistaja ajoi v\u00e4litt\u00f6m\u00e4sti paikalle ja yritti elvytt\u00e4\u00e4 Kiwi\u00e4, mutta turhaan. Poni oli kuollut. Sen j\u00e4lkeen h\u00e4n huomasi, ett\u00e4 my\u00f6s muut tallin hevoset osoittivat merkkej\u00e4 myrkytyksest\u00e4.<\/p>\n<p class=\"article-body mb-nof-24 px-nof-16\">El\u00e4inl\u00e4\u00e4k\u00e4ri soitettiin paikalle v\u00e4litt\u00f6m\u00e4sti. Siit\u00e4 huolimatta 5-vuotias Pandero-poni ja 13-vuotias Miro-poni kerkesiv\u00e4t menehty\u00e4.<\/p>\n<p class=\"article-body mb-nof-24 px-nof-16\">Miro oli 7-vuotiaan saksalaisen hevostytt\u00f6 <a class=\"article-personlink\" href=\"https:\/\/www.is.fi\/haku\/?query=Melian\" rel=\"nofollow noopener\" target=\"_blank\">Melian <\/a>rakas poni.<\/p>\n<p class=\"article-body mb-nof-24 px-nof-16\">Tapaus sattui Hexbachtalin alueella. Tallin omistajaa ep\u00e4ilee, ett\u00e4 myrkytyksen takana t\u00e4ytyy olla jonkin sortin el\u00e4invihaaja, saksalaislehti kertoo.<\/p>\n<p class=\"article-body mb-nof-24 px-nof-16\">Toistaiseksi ei kuitenkaan tarkemmin tiedet\u00e4, kuka on myrkytyksen takana. Poliisi tutkii tapausta.<\/p>\n","protected":false},"excerpt":{"rendered":"Tytt\u00f6 menetti rakkaan poninsa j\u00e4rkytt\u00e4v\u00e4ll\u00e4 tavalla juuri ennen joulua. Saksalainen 7-vuotias tytt\u00f6 menetti rakkaan poninsa j\u00e4rkytt\u00e4v\u00e4ll\u00e4 tavalla juuri&hellip;\n","protected":false},"author":2,"featured_media":126271,"comment_status":"","ping_status":"","sticky":false,"template":"","format":"standard","meta":{"footnotes":""},"categories":[14],"tags":[22,23,26,27,33,31,30,17,34,24,25,28,29,15,18,21,32,19,20,56,16,59,60,61],"class_list":{"0":"post-126270","1":"post","2":"type-post","3":"status-publish","4":"format-standard","5":"has-post-thumbnail","7":"category-ulkomaat","8":"tag-breaking-news","9":"tag-breakingnews","10":"tag-featured-news","11":"tag-featurednews","12":"tag-fi","13":"tag-finland","14":"tag-finnish","15":"tag-headlines","16":"tag-ilta-sanomat","17":"tag-latest-news","18":"tag-latestnews","19":"tag-main-news","20":"tag-mainnews","21":"tag-news","22":"tag-otsikot","23":"tag-paauutiset","24":"tag-suomi","25":"tag-top-stories","26":"tag-topstories","27":"tag-ulkomaat","28":"tag-uutiset","29":"tag-world","30":"tag-world-news","31":"tag-worldnews"},"share_on_mastodon":{"url":"https:\/\/pubeurope.com\/@fi\/115785848878520272","error":""},"_links":{"self":[{"href":"https:\/\/www.europesays.com\/fi\/wp-json\/wp\/v2\/posts\/126270","targetHints":{"allow":["GET"]}}],"collection":[{"href":"https:\/\/www.europesays.com\/fi\/wp-json\/wp\/v2\/posts"}],"about":[{"href":"https:\/\/www.europesays.com\/fi\/wp-json\/wp\/v2\/types\/post"}],"author":[{"embeddable":true,"href":"https:\/\/www.europesays.com\/fi\/wp-json\/wp\/v2\/users\/2"}],"replies":[{"embeddable":true,"href":"https:\/\/www.europesays.com\/fi\/wp-json\/wp\/v2\/comments?post=126270"}],"version-history":[{"count":0,"href":"https:\/\/www.europesays.com\/fi\/wp-json\/wp\/v2\/posts\/126270\/revisions"}],"wp:featuredmedia":[{"embeddable":true,"href":"https:\/\/www.europesays.com\/fi\/wp-json\/wp\/v2\/media\/126271"}],"wp:attachment":[{"href":"https:\/\/www.europesays.com\/fi\/wp-json\/wp\/v2\/media?parent=126270"}],"wp:term":[{"taxonomy":"category","embeddable":true,"href":"https:\/\/www.europesays.com\/fi\/wp-json\/wp\/v2\/categories?post=126270"},{"taxonomy":"post_tag","embeddable":true,"href":"https:\/\/www.europesays.com\/fi\/wp-json\/wp\/v2\/tags?post=126270"}],"curies":[{"name":"wp","href":"https:\/\/api.w.org\/{rel}","templated":true}]}}