{"id":126272,"date":"2025-12-26T12:23:07","date_gmt":"2025-12-26T12:23:07","guid":{"rendered":"https:\/\/www.europesays.com\/fi\/126272\/"},"modified":"2025-12-26T12:23:07","modified_gmt":"2025-12-26T12:23:07","slug":"lumitykki-iskee-paakaupunkiseudulle-jopa-34-senttia-yhdella-kertaa","status":"publish","type":"post","link":"https:\/\/www.europesays.com\/fi\/126272\/","title":{"rendered":"Lumitykki iskee p\u00e4\u00e4kaupunkiseudulle \u2013 jopa 34 sentti\u00e4 yhdell\u00e4 kertaa"},"content":{"rendered":"<p>Muualla Suomessa lunta ei yleisesti ennusteen mukaan sada juuri ollenkaan vuodenvaihteen j\u00e4lkeen.<\/p>\n<p>Milt\u00e4 n\u00e4ytt\u00e4\u00e4 l\u00e4hip\u00e4ivien s\u00e4\u00e4? Katso t\u00e4st\u00e4 Forecan ennuste!<\/p>\n<p class=\"article-body mb-nof-24 px-nof-16\">P\u00e4\u00e4kaupunkiseudulle on tuoreiden s\u00e4\u00e4ennusteiden perusteella jys\u00e4ht\u00e4m\u00e4ss\u00e4 kerralla kunnon lumikaaos. S\u00e4\u00e4palveluiden tuottajan Forecan kaupunkikohtaiset lumisade-ennusteet ovat hurjia perjantaille 2. tammikuuta.<\/p>\n<p class=\"article-body mb-nof-24 px-nof-16\">Espoossa lunta tulee ennusteen mukaan vuorokauden kertym\u00e4n\u00e4 eniten, eli 34 sentti\u00e4. Kirkkonummellakin sataa 31 sentti\u00e4, Helsingiss\u00e4 ja Klaukkalassa 30 ja Vantaalla 29 sentti\u00e4. Porvooseen satelisi lunta 25 sentti\u00e4, Kotkaan 14 ja Haminaan 12.<\/p>\n<p class=\"article-body mb-nof-24 px-nof-16\">Lunta rys\u00e4ht\u00e4\u00e4 etel\u00e4\u00e4n kerralla siis reippaasti, sill\u00e4 viel\u00e4 uudenvuoden aattona esimerkiksi Helsinki on yh\u00e4 lumeton ja uudenvuoden p\u00e4iv\u00e4n\u00e4kin lunta on ennusteen mukaan viisi sentti\u00e4.<\/p>\n<p class=\"article-body mb-nof-24 px-nof-16\">Turussa lunta satelee vuoden vaihteen j\u00e4lkeen eli torstain ja perjantain aikana paljon maltillisemmin eli kymmenisen sentti\u00e4. Tampereella j\u00e4\u00e4d\u00e4\u00e4n pariin senttiin, Jyv\u00e4skyl\u00e4ss\u00e4 muutamaan. Oulussa ja Rovaniemell\u00e4 vuorokauden lumikertym\u00e4 on huomisen lauantain lumisadetta lukuun ottamatta l\u00e4hip\u00e4ivin\u00e4 l\u00e4hell\u00e4 nollaa.<\/p>\n<p class=\"article-body mb-nof-24 px-nof-16\">Forecan <a class=\"underline underline-offset-[0.12em] [text-decoration-thickness:var(--generic-link-underline-thickness)] [text-decoration-color:var(--generic-link-underline-color)] [text-decoration-skip-ink:var(--generic-link-underline-skip-ink)] break-words\" href=\"https:\/\/www.foreca.fi\/meteorologilta\/ohwsidwk\" rel=\"nofollow noopener\" target=\"_blank\">s\u00e4\u00e4blogin<\/a> mukaan vuodenvaihde n\u00e4ytt\u00e4\u00e4 kaikkiaan poikkeuksellisen talviselta l\u00e4mp\u00f6tilojen osalta. Maanantaina 29. joulukuuta alkavan viikon ennustetaan olevan selv\u00e4sti kylmempi kuin pitk\u00e4n ajan keskiarvo. Poikkeama on laajalti yhdest\u00e4 kuuteen astetta, ja kylmint\u00e4 on maan it\u00e4- ja pohjoisosassa.<\/p>\n","protected":false},"excerpt":{"rendered":"Muualla Suomessa lunta ei yleisesti ennusteen mukaan sada juuri ollenkaan vuodenvaihteen j\u00e4lkeen. Milt\u00e4 n\u00e4ytt\u00e4\u00e4 l\u00e4hip\u00e4ivien s\u00e4\u00e4? Katso t\u00e4st\u00e4&hellip;\n","protected":false},"author":2,"featured_media":126273,"comment_status":"","ping_status":"","sticky":false,"template":"","format":"standard","meta":{"footnotes":""},"categories":[12],"tags":[22,23,26,27,33,31,30,17,34,24,25,28,29,15,18,21,32,19,20,16],"class_list":{"0":"post-126272","1":"post","2":"type-post","3":"status-publish","4":"format-standard","5":"has-post-thumbnail","7":"category-suomi","8":"tag-breaking-news","9":"tag-breakingnews","10":"tag-featured-news","11":"tag-featurednews","12":"tag-fi","13":"tag-finland","14":"tag-finnish","15":"tag-headlines","16":"tag-ilta-sanomat","17":"tag-latest-news","18":"tag-latestnews","19":"tag-main-news","20":"tag-mainnews","21":"tag-news","22":"tag-otsikot","23":"tag-paauutiset","24":"tag-suomi","25":"tag-top-stories","26":"tag-topstories","27":"tag-uutiset"},"share_on_mastodon":{"url":"https:\/\/pubeurope.com\/@fi\/115785852747154206","error":""},"_links":{"self":[{"href":"https:\/\/www.europesays.com\/fi\/wp-json\/wp\/v2\/posts\/126272","targetHints":{"allow":["GET"]}}],"collection":[{"href":"https:\/\/www.europesays.com\/fi\/wp-json\/wp\/v2\/posts"}],"about":[{"href":"https:\/\/www.europesays.com\/fi\/wp-json\/wp\/v2\/types\/post"}],"author":[{"embeddable":true,"href":"https:\/\/www.europesays.com\/fi\/wp-json\/wp\/v2\/users\/2"}],"replies":[{"embeddable":true,"href":"https:\/\/www.europesays.com\/fi\/wp-json\/wp\/v2\/comments?post=126272"}],"version-history":[{"count":0,"href":"https:\/\/www.europesays.com\/fi\/wp-json\/wp\/v2\/posts\/126272\/revisions"}],"wp:featuredmedia":[{"embeddable":true,"href":"https:\/\/www.europesays.com\/fi\/wp-json\/wp\/v2\/media\/126273"}],"wp:attachment":[{"href":"https:\/\/www.europesays.com\/fi\/wp-json\/wp\/v2\/media?parent=126272"}],"wp:term":[{"taxonomy":"category","embeddable":true,"href":"https:\/\/www.europesays.com\/fi\/wp-json\/wp\/v2\/categories?post=126272"},{"taxonomy":"post_tag","embeddable":true,"href":"https:\/\/www.europesays.com\/fi\/wp-json\/wp\/v2\/tags?post=126272"}],"curies":[{"name":"wp","href":"https:\/\/api.w.org\/{rel}","templated":true}]}}