{"id":126278,"date":"2025-12-26T12:42:06","date_gmt":"2025-12-26T12:42:06","guid":{"rendered":"https:\/\/www.europesays.com\/fi\/126278\/"},"modified":"2025-12-26T12:42:06","modified_gmt":"2025-12-26T12:42:06","slug":"pohteen-alueella-parskitaan-paljon-liikkeella-muun-muassa-influenssaa-ja-koronaa","status":"publish","type":"post","link":"https:\/\/www.europesays.com\/fi\/126278\/","title":{"rendered":"Pohteen alueella p\u00e4rskit\u00e4\u00e4n paljon \u2013 liikkeell\u00e4 muun muassa influenssaa ja koronaa"},"content":{"rendered":"<p>\n      Pohjois-Pohjanmaan hyvinvointialueen Pohteen alueella on liikkeell\u00e4 runsaasti hengitystieinfektioita, kuten influenssaa ja koronavirusta. Lis\u00e4ksi norovirustapausten m\u00e4\u00e4r\u00e4 on kasvussa, Pohde tiedottaa.\n    <\/p>\n<p>\n      Useimmiten kotona hoito riitt\u00e4\u00e4, kun yleisvointi on kohtalainen, kuume ja kivut laskevat kuumel\u00e4\u00e4kkeell\u00e4 ja juominen sek\u00e4 sy\u00f6minen onnistuvat. Oireet alkavat yleens\u00e4 helpottaa muutaman p\u00e4iv\u00e4n kuluessa.\n    <\/p>\n<p class=\"article__paragraph\">\n      Kotona hoitoon kuuluvat lepo, riitt\u00e4v\u00e4 nesteytys sek\u00e4 kuume- ja kipul\u00e4\u00e4kkeet ohjeen mukaan. Vatsataudissa suositellaan kevytt\u00e4 ruokavaliota ja nesteiden juomista pienin\u00e4 annoksina. Hyv\u00e4 k\u00e4sihygienia on t\u00e4rke\u00e4\u00e4.\n    <\/p>\n<p class=\"article__paragraph\">\n      On t\u00e4rke\u00e4\u00e4, ett\u00e4 hoitoa tarvitsevat potilaat p\u00e4\u00e4sev\u00e4t avun piiriin oikea-aikaisesti ilman pitki\u00e4 jonotusaikoja. Siksi Pohde toivoo, ett\u00e4 lieviss\u00e4 ja selv\u00e4sti kotona hoidettavissa tapauksissa turvaudutaan ensisijaisesti omahoitoon ja tarvittaessa voi kysy\u00e4 neuvoa digipalveluista.\n    <\/p>\n<p class=\"article__paragraph\">\n      Digitaalisen sote-keskuksen chat on auki maanantaista perjantaihin kello 7\u201321 sek\u00e4 viikonloppuisin ja juhlapyhin\u00e4 kello 8\u201318. Asiointi Digitaalisessa sote-\u200bkeskuksessa tapahtuu kirjautumalla OmaPohteeseen Pohteen verkkosivuilla tai OmaPohde-\u200bsovelluksessa.\n    <\/p>\n<p class=\"article__paragraph\">\n      Jos oma sosiaali- ja terveyskeskus on kiinni ja harkitsee l\u00e4htemist\u00e4 p\u00e4ivystykseen, Pohde ohjeistaa aina ensin soittamaan p\u00e4ivystysapuun puh. 116117 (auki 24\/7). H\u00e4t\u00e4tilanteissa tulee soittaa aina 112.\n    <\/p>\n<p>Fakta<\/p>\n<p>      Hakeudu hoitoon, jos<\/p>\n<p class=\"article__fact-paragraph\">\n      vointisi heikkenee nopeasti tai olet huolissasi tilanteesta\n    <\/p>\n<p class=\"article__fact-paragraph\">\n      sinulla on hengitysvaikeuksia, rintakipua tai voimakasta hengenahdistusta.\n    <\/p>\n<p class=\"article__fact-paragraph\">\n      korkea kuume jatkuu useita p\u00e4ivi\u00e4 tai ei laske kuumel\u00e4\u00e4kkeill\u00e4\n    <\/p>\n<p class=\"article__fact-paragraph\">\n      et pysty juomaan tai pit\u00e4m\u00e4\u00e4n nesteit\u00e4 sis\u00e4ll\u00e4\n    <\/p>\n<p class=\"article__fact-paragraph\">\n      kuulut riskiryhm\u00e4\u00e4n esimerkiksi i\u00e4n tai perussairauden vuoksi\n    <\/p>\n","protected":false},"excerpt":{"rendered":"Pohjois-Pohjanmaan hyvinvointialueen Pohteen alueella on liikkeell\u00e4 runsaasti hengitystieinfektioita, kuten influenssaa ja koronavirusta. Lis\u00e4ksi norovirustapausten m\u00e4\u00e4r\u00e4 on kasvussa, Pohde&hellip;\n","protected":false},"author":2,"featured_media":126279,"comment_status":"","ping_status":"","sticky":false,"template":"","format":"standard","meta":{"footnotes":""},"categories":[165],"tags":[33,31,30,166,32,167],"class_list":{"0":"post-126278","1":"post","2":"type-post","3":"status-publish","4":"format-standard","5":"has-post-thumbnail","7":"category-terveys","8":"tag-fi","9":"tag-finland","10":"tag-finnish","11":"tag-health","12":"tag-suomi","13":"tag-terveys"},"share_on_mastodon":{"url":"https:\/\/pubeurope.com\/@fi\/115785927525169415","error":""},"_links":{"self":[{"href":"https:\/\/www.europesays.com\/fi\/wp-json\/wp\/v2\/posts\/126278","targetHints":{"allow":["GET"]}}],"collection":[{"href":"https:\/\/www.europesays.com\/fi\/wp-json\/wp\/v2\/posts"}],"about":[{"href":"https:\/\/www.europesays.com\/fi\/wp-json\/wp\/v2\/types\/post"}],"author":[{"embeddable":true,"href":"https:\/\/www.europesays.com\/fi\/wp-json\/wp\/v2\/users\/2"}],"replies":[{"embeddable":true,"href":"https:\/\/www.europesays.com\/fi\/wp-json\/wp\/v2\/comments?post=126278"}],"version-history":[{"count":0,"href":"https:\/\/www.europesays.com\/fi\/wp-json\/wp\/v2\/posts\/126278\/revisions"}],"wp:featuredmedia":[{"embeddable":true,"href":"https:\/\/www.europesays.com\/fi\/wp-json\/wp\/v2\/media\/126279"}],"wp:attachment":[{"href":"https:\/\/www.europesays.com\/fi\/wp-json\/wp\/v2\/media?parent=126278"}],"wp:term":[{"taxonomy":"category","embeddable":true,"href":"https:\/\/www.europesays.com\/fi\/wp-json\/wp\/v2\/categories?post=126278"},{"taxonomy":"post_tag","embeddable":true,"href":"https:\/\/www.europesays.com\/fi\/wp-json\/wp\/v2\/tags?post=126278"}],"curies":[{"name":"wp","href":"https:\/\/api.w.org\/{rel}","templated":true}]}}