{"id":126280,"date":"2025-12-26T12:43:07","date_gmt":"2025-12-26T12:43:07","guid":{"rendered":"https:\/\/www.europesays.com\/fi\/126280\/"},"modified":"2025-12-26T12:43:07","modified_gmt":"2025-12-26T12:43:07","slug":"ss-kovimmat-paineet-asetan-itselleni-miika-nuutinen-tarttuu-tarmolla-toimeen-kupsssa-uutiset","status":"publish","type":"post","link":"https:\/\/www.europesays.com\/fi\/126280\/","title":{"rendered":"SS: &#8221;Kovimmat paineet asetan itselleni&#8221; &#8211; Miika Nuutinen tarttuu tarmolla toimeen KuPS:ssa | Uutiset"},"content":{"rendered":"<p>Nuutinen on kuitenkin jo ehtinyt olla mukana tulevan kauden joukkueen kokoamisessa.<\/p>\n<p>\u2013 On ollut aika tiiviit\u00e4 p\u00e4ivi\u00e4 sopimuksen julkaisun j\u00e4lkeen, mutta joukkueen rakentamisessa on viel\u00e4 ty\u00f6t\u00e4 j\u00e4ljell\u00e4, Nuutinen kertoi <a href=\"https:\/\/www.savonsanomat.fi\/urheilu\/9101868\" target=\"_blank\" rel=\"nofollow noopener\"><strong>Savon Sanomille<\/strong><\/a>.<\/p>\n<p>Koska KuPS:n kausi venyi yli joulukuun puoliv\u00e4lin, paluu harjoituksiin on edess\u00e4 vasta tammikuun puoliv\u00e4liss\u00e4. Edess\u00e4 on ensin Liigacupin otteluita ja halmikuun lopulla sitten Konferenssiliigan pudotuspelit.<\/p>\n<p>\u2013 Se on kyll\u00e4 valtavan hieno paikka aloittaa, mutta samalla haastava. Meill\u00e4 vaihtuu kausi v\u00e4liss\u00e4 ja samalla joukkuekin uusiutuu reilusti, Nuutinen muistuttaa.<\/p>\n<p>Haaste eurokentill\u00e4 tuo toki mukanaan my\u00f6s omat paineet samoin kuin Veikkausliigakauteen l\u00e4hteminen puolustavana mestaruna.<\/p>\n<p>\u2013 Olen ehtinyt onneksi tottua valmennusty\u00f6n luomiin paineisiin ja pystyn ne kyll\u00e4 k\u00e4sittelem\u00e4\u00e4n. Kovimmat paineet asetan kuitenkin itselleni, Nuutinen alleviivaa.<\/p>\n","protected":false},"excerpt":{"rendered":"Nuutinen on kuitenkin jo ehtinyt olla mukana tulevan kauden joukkueen kokoamisessa. \u2013 On ollut aika tiiviit\u00e4 p\u00e4ivi\u00e4 sopimuksen&hellip;\n","protected":false},"author":2,"featured_media":126281,"comment_status":"","ping_status":"","sticky":false,"template":"","format":"standard","meta":{"footnotes":""},"categories":[158],"tags":[33,31,30,159,32,160],"class_list":{"0":"post-126280","1":"post","2":"type-post","3":"status-publish","4":"format-standard","5":"has-post-thumbnail","7":"category-urheilu","8":"tag-fi","9":"tag-finland","10":"tag-finnish","11":"tag-sports","12":"tag-suomi","13":"tag-urheilu"},"share_on_mastodon":{"url":"https:\/\/pubeurope.com\/@fi\/115785931530285554","error":""},"_links":{"self":[{"href":"https:\/\/www.europesays.com\/fi\/wp-json\/wp\/v2\/posts\/126280","targetHints":{"allow":["GET"]}}],"collection":[{"href":"https:\/\/www.europesays.com\/fi\/wp-json\/wp\/v2\/posts"}],"about":[{"href":"https:\/\/www.europesays.com\/fi\/wp-json\/wp\/v2\/types\/post"}],"author":[{"embeddable":true,"href":"https:\/\/www.europesays.com\/fi\/wp-json\/wp\/v2\/users\/2"}],"replies":[{"embeddable":true,"href":"https:\/\/www.europesays.com\/fi\/wp-json\/wp\/v2\/comments?post=126280"}],"version-history":[{"count":0,"href":"https:\/\/www.europesays.com\/fi\/wp-json\/wp\/v2\/posts\/126280\/revisions"}],"wp:featuredmedia":[{"embeddable":true,"href":"https:\/\/www.europesays.com\/fi\/wp-json\/wp\/v2\/media\/126281"}],"wp:attachment":[{"href":"https:\/\/www.europesays.com\/fi\/wp-json\/wp\/v2\/media?parent=126280"}],"wp:term":[{"taxonomy":"category","embeddable":true,"href":"https:\/\/www.europesays.com\/fi\/wp-json\/wp\/v2\/categories?post=126280"},{"taxonomy":"post_tag","embeddable":true,"href":"https:\/\/www.europesays.com\/fi\/wp-json\/wp\/v2\/tags?post=126280"}],"curies":[{"name":"wp","href":"https:\/\/api.w.org\/{rel}","templated":true}]}}