{"id":126287,"date":"2025-12-26T12:49:10","date_gmt":"2025-12-26T12:49:10","guid":{"rendered":"https:\/\/www.europesays.com\/fi\/126287\/"},"modified":"2025-12-26T12:49:10","modified_gmt":"2025-12-26T12:49:10","slug":"mies-valehteli-sukulaisestaan-suurlahetystolle-karmeat-seuraukset","status":"publish","type":"post","link":"https:\/\/www.europesays.com\/fi\/126287\/","title":{"rendered":"Mies valehteli sukulaisestaan suurl\u00e4hetyst\u00f6lle \u2013 karmeat seuraukset"},"content":{"rendered":"<p>43-vuotias mies passitti valheellisella ilmiannollaan sukulaismiehens\u00e4 karmeaan vankilaan Turkissa.<\/p>\n<p class=\"article-body mb-nof-24 px-nof-16\">43-vuotias mies kertoi Helsingiss\u00e4 Turkin suurl\u00e4hetyst\u00f6lle, ett\u00e4 h\u00e4nen sukulaisensa on mukana turkkilaisen terroristij\u00e4rjest\u00f6n toiminnassa.<\/p>\n<p class=\"article-body mb-nof-24 px-nof-16\">Ilmiannettu mies matkusti Turkkiin ja joutui siell\u00e4 vankilaan. Kun h\u00e4n palasi Suomeen, uhri teki 43-vuotiaasta rikosilmoituksen, sill\u00e4 h\u00e4n ei liittynyt toimintaan mill\u00e4\u00e4n tapaa.<\/p>\n<p class=\"article-body mb-nof-24 px-nof-16\">Ilmiannettu mies kertoi oikeudessa, ett\u00e4 h\u00e4n l\u00e4hti Suomesta kotimaahansa Turkkiin kahden kaverinsa kanssa hoitamaan erilaisia asioita maaliskuussa 2021.<\/p>\n<p class=\"article-body mb-nof-24 px-nof-16\">Kun mies p\u00e4\u00e4si Turkissa is\u00e4ns\u00e4 luo, he istuivat rauhallisesti iltaa. Ilmiannettu kertoi oikeudessa, ett\u00e4 tuolloin yht\u00e4kki\u00e4 sis\u00e4\u00e4n rynni noin 20 poliisia terrorismintorjunta\u00adyksik\u00f6st\u00e4.<\/p>\n<p class=\"article-body mb-nof-24 px-nof-16\">Kun poliisit ottivat miehen kiinni, h\u00e4n kysyi, mist\u00e4 oikein on kyse. Miehelle sanottiin, ett\u00e4 h\u00e4nest\u00e4 oli tehty vuotta aikaisemmin ilmianto suurl\u00e4hetyst\u00f6\u00f6n.<\/p>\n<p class=\"article-body mb-nof-24 px-nof-16\">Joku oli v\u00e4itt\u00e4nyt, ett\u00e4 mies oli ker\u00e4nnyt rahaa turkkilaiselle terrorij\u00e4rjest\u00f6 PKK:lle ja vienyt rahat is\u00e4lleen Turkkiin. Mies ja h\u00e4nen is\u00e4ns\u00e4 vangittiin.<\/p>\n<p class=\"article-body mb-nof-24 px-nof-16\">Mies kiisti kaikki syytteet. Miehen vangitsemista jatkettiin oikeuden p\u00e4\u00e4t\u00f6ksell\u00e4, ja mies siirrettiin vankilaan, jossa olot olivat hyvin kurjat.<\/p>\n<p class=\"article-body mb-nof-24 px-nof-16\">Miehen mukaan vankilassa oli aivan liikaa vankeja suhteessa tiloihin, h\u00e4nen selliss\u00e4\u00e4n oli ollut vain yksi vessa ja l\u00e4mmint\u00e4 vett\u00e4 oli tullut vain yksi tunti kerran viikossa.<\/p>\n<p class=\"article-body mb-nof-24 px-nof-16\">\u2013 Oli ollut pakko tottua peseytym\u00e4\u00e4n kylm\u00e4ll\u00e4 vedell\u00e4, koska vaihtoehtoja ei ollut ollut, tuomiossa sanotaan.<\/p>\n<p class=\"article-body mb-nof-24 px-nof-16\">Mies oli vankilassa kaksi kuukautta, jonka j\u00e4lkeen h\u00e4net siirrettiin kotiarestiin nilkkapannan kanssa. Kun aresti ja matkustuskielto p\u00e4\u00e4ttyiv\u00e4t kahden kuukauden p\u00e4\u00e4st\u00e4, mies l\u00e4hti Turkista Suomeen, jossa h\u00e4nt\u00e4 odottivat vaimo ja 7 lasta.<\/p>\n<p class=\"article-body mb-nof-24 px-nof-16\">Suomessa mies otti yhteytt\u00e4 suojelupoliisiin ja asianajajaan.<\/p>\n<p class=\"article-body mb-nof-24 px-nof-16\">43-vuotias mies kiisti tehneens\u00e4 ilmiannon. Mies v\u00e4itti, ett\u00e4 sai tiet\u00e4\u00e4 ilmiannosta vasta, kun poliisi kutsui h\u00e4net kuulusteluihin vuonna 2023.<\/p>\n<p class=\"article-body mb-nof-24 px-nof-16\">\u2013 Sit\u00e4, miten ja miksi vastaajan nimi oli kirjattu hein\u00e4kuussa 2020 suurl\u00e4hetyst\u00f6ss\u00e4 ilmiantajaksi, vastaaja ei ole osannut sanoa, tuomiossa lausutaan.<\/p>\n<p class=\"article-body mb-nof-24 px-nof-16\">Koska suurl\u00e4hetyst\u00f6 ei suostunut antamaan poliisille esitutkinnassa tietoa, oliko nyt tuomittu mies k\u00e4ynyt tekem\u00e4ss\u00e4 ilmiannon, syytt\u00e4j\u00e4 ei nostanut syytteit\u00e4 n\u00e4yt\u00f6n puutteen vuoksi.<\/p>\n<p class=\"article-body mb-nof-24 px-nof-16\">Uhri ajoi syytteit\u00e4 itse asianomistajana. K\u00e4r\u00e4j\u00e4oikeudelle toimitettiin my\u00f6hemmin my\u00f6s toista kautta vaaditut asiakirjat.<\/p>\n<p class=\"article-body mb-nof-24 px-nof-16\">N\u00e4ytt\u00f6 todisti oikeudelle sen, ett\u00e4 43-vuotias mies oli ollut ilmiantaja.<\/p>\n<p class=\"article-body mb-nof-24 px-nof-16\">Oikeuden mukaan ilmianto on sis\u00e4lt\u00e4nyt laajaa, r\u00f6nsyilev\u00e4\u00e4 mustamaalaamista ja sill\u00e4 oli ollut \u201dpahansuopa kostomotiivi\u201d. Sill\u00e4 on tuomion mukaan haluttu aiheuttaa vaikeuksia viranomaisten ja maassa oleskelun kanssa sek\u00e4 Suomessa ett\u00e4 Turkissa.<\/p>\n<p class=\"article-body mb-nof-24 px-nof-16\">\u2013 T\u00e4h\u00e4n on viitannut my\u00f6s se, ett\u00e4 asianomistaja oli l\u00e4hetyst\u00f6lle kertonut tehneens\u00e4 ilmoituksen Suomen poliisin ohella my\u00f6s Suomen maahanmuuttovirastolle.<\/p>\n<p class=\"article-body mb-nof-24 px-nof-16\">Tuomion mukaan PKK on aseellinen terroristij\u00e4rjest\u00f6 Turkissa ja maassa pelk\u00e4st\u00e4 j\u00e4senyydest\u00e4 voidaan tuomita 5\u201320 vuoden vankeusrangaistus.<\/p>\n<p class=\"article-body mb-nof-24 px-nof-16\">\u2013 Ep\u00e4selvyytt\u00e4 ei ole j\u00e4\u00e4nyt siit\u00e4, etteik\u00f6 vastaaja ole kaikki n\u00e4m\u00e4 seikat huomioon ottaen erityisen hyvin tiennyt, mit\u00e4 merkitsee ilmianto PKK:n rahoittamisesta koskien henkil\u00f6\u00e4, joka tulisi mahdollisesti matkustamaan Suomesta juuri kyseiselle alueelle kotiseudulleen, tuomiossa sanotaan.<\/p>\n<p class=\"article-body mb-nof-24 px-nof-16\">Tuomion mukaan ilmiantajan on pit\u00e4nyt tiet\u00e4\u00e4, ett\u00e4 h\u00e4n aiheutti sukulaiselleen vaaraa joutua rikosseuraamusten kohteeksi rikoksesta, jota mies ei ollut tehnyt. Siit\u00e4 ei l\u00f6ytynyt mink\u00e4\u00e4nlaista n\u00e4ytt\u00f6\u00e4, ett\u00e4 uhri olisi ollut mill\u00e4\u00e4n tapaa tekemisiss\u00e4 PKK:n kanssa.<\/p>\n<p class=\"article-body mb-nof-24 px-nof-16\">43-vuotias mies tuomittiin Helsingin k\u00e4r\u00e4j\u00e4oikeudessa v\u00e4\u00e4r\u00e4st\u00e4 ilmiannosta 3 kuukauden ehdolliseen vankeustuomioon.<\/p>\n<p class=\"article-body mb-nof-24 px-nof-16\">Mies m\u00e4\u00e4r\u00e4ttiin korvaamaan uhrille k\u00e4rsimyksest\u00e4 my\u00f6s 10\u202f000 euroa sek\u00e4 samansuuruisen summan oikeudenk\u00e4yntikuluja.<\/p>\n<p class=\"article-body mb-nof-24 px-nof-16\">Tuomio ei ole lainvoimainen.<\/p>\n","protected":false},"excerpt":{"rendered":"43-vuotias mies passitti valheellisella ilmiannollaan sukulaismiehens\u00e4 karmeaan vankilaan Turkissa. 43-vuotias mies kertoi Helsingiss\u00e4 Turkin suurl\u00e4hetyst\u00f6lle, ett\u00e4 h\u00e4nen sukulaisensa&hellip;\n","protected":false},"author":2,"featured_media":126288,"comment_status":"","ping_status":"","sticky":false,"template":"","format":"standard","meta":{"footnotes":""},"categories":[12],"tags":[22,23,26,27,33,31,30,17,34,24,25,28,29,15,18,21,32,19,20,16],"class_list":{"0":"post-126287","1":"post","2":"type-post","3":"status-publish","4":"format-standard","5":"has-post-thumbnail","7":"category-suomi","8":"tag-breaking-news","9":"tag-breakingnews","10":"tag-featured-news","11":"tag-featurednews","12":"tag-fi","13":"tag-finland","14":"tag-finnish","15":"tag-headlines","16":"tag-ilta-sanomat","17":"tag-latest-news","18":"tag-latestnews","19":"tag-main-news","20":"tag-mainnews","21":"tag-news","22":"tag-otsikot","23":"tag-paauutiset","24":"tag-suomi","25":"tag-top-stories","26":"tag-topstories","27":"tag-uutiset"},"share_on_mastodon":{"url":"https:\/\/pubeurope.com\/@fi\/115785955028262145","error":""},"_links":{"self":[{"href":"https:\/\/www.europesays.com\/fi\/wp-json\/wp\/v2\/posts\/126287","targetHints":{"allow":["GET"]}}],"collection":[{"href":"https:\/\/www.europesays.com\/fi\/wp-json\/wp\/v2\/posts"}],"about":[{"href":"https:\/\/www.europesays.com\/fi\/wp-json\/wp\/v2\/types\/post"}],"author":[{"embeddable":true,"href":"https:\/\/www.europesays.com\/fi\/wp-json\/wp\/v2\/users\/2"}],"replies":[{"embeddable":true,"href":"https:\/\/www.europesays.com\/fi\/wp-json\/wp\/v2\/comments?post=126287"}],"version-history":[{"count":0,"href":"https:\/\/www.europesays.com\/fi\/wp-json\/wp\/v2\/posts\/126287\/revisions"}],"wp:featuredmedia":[{"embeddable":true,"href":"https:\/\/www.europesays.com\/fi\/wp-json\/wp\/v2\/media\/126288"}],"wp:attachment":[{"href":"https:\/\/www.europesays.com\/fi\/wp-json\/wp\/v2\/media?parent=126287"}],"wp:term":[{"taxonomy":"category","embeddable":true,"href":"https:\/\/www.europesays.com\/fi\/wp-json\/wp\/v2\/categories?post=126287"},{"taxonomy":"post_tag","embeddable":true,"href":"https:\/\/www.europesays.com\/fi\/wp-json\/wp\/v2\/tags?post=126287"}],"curies":[{"name":"wp","href":"https:\/\/api.w.org\/{rel}","templated":true}]}}