{"id":126289,"date":"2025-12-26T12:50:15","date_gmt":"2025-12-26T12:50:15","guid":{"rendered":"https:\/\/www.europesays.com\/fi\/126289\/"},"modified":"2025-12-26T12:50:15","modified_gmt":"2025-12-26T12:50:15","slug":"hs10-ravintolat-listaus-talvi-2025","status":"publish","type":"post","link":"https:\/\/www.europesays.com\/fi\/126289\/","title":{"rendered":"HS10 ravintolat listaus talvi 2025"},"content":{"rendered":"<p>SiteWide ContentPlaceholder<\/p>\n<p>Main ContentPlaceholder<\/p>\n<p class=\"hs-section-removal article-ingress--medium\">HS10|HS10-ravintolat listauksessa on t\u00e4ll\u00e4 viikolla muun muassa aitokiinalaisia makuja tarjoava Leaf ja suomalaista pubikulttuuria eteenp\u00e4in ty\u00f6nt\u00e4v\u00e4 The Tart.<\/p>\n<p><img decoding=\"async\" src=\"https:\/\/www.europesays.com\/fi\/wp-content\/uploads\/2025\/12\/1766753415_207_468.jpg\" alt=\"\" class=\"_Img_1rerz_1\" style=\"aspect-ratio:1.7777777777777777\" loading=\"eager\"\/><\/p>\n<p class=\"article-picture-caption\">Kuva:\u00a0Aleksi Kinnunen, Matti Pietola HS, Kimmo Taskinen HS<\/p>\n<p><a href=\"https:\/\/www.hs.fi\/haku\/?query=Minja+Rantavaara+HS\" rel=\"nofollow noopener\" target=\"_blank\"><\/p>\n<p>Minja Rantavaara HS<\/p>\n<p><\/a><\/p>\n<p>13:00<\/p>\n<p>KommentoiIlmoita asiavirheest\u00e4KommentoiIlmoita asiavirheest\u00e4<\/p>\n","protected":false},"excerpt":{"rendered":"SiteWide ContentPlaceholder Main ContentPlaceholder HS10|HS10-ravintolat listauksessa on t\u00e4ll\u00e4 viikolla muun muassa aitokiinalaisia makuja tarjoava Leaf ja suomalaista pubikulttuuria&hellip;\n","protected":false},"author":2,"featured_media":126290,"comment_status":"","ping_status":"","sticky":false,"template":"","format":"standard","meta":{"footnotes":""},"categories":[5],"tags":[22,23,26,27,33,31,30,17,46,24,25,28,29,15,18,21,32,19,20,16],"class_list":{"0":"post-126289","1":"post","2":"type-post","3":"status-publish","4":"format-standard","5":"has-post-thumbnail","7":"category-otsikot","8":"tag-breaking-news","9":"tag-breakingnews","10":"tag-featured-news","11":"tag-featurednews","12":"tag-fi","13":"tag-finland","14":"tag-finnish","15":"tag-headlines","16":"tag-helsingin-sanomat","17":"tag-latest-news","18":"tag-latestnews","19":"tag-main-news","20":"tag-mainnews","21":"tag-news","22":"tag-otsikot","23":"tag-paauutiset","24":"tag-suomi","25":"tag-top-stories","26":"tag-topstories","27":"tag-uutiset"},"share_on_mastodon":{"url":"https:\/\/pubeurope.com\/@fi\/115785959292835491","error":""},"_links":{"self":[{"href":"https:\/\/www.europesays.com\/fi\/wp-json\/wp\/v2\/posts\/126289","targetHints":{"allow":["GET"]}}],"collection":[{"href":"https:\/\/www.europesays.com\/fi\/wp-json\/wp\/v2\/posts"}],"about":[{"href":"https:\/\/www.europesays.com\/fi\/wp-json\/wp\/v2\/types\/post"}],"author":[{"embeddable":true,"href":"https:\/\/www.europesays.com\/fi\/wp-json\/wp\/v2\/users\/2"}],"replies":[{"embeddable":true,"href":"https:\/\/www.europesays.com\/fi\/wp-json\/wp\/v2\/comments?post=126289"}],"version-history":[{"count":0,"href":"https:\/\/www.europesays.com\/fi\/wp-json\/wp\/v2\/posts\/126289\/revisions"}],"wp:featuredmedia":[{"embeddable":true,"href":"https:\/\/www.europesays.com\/fi\/wp-json\/wp\/v2\/media\/126290"}],"wp:attachment":[{"href":"https:\/\/www.europesays.com\/fi\/wp-json\/wp\/v2\/media?parent=126289"}],"wp:term":[{"taxonomy":"category","embeddable":true,"href":"https:\/\/www.europesays.com\/fi\/wp-json\/wp\/v2\/categories?post=126289"},{"taxonomy":"post_tag","embeddable":true,"href":"https:\/\/www.europesays.com\/fi\/wp-json\/wp\/v2\/tags?post=126289"}],"curies":[{"name":"wp","href":"https:\/\/api.w.org\/{rel}","templated":true}]}}