{"id":126303,"date":"2025-12-26T13:16:08","date_gmt":"2025-12-26T13:16:08","guid":{"rendered":"https:\/\/www.europesays.com\/fi\/126303\/"},"modified":"2025-12-26T13:16:08","modified_gmt":"2025-12-26T13:16:08","slug":"pate-mustajarvi-on-kuollut-2","status":"publish","type":"post","link":"https:\/\/www.europesays.com\/fi\/126303\/","title":{"rendered":"Pate Mustaj\u00e4rvi on kuollut"},"content":{"rendered":"<p>Mustaj\u00e4rvi oli kuollessaan 69-vuotias.<\/p>\n<p class=\"article-body mb-nof-24 px-nof-16\">Muusikko <a class=\"article-personlink\" href=\"https:\/\/www.aamulehti.fi\/haku\/?query=Pauli%20%E2%80%9DPate%E2%80%9D%20Mustaj%C3%A4rvi\" rel=\"nofollow noopener\" target=\"_blank\">Pauli \u201dPate\u201d Mustaj\u00e4rvi <\/a>on kuollut. Asiasta kerrotaan Mustaj\u00e4rven virallisella <a class=\"underline underline-offset-[0.12em] [text-decoration-thickness:var(--generic-link-underline-thickness)] [text-decoration-color:var(--generic-link-underline-color)] [text-decoration-skip-ink:var(--generic-link-underline-skip-ink)] break-words\" href=\"https:\/\/www.instagram.com\/p\/DSuf5vzDBrD\/?hl=fi\" rel=\"nofollow noopener\" target=\"_blank\">Instagram-tilill\u00e4<\/a>.<\/p>\n<p class=\"article-body mb-nof-24 px-nof-16\">Popeda-yhtyeen keulakuvana ja solistina tunnettu Mustaj\u00e4rvi oli kuollessaan 69-vuotias. Mustaj\u00e4rvi kertoi lokakuussa, ett\u00e4 h\u00e4nelt\u00e4 oli l\u00f6ydetty kasvain. H\u00e4n kuvaili tuolloin kasvainta \u201dluonteeltaan suhteellisen \u00e4rh\u00e4kk\u00e4\u00e4ksi\u201d.<\/p>\n<p class=\"article-body mb-nof-24 px-nof-16\">Mustaj\u00e4rvi perui keikkojaan aiemmin syksyll\u00e4. Tuolloin h\u00e4n kertoi murtaneensa kylkiluitaan, kun kompastui portaikossa.<\/p>\n<p class=\"article-body mb-nof-24 px-nof-16\">Mustaj\u00e4rven oli tarkoitus juhlistaa ensi vuonna koittavaa 70-vuotismerkkip\u00e4iv\u00e4\u00e4ns\u00e4 helmikuussa alkavalla 70 syyt\u00e4 juhlaan -konsertti- ja teatterisalikiertueella.<\/p>\n<p class=\"article-body mb-nof-24 px-nof-16\">Popeda soitti viimeisen keikkansa Mustaj\u00e4rven kanssa syyskuussa 2023 Tampereella Ratinan stadionilla. Mustaj\u00e4rvi oli Popedan viimeinen alkuper\u00e4isj\u00e4sen. Yhtyeen solistiksi valittiin h\u00e4nen j\u00e4lkeens\u00e4 <a class=\"article-personlink\" href=\"https:\/\/www.aamulehti.fi\/haku\/?query=Olli%20Herman\" rel=\"nofollow noopener\" target=\"_blank\">Olli Herman<\/a>.<\/p>\n<p class=\"article-body mb-nof-24 px-nof-16\">Popeda-uransa ohella Mustaj\u00e4rvi julkaisi lukuisia sooloalbumeja.<\/p>\n<p class=\"article-body mb-nof-24 px-nof-16\">Mustaj\u00e4rven el\u00e4m\u00e4st\u00e4 on tarkoitus julkaista ensi vuonna h\u00e4nen ja h\u00e4nen puolisonsa <a class=\"article-personlink\" href=\"https:\/\/www.aamulehti.fi\/haku\/?query=Tina%20Finnin\" rel=\"nofollow noopener\" target=\"_blank\">Tina Finnin<\/a> kirjoittama Testamenttini-omael\u00e4m\u00e4kerta (Docendo).<\/p>\n<p class=\"article-body nof-ui-body-medium mb-nof-24 px-nof-16\">Uutinen p\u00e4ivittyy.<\/p>\n<p><script async src=\"\/\/www.instagram.com\/embed.js\"><\/script><\/p>\n","protected":false},"excerpt":{"rendered":"Mustaj\u00e4rvi oli kuollessaan 69-vuotias. Muusikko Pauli \u201dPate\u201d Mustaj\u00e4rvi on kuollut. Asiasta kerrotaan Mustaj\u00e4rven virallisella Instagram-tilill\u00e4. Popeda-yhtyeen keulakuvana ja&hellip;\n","protected":false},"author":2,"featured_media":126304,"comment_status":"","ping_status":"","sticky":false,"template":"","format":"standard","meta":{"footnotes":""},"categories":[5],"tags":[157,22,23,26,27,33,31,30,17,24,25,28,29,15,18,21,32,19,20,16],"class_list":{"0":"post-126303","1":"post","2":"type-post","3":"status-publish","4":"format-standard","5":"has-post-thumbnail","7":"category-otsikot","8":"tag-aamulehti","9":"tag-breaking-news","10":"tag-breakingnews","11":"tag-featured-news","12":"tag-featurednews","13":"tag-fi","14":"tag-finland","15":"tag-finnish","16":"tag-headlines","17":"tag-latest-news","18":"tag-latestnews","19":"tag-main-news","20":"tag-mainnews","21":"tag-news","22":"tag-otsikot","23":"tag-paauutiset","24":"tag-suomi","25":"tag-top-stories","26":"tag-topstories","27":"tag-uutiset"},"share_on_mastodon":{"url":"https:\/\/pubeurope.com\/@fi\/115786061140886535","error":""},"_links":{"self":[{"href":"https:\/\/www.europesays.com\/fi\/wp-json\/wp\/v2\/posts\/126303","targetHints":{"allow":["GET"]}}],"collection":[{"href":"https:\/\/www.europesays.com\/fi\/wp-json\/wp\/v2\/posts"}],"about":[{"href":"https:\/\/www.europesays.com\/fi\/wp-json\/wp\/v2\/types\/post"}],"author":[{"embeddable":true,"href":"https:\/\/www.europesays.com\/fi\/wp-json\/wp\/v2\/users\/2"}],"replies":[{"embeddable":true,"href":"https:\/\/www.europesays.com\/fi\/wp-json\/wp\/v2\/comments?post=126303"}],"version-history":[{"count":0,"href":"https:\/\/www.europesays.com\/fi\/wp-json\/wp\/v2\/posts\/126303\/revisions"}],"wp:featuredmedia":[{"embeddable":true,"href":"https:\/\/www.europesays.com\/fi\/wp-json\/wp\/v2\/media\/126304"}],"wp:attachment":[{"href":"https:\/\/www.europesays.com\/fi\/wp-json\/wp\/v2\/media?parent=126303"}],"wp:term":[{"taxonomy":"category","embeddable":true,"href":"https:\/\/www.europesays.com\/fi\/wp-json\/wp\/v2\/categories?post=126303"},{"taxonomy":"post_tag","embeddable":true,"href":"https:\/\/www.europesays.com\/fi\/wp-json\/wp\/v2\/tags?post=126303"}],"curies":[{"name":"wp","href":"https:\/\/api.w.org\/{rel}","templated":true}]}}