{"id":126309,"date":"2025-12-26T13:36:08","date_gmt":"2025-12-26T13:36:08","guid":{"rendered":"https:\/\/www.europesays.com\/fi\/126309\/"},"modified":"2025-12-26T13:36:08","modified_gmt":"2025-12-26T13:36:08","slug":"tallaisia-olivat-pate-mustajarven-viimeiset-paivitykset","status":"publish","type":"post","link":"https:\/\/www.europesays.com\/fi\/126309\/","title":{"rendered":"T\u00e4llaisia olivat Pate Mustaj\u00e4rven viimeiset p\u00e4ivitykset"},"content":{"rendered":"<p>Pate Mustaj\u00e4rvi kertoi hiljattain tulevasta kirjastaan ja halusi muistaa sodissa kaatuneita.<\/p>\n<p class=\"article-body mb-nof-24 px-nof-16\">Tapaninp\u00e4iv\u00e4n\u00e4 kuollut muusikko <a class=\"article-personlink\" href=\"https:\/\/www.is.fi\/haku\/?query=Pauli%20%E2%80%9DPate%E2%80%9D%20Mustaj%C3%A4rvi\" rel=\"nofollow noopener\" target=\"_blank\">Pauli \u201dPate\u201d Mustaj\u00e4rvi<\/a>, 69, julkaisi viel\u00e4 aivan hiljattain aktiivisesti sis\u00e4lt\u00f6\u00e4 sosiaalisen median tileill\u00e4\u00e4n.<\/p>\n<p class=\"article-body mb-nof-24 px-nof-16\">Popeda-yhtyeen keulahahmona tunnetuksi tullut Mustaj\u00e4rvi kertoi viimeisiss\u00e4 p\u00e4ivityksiss\u00e4\u00e4n muun muassa kirjaprojektistaan. H\u00e4nen el\u00e4m\u00e4st\u00e4\u00e4n ollaan julkaisemassa h\u00e4nen ja puoliso <a class=\"article-personlink\" href=\"https:\/\/www.is.fi\/haku\/?query=Tina%20Finnin\" rel=\"nofollow noopener\" target=\"_blank\">Tina Finnin<\/a> kirjoittama Testamenttini-niminen teos (Docendo).<\/p>\n<p class=\"article-body mb-nof-24 px-nof-16\">\u2013 Viime tammikuussa, kun alettiin suunnittelemaan mun tulevaa 70-vuotisjuhlavuotta, niin m\u00e4\u00e4 keksin, ett\u00e4 kirjoitetaanpa kirja, jossa on v\u00e4h\u00e4n erilainen n\u00e4k\u00f6kulma asioihin kuin aiemmissa kirjoissa, Mustaj\u00e4rvi kirjoitti muutama viikko sitten Instagramissa.<\/p>\n<p class=\"article-body mb-nof-24 px-nof-16\">H\u00e4n kertoi, ett\u00e4 kirjaprojektiin kysyttiin mukaan muutamia tuttuja, ty\u00f6kavereita, yst\u00e4vi\u00e4 ja sukulaisia kertomaan omia muistojaan Mustaj\u00e4rvest\u00e4.<\/p>\n<p class=\"article-body mb-nof-24 px-nof-16\">\u2013 Toki kerron t\u00e4ss\u00e4 kirjassa my\u00f6s mun Popedan j\u00e4lkeisest\u00e4 ajasta ja el\u00e4m\u00e4ntapahtumista. Sy\u00f6v\u00e4n perkele heitti pienen kierrepallon keikkasuunnitelmiin, mutta t\u00e4ss\u00e4 sairauslomalla ollessa on hyvin aikaa kirjoittaa, h\u00e4n totesi.<\/p>\n<p class=\"article-body mb-nof-24 px-nof-16\">Mustaj\u00e4rvi oli lokakuussa kertonut, ett\u00e4 h\u00e4nen kehostaan oli l\u00f6ytynyt \u201dtuumori, joka paljastui luonteeltaan suhteellisen \u00e4rh\u00e4kk\u00e4\u00e4ksi\u201d.<\/p>\n<p class=\"article-body mb-nof-24 px-nof-16\">Sairaus ilmeni, kun Mustaj\u00e4rvi joutui l\u00e4\u00e4k\u00e4riin kaaduttuaan kotonaan ja murrettuaan kylkiluitaan. Marraskuussa Mustaj\u00e4rvi kertoi <a class=\"underline underline-offset-[0.12em] [text-decoration-thickness:var(--generic-link-underline-thickness)] [text-decoration-color:var(--generic-link-underline-color)] [text-decoration-skip-ink:var(--generic-link-underline-skip-ink)] break-words\" href=\"https:\/\/www.instagram.com\/p\/DRBkdnJDPA2\/\" rel=\"nofollow noopener\" target=\"_blank\">Instagramissa<\/a>, ett\u00e4 kyse on sy\u00f6v\u00e4st\u00e4.<\/p>\n<p class=\"article-body mb-nof-24 px-nof-16\">Mustaj\u00e4rvi julkaisi koskettavan p\u00e4ivityksen my\u00f6s <a class=\"underline underline-offset-[0.12em] [text-decoration-thickness:var(--generic-link-underline-thickness)] [text-decoration-color:var(--generic-link-underline-color)] [text-decoration-skip-ink:var(--generic-link-underline-skip-ink)] break-words\" href=\"https:\/\/www.facebook.com\/reel\/1227469909250283\" rel=\"nofollow noopener\" target=\"_blank\">Facebook-tilill\u00e4\u00e4n <\/a>itsen\u00e4isyysp\u00e4iv\u00e4n\u00e4 6. joulukuuta.<\/p>\n<p class=\"article-body mb-nof-24 px-nof-16\">Julkaisemallaan videolla Mustaj\u00e4rvi halusi muistaa sodissa kaatuneita.<\/p>\n<p class=\"article-body mb-nof-24 px-nof-16\">\u2013 Ilman n\u00e4it\u00e4 miehi\u00e4 meill\u00e4kin saatettaisiin laulaa v\u00e4h\u00e4n toisenlaisia lauluja. Muistakaa heit\u00e4 kiitollisina t\u00e4st\u00e4 uhrauksesta, Mustaj\u00e4rvi sanoo videolla.<\/p>\n<p class=\"article-body mb-nof-24 px-nof-16\">Kuvatekstiss\u00e4 lukee, ett\u00e4 julkaisu on alun perin tehty muutama vuosi sitten Kaatuneiden Muistos\u00e4\u00e4ti\u00f6n ja Tammenlehv\u00e4n Perinneliiton kanssa.<\/p>\n<p class=\"article-body mb-nof-24 px-nof-16\">Monet Mustaj\u00e4rven seuraajat ovat rient\u00e4neet h\u00e4nen sosiaalisen median tileilleen j\u00e4tt\u00e4m\u00e4\u00e4n osanottonsa ja suremaan laulajat\u00e4hden kuolemaa.<\/p>\n<p class=\"article-body mb-nof-24 px-nof-16\">\u2013 Hyv\u00e4\u00e4 taivasmatkaa ja kiitos kaikesta, Pate.<\/p>\n<p class=\"article-body mb-nof-24 px-nof-16\">\u2013 Kiitos Pate monista vuosista jotka tarjosit upeilla keikoilla. L\u00e4mmin osanotto omaisille.<\/p>\n<p class=\"article-body mb-nof-24 px-nof-16\">\u2013 Vaikea uskoa todeksi.<\/p>\n<p class=\"article-body mb-nof-24 px-nof-16\">\u2013 Hieno mies,suuri menetys.<\/p>\n<p class=\"article-body mb-nof-24 px-nof-16\">\u2013 Ikuinen muisto ja l\u00e4mmin osanotto omaisille.<\/p>\n<p><script async src=\"\/\/www.instagram.com\/embed.js\"><\/script><\/p>\n","protected":false},"excerpt":{"rendered":"Pate Mustaj\u00e4rvi kertoi hiljattain tulevasta kirjastaan ja halusi muistaa sodissa kaatuneita. Tapaninp\u00e4iv\u00e4n\u00e4 kuollut muusikko Pauli \u201dPate\u201d Mustaj\u00e4rvi, 69,&hellip;\n","protected":false},"author":2,"featured_media":126310,"comment_status":"","ping_status":"","sticky":false,"template":"","format":"standard","meta":{"footnotes":""},"categories":[130],"tags":[137,33,31,30,34,32,109],"class_list":{"0":"post-126309","1":"post","2":"type-post","3":"status-publish","4":"format-standard","5":"has-post-thumbnail","7":"category-viihde","8":"tag-entertainment","9":"tag-fi","10":"tag-finland","11":"tag-finnish","12":"tag-ilta-sanomat","13":"tag-suomi","14":"tag-viihde"},"share_on_mastodon":{"url":"https:\/\/pubeurope.com\/@fi\/115786139749403785","error":""},"_links":{"self":[{"href":"https:\/\/www.europesays.com\/fi\/wp-json\/wp\/v2\/posts\/126309","targetHints":{"allow":["GET"]}}],"collection":[{"href":"https:\/\/www.europesays.com\/fi\/wp-json\/wp\/v2\/posts"}],"about":[{"href":"https:\/\/www.europesays.com\/fi\/wp-json\/wp\/v2\/types\/post"}],"author":[{"embeddable":true,"href":"https:\/\/www.europesays.com\/fi\/wp-json\/wp\/v2\/users\/2"}],"replies":[{"embeddable":true,"href":"https:\/\/www.europesays.com\/fi\/wp-json\/wp\/v2\/comments?post=126309"}],"version-history":[{"count":0,"href":"https:\/\/www.europesays.com\/fi\/wp-json\/wp\/v2\/posts\/126309\/revisions"}],"wp:featuredmedia":[{"embeddable":true,"href":"https:\/\/www.europesays.com\/fi\/wp-json\/wp\/v2\/media\/126310"}],"wp:attachment":[{"href":"https:\/\/www.europesays.com\/fi\/wp-json\/wp\/v2\/media?parent=126309"}],"wp:term":[{"taxonomy":"category","embeddable":true,"href":"https:\/\/www.europesays.com\/fi\/wp-json\/wp\/v2\/categories?post=126309"},{"taxonomy":"post_tag","embeddable":true,"href":"https:\/\/www.europesays.com\/fi\/wp-json\/wp\/v2\/tags?post=126309"}],"curies":[{"name":"wp","href":"https:\/\/api.w.org\/{rel}","templated":true}]}}