{"id":126314,"date":"2025-12-26T13:41:16","date_gmt":"2025-12-26T13:41:16","guid":{"rendered":"https:\/\/www.europesays.com\/fi\/126314\/"},"modified":"2025-12-26T13:41:16","modified_gmt":"2025-12-26T13:41:16","slug":"arvohuvilan-omistaja-on-vuosia-osoittanut-mielta-oulun-rakennusvalvontaa-vastaan-naapureita-tilanne-harmittaa","status":"publish","type":"post","link":"https:\/\/www.europesays.com\/fi\/126314\/","title":{"rendered":"Arvohuvilan omistaja on vuosia osoittanut mielt\u00e4 Oulun rakennusvalvontaa vastaan \u2013 Naapureita tilanne harmittaa"},"content":{"rendered":"<p>\n      Nostamme pyhien aikaan esille aiemmin ilmestyneit\u00e4 juttujamme. T\u00e4m\u00e4 juttu on julkaistu ensimm\u00e4isen kerran 5.9.2025.\n    <\/p>\n<p>\n      Entisaikojen loisto on rapistunut ja huvila on j\u00e4\u00e4nyt uudisrakennusten puristukseen.\n    <\/p>\n<p class=\"article__paragraph\">\n      Oulun Toppilansaaressa sijaitsevaa tonttia reunustavassa kuusikossa on yhden miehen mielenosoitusleiri ja pihalla rakennusty\u00f6maan tavaroita.\n    <\/p>\n<p class=\"article__paragraph\">\n      N\u00e4kym\u00e4\u00e4n kiteytyy suojellun ja kulttuurihistoriallisesti arvokkaan Antellin huvilan tilanne.\n    <\/p>\n<p class=\"article__paragraph\">\n      Huvilan omistajan pystytt\u00e4m\u00e4 mielenosoitus on suunnattu Oulun kaupungin rakennusvalvonnalle.\n    <\/p>\n<p class=\"article__paragraph\">\n      Pattitilanne on jatkunut jo vuosia, ja mielenosoituskin nelj\u00e4 vuotta.\n    <\/p>\n<p>Tiivistelm\u00e4 jutusta<\/p>\n<ul class=\"article__expanding_box-unordered_list\">\n<li>Oulun Toppilansaaressa sijaitseva Antellin huvila on joutunut pitk\u00e4kestoiseen kiistan keskelle omistajansa ja kaupungin viranomaisten v\u00e4lill\u00e4.<\/li>\n<li>1800-luvulta per\u00e4isin oleva suojeltu rakennus myytiin yksityisomistukseen 2005, mutta sen kunnostusty\u00f6t ovat j\u00e4\u00e4neet kesken. Omistaja on pystytt\u00e4nyt tontille mielenosoitusleirin protestina rakennusvalvonnalle.<\/li>\n<li>Kiistaa kiinteist\u00f6n omistajan ja kaupungin v\u00e4lille on syntynyt muun muassa sadevesij\u00e4rjestelm\u00e4st\u00e4, luvattomista rakennelmista ja pihan ep\u00e4siisteydest\u00e4.<\/li>\n<li>Rakennusvalvonta on antanut huomautuksia, ja omistajalle on annettu my\u00f6s uhkasakko, mutta tilanne ei ole edennyt.<\/li>\n<li>Naapurusto on valittanut tontin ep\u00e4siisteydest\u00e4 sek\u00e4 romahtamispisteess\u00e4 olevasta vanhasta piharakennuksesta, joka on my\u00f6s turvallisuusriski.<\/li>\n<li>Kaupungin keinot puuttua tilanteeseen ovat rajalliset. Kiista jatkuu, eik\u00e4 ratkaisua toistaiseksi ole n\u00e4k\u00f6piiriss\u00e4.<\/li>\n<\/ul>\n<p>\n      Tiivistelm\u00e4n teossa on k\u00e4ytetty apuna teko\u00e4ly\u00e4, mutta tekstin on tarkastanut ihminen.\n    <\/p>\n<p>      1800-luvun arvohuvila<\/p>\n<p class=\"article__paragraph\">\n      Antellin huvila on yksi 1800-luvulla Hietasaaren ja Toppilansaaren alueelle rakennetuista kes\u00e4nviettopaikoista Oulussa.\n    <\/p>\n<p class=\"article__paragraph\">\n      Vuosien saatossa huvila oli p\u00e4\u00e4tynyt kaupungin omistukseen ja p\u00e4\u00e4ssyt varsin huonoon kuntoon. Kaupunki pisti sen julkiseen myyntiin vuonna 2005. Kauppaan kuuluivat my\u00f6s pihapiiriss\u00e4 olevat piharakennus ja maakellari.\n    <\/p>\n<p class=\"article__paragraph\">\n      Korkeimman <a href=\"https:\/\/www.kaleva.fi\/antelin-huvila-myytiin-35-000-eurolla\/2026301\" rel=\"nofollow noopener\" target=\"_blank\">35 000 euron tarjouksen<\/a> tehnyt pariskunta kuitenkin vet\u00e4ytyi kaupasta, sill\u00e4 he olivat ehtineet tehd\u00e4 talokaupat jo toisaalla.\n    <\/p>\n<p class=\"article__paragraph\">\n      Talo p\u00e4\u00e4tettiin myyd\u00e4 toiseksi korkeimman tarjouksen tehneelle Tomi Tapanille ja h\u00e4nen puolisolleen 22\u202f177,65 euron hintaan.\n    <\/p>\n<p class=\"article__paragraph\">\n      <a href=\"https:\/\/www.kaleva.fi\/antellin-huvila-kiinnosti-kourallista\/2045502\" rel=\"nofollow noopener\" target=\"_blank\">Kaleva seurasi <\/a>Antellin huvilan myynti\u00e4 vuonna 2005, ja jutussa kuvailtiin, kuinka p\u00e4\u00e4rakennus oli p\u00e4\u00e4ssyt rapistumaan pahoin ja pihapiiri oli t\u00e4ynn\u00e4 romua edellisen asukkaan, talossa asuneen vuokralaisen j\u00e4ljilt\u00e4.\n    <\/p>\n<p class=\"article__paragraph\">\n      Jotain huvilan kunnosta kertonee sekin, ett\u00e4 kaupunki harkitsi jopa sen <a href=\"http:\/\/kirjastolinkit.ouka.fi\/kaleva\/loka01\/4631441.html\" rel=\"nofollow noopener\" target=\"_blank\">purkamista<\/a>.\n    <\/p>\n<p>    <img decoding=\"async\" class=\"responsive-image article__image-image lozad\"   src=\"https:\/\/www.europesays.com\/fi\/wp-content\/uploads\/2025\/12\/riku2KFvr6iszkonE1v63yPGXoL1aPy1KLmYSmShT4uyG4M5BJOM3JN9VgV6DPxlMku1kktpKeENXPyC0jO5SEGg27o_WaEUObVM.jpeg\" alt=\"Antellin huvila oli p\u00e4\u00e4ssyt n\u00e4in huonoon kuntoon vuonna 2001.\"\/><\/p>\n<p>\n                Antellin huvila oli p\u00e4\u00e4ssyt n\u00e4in huonoon kuntoon vuonna 2001.\n              <\/p>\n<p>\n                Kuva: Tapio Maikkola\n              <\/p>\n<p>    <img decoding=\"async\" class=\"responsive-image article__image-image lozad\"   src=\"https:\/\/www.europesays.com\/fi\/wp-content\/uploads\/2025\/12\/z30CA_loEL4dif99Vk2YcBXvsGUSJhp8RdgdH0rjbkCpzagytVrFOCeuKJPt82Zrd___WS5Ll51kP3w2znqDNMCqpFpbGF0T94QG.jpeg\" alt=\"Huvila vuonna 2010, jolloin sen kunnostusty\u00f6t olivat alkaneet. Edess\u00e4 oli mittava remontti.\"\/><\/p>\n<p>\n                Huvila vuonna 2010, jolloin sen kunnostusty\u00f6t olivat alkaneet. Edess\u00e4 oli mittava remontti.\n              <\/p>\n<p>\n                Kuva: Pekka Peura\n              <\/p>\n<p class=\"article__paragraph\">\n      Koska kyseess\u00e4 on suojeltu rakennus, uudelle omistajalle asetettiin monenlaisia ehtoja. Ostajan oli muun muassa sitouduttava rakennuksen kunnostamiseen ja entis\u00f6imiseen suojelum\u00e4\u00e4r\u00e4ysten sek\u00e4 rakennusvalvonnan ehtojen mukaisesti.\n    <\/p>\n<p class=\"article__paragraph\">\n      Nykyinen omistaja on saanut rakennusvalvonnalta useita huomautuksia muun muassa korjaust\u00f6iden viiv\u00e4stymisest\u00e4 ja loppukatselmuksen tekem\u00e4tt\u00e4 j\u00e4tt\u00e4misest\u00e4. Huomautuksia on tullut my\u00f6s ymp\u00e4rist\u00f6n ep\u00e4siisteydest\u00e4.\n    <\/p>\n<p>      Tulviva kaivo<\/p>\n<p class=\"article__paragraph\">\n      Kaleva tavoitti huvilan omistajan, Tomi Tapanin, sosiaalisen median viestipalvelun kautta, mutta h\u00e4n ei suostunut kommentoimaan tilannetta.\n    <\/p>\n<p class=\"article__paragraph\">\n      H\u00e4n kokee joutuneensa viranomaisen mielivallan kohteeksi. Oulun rakennusvalvonnalle 1. syyskuuta 2021 l\u00e4hett\u00e4m\u00e4ss\u00e4\u00e4n ilmoituksessa mielenilmauksesta h\u00e4n moittii rakennusvalvonnan ja muun &#8221;virkamafian&#8221; oikeutta puuttua ja rajoittaa omaehtoista rakentamista sek\u00e4 rahastaa sill\u00e4.\n    <\/p>\n<p class=\"article__paragraph\">\n      Puiden v\u00e4list\u00e4 pilkottaa rakennus, jonka katto ja sein\u00e4t on p\u00e4\u00e4llystetty muovisilla pressuilla. Sen vieress\u00e4 on pienempi rakennelma, mahdollisesti sauna. Eri puolilla pihaa on rakennustarvikekasoja, joista osa on peitelty pressuilla. Tontin py\u00f6r\u00e4tien puoleisella laidalla on ter\u00e4skontti. Ne kaikki liittyv\u00e4t mielenosoitusleiriin.\n    <\/p>\n<p class=\"article__paragraph\">\n      Kiistaa Tapanin ja Oulun kaupungin v\u00e4lill\u00e4 on syntynyt esimerkiksi huvilan toimimattomasta sadevesij\u00e4rjestelm\u00e4st\u00e4 ja tulvivasta hulevesikaivosta.\n    <\/p>\n<p class=\"article__paragraph\">\n      Kyseess\u00e4 on alkujaan kaupungin tontille suunnittelema ja toteuttama sadevesij\u00e4rjestelm\u00e4. Vuosien saatossa huvila on j\u00e4\u00e4nyt monttuun ymp\u00e4rille nousseiden rakennusten vuoksi.\n    <\/p>\n<p class=\"article__paragraph\">\n      Nyt Tapani haluaa kaupungin korjaavan suunnitteluvirheens\u00e4. H\u00e4n on v\u00e4\u00e4nt\u00e4nyt kaupungin eri tahojen kanssa vuosia.\n    <\/p>\n<p class=\"article__paragraph\">\n      Tarkastusinsin\u00f6\u00f6ri Jouni Rautio kertoo Antellin huvilan olevan rakennusvalvonnan seurannassa. Rautio on ollut tapauksen kanssa tekemisiss\u00e4 vuodesta 2022 l\u00e4htien.\n    <\/p>\n<p class=\"article__paragraph\">\n      H\u00e4n my\u00f6nt\u00e4\u00e4, ett\u00e4 talo on ik\u00e4\u00e4n kuin montussa, mutta se ei velvoita kaupunkia tekem\u00e4\u00e4n hulevesij\u00e4rjestelmi\u00e4, sill\u00e4 ne kuuluvat kiinteist\u00f6n omistajan vastuulle.\n    <\/p>\n<p class=\"article__paragraph\">\n      \u2013\u202fOlemme yritt\u00e4neet puhua omistajalle, mutta se on ollut hankalaa.\n    <\/p>\n<p>      &#8221;Hanke venyi ja viiv\u00e4styi&#8221;<\/p>\n<p class=\"article__paragraph\">\n      Huvilan kunnostamisen l\u00e4ht\u00f6kohta oli vaikea, sill\u00e4 rakennus oli p\u00e4\u00e4ssyt kaupungin omistuksessa huonoon kuntoon: katto vuosi, ja esimerkiksi talon v\u00e4lisein\u00e4t ja alapohja oli purettava kosteusvaurioiden vuoksi.\n    <\/p>\n<p class=\"article__paragraph\">\n      Kunnostuksen aikana on tullut rakennusbudjettia verottavia yll\u00e4tyksi\u00e4, kuten kattopalkin lahovaurio, jonka perusteella kaupunki on m\u00e4\u00e4r\u00e4nnyt Tapanin tekem\u00e4\u00e4n lujuuslaskennan ja korjaussuunnitelman.\n    <\/p>\n<p class=\"article__paragraph\">\n      Vuosien varrella huvilan ymp\u00e4rill\u00e4 on k\u00e4yty monivaiheista paperisotaa.\n    <\/p>\n<p class=\"article__paragraph\">\n      Nykyinen omistaja on hakenut rakennuslupaa kunnostamiseen kolme kertaa, Oulun kaupungin rakennusvalvonnan lupap\u00e4\u00e4llikk\u00f6 Esa Kankaala kertoo.\n    <\/p>\n<p>    <img decoding=\"async\" class=\"responsive-image article__image-image lozad\"   src=\"https:\/\/www.europesays.com\/fi\/wp-content\/uploads\/2025\/12\/lmOk0q3N_EyMc6DzlzX3hf0iJuUOWKZgFI1akPeR6Tq3WgOQ2B0KJpDhCHIRQ8pRj5xOB9DYo5cZZ1uMr42e_PHiI-0_syr7OKUE.jpeg\" alt=\"Huvilan omistajan mielenosoitusleiri on kuusikon keskell\u00e4 Antellinpuistoon p\u00e4in.\"\/><\/p>\n<p>\n                Huvilan omistajan mielenosoitusleiri on kuusikon keskell\u00e4 Antellinpuistoon p\u00e4in.\n              <\/p>\n<p>\n                Kuva: Jukka-Pekka Moilanen\n              <\/p>\n<p>    <img decoding=\"async\" class=\"responsive-image article__image-image lozad\"   src=\"https:\/\/www.europesays.com\/fi\/wp-content\/uploads\/2025\/12\/OoQhuQD1TsUMuGwRfgzINRGMhDHCm8o9qipjqKR4qSsFl-zmqSVaQD9KgoEWEhVpCcDe9xAagReJcP1pJc7QPnAhAt7N3BngM04i.jpeg\" alt=\"Pihalla on rakennusty\u00f6maan tavaroita, erilaisia rakennelmia sek\u00e4 ter\u00e4skontti.\"\/><\/p>\n<p>\n                Pihalla on rakennusty\u00f6maan tavaroita, erilaisia rakennelmia sek\u00e4 ter\u00e4skontti.\n              <\/p>\n<p>\n                Kuva: Jukka-Pekka Moilanen\n              <\/p>\n<p class=\"article__paragraph\">\n      Vuonna 2006 omistaja haki lupaa kaksikerroksisen asuinrakennuksen korjaus- ja muutost\u00f6ihin, pihan parantamiseen ja yhden talousrakennuksen, urheiluv\u00e4linevaraston rakentamiseen.\n    <\/p>\n<p class=\"article__paragraph\">\n      Vuonna 2011 rakennusluvalle haettiin kahden vuoden jatkoaikaa.\n    <\/p>\n<p class=\"article__paragraph\">\n      Vuonna 2018 huvilan omistaja haki toimenpidelupaa huoneistoj\u00e4rjestelyj\u00e4 varten sek\u00e4 toisen kerroksen muuttamista varastotilaksi.\n    <\/p>\n<p class=\"article__paragraph\">\n      Luvat my\u00f6nnettiin, mutta kaupungin mukaan ty\u00f6t ovat j\u00e4\u00e4neet kesken. Nyt luvat ovat jo vanhentuneet.\n    <\/p>\n<p class=\"article__paragraph\">\n      \u2013\u202fHanke venyi ja viiv\u00e4styi, ja sen lis\u00e4ksi tontille ilmestyi luvattomia rakennelmia. Pikkuhiljaa my\u00f6s alueen asukkailta tulla valituksia siit\u00e4, ett\u00e4 tontti on huonossa kunnossa ja ep\u00e4siisti, Kankaala kertoo.\n    <\/p>\n<p class=\"article__paragraph\">\n      Rakennusvalvonta antoi vuonna 2017 omistajalle kehotuksen saattaa korjaus- ja muutosty\u00f6t loppuun, siisti\u00e4 tontti ja poistaa sielt\u00e4 ylim\u00e4\u00e4r\u00e4iset luvattomat rakennelmat.\n    <\/p>\n<p>      Kaupungin keinot rajalliset<\/p>\n<p class=\"article__paragraph\">\n      Kankaalan mukaan rakennusvalvonnan keinot ovat rajalliset, oikeastaan niit\u00e4 on kaksi: kehotusmenettely ja uhkasakko. J\u00e4lkimm\u00e4inen on kovin keino, johon ei kovin helpolla turvauduta.\n    <\/p>\n<p class=\"article__paragraph\">\n      Rakennuslautakunta asetti kiinteist\u00f6lle vuonna 2023 uhkasakon ja velvoitteen muun muassa siisti\u00e4 ymp\u00e4rist\u00f6\u00e4, purkaa luvaton huonokuntoinen saunarakennus ja suorittaa alakerran loppukatselmus.\n    <\/p>\n<p>    <img decoding=\"async\" class=\"responsive-image article__image-image lozad\"   src=\"https:\/\/www.europesays.com\/fi\/wp-content\/uploads\/2025\/12\/v0qYyq0Bc8GZSXHwJwCQVLE5RbTJ77stodU_xKPfubLgxOYsO69w2z5dhI282PBSDq-TcYOnX6Kf7s9Ods5RQeFBrRDdqcb8JOsL.jpeg\" alt=\"Pihalla on luvattomia rakennelmia, joita kaupunki on kehottanut purkamaan.\"\/><\/p>\n<p>\n                Pihalla on luvattomia rakennelmia, joita kaupunki on kehottanut purkamaan.\n              <\/p>\n<p>\n                Kuva: Jukka-Pekka Moilanen\n              <\/p>\n<p class=\"article__paragraph\">\n      Kankaalan mukaan loppukatselmusta ei ole voitu tehd\u00e4. Ilman sit\u00e4 talon myyminen tai vuokraaminen on haastavampaa.\n    <\/p>\n<p class=\"article__paragraph\">\n      \u2013 Minulle j\u00e4i se vaikutelma, ett\u00e4 kiinteist\u00f6nhaltijan resurssit eiv\u00e4t riit\u00e4 viem\u00e4\u00e4n hanketta loppuun.\n    <\/p>\n<p class=\"article__paragraph\">\n      Loppukatselmuksen hyv\u00e4ksymiseen liittyy erimielisyys talon vesi- ja viem\u00e4rij\u00e4rjestelm\u00e4n uusimisen KVV-tarkastuksesta, joka pit\u00e4isi teett\u00e4\u00e4 p\u00e4tev\u00e4ll\u00e4 tekij\u00e4ll\u00e4, jolloin se tulisi kiinteist\u00f6n omistajan mukaan kalliiksi. Tapani katsoo, ett\u00e4 h\u00e4nen itsens\u00e4 valitsema rakennusalan koulutuksen saanut vastuuhenkil\u00f6 olisi riitt\u00e4v\u00e4.\n    <\/p>\n<p class=\"article__paragraph\">\n      Kankaala kertoo, ett\u00e4 ongelmana on ollut my\u00f6s se, ett\u00e4 hankkeesta ovat puuttuneet lain vaatimat p\u00e4tev\u00e4t suunnittelijat ja ty\u00f6njohtajat.\n    <\/p>\n<p class=\"article__paragraph\">\n      \u2013\u202fT\u00e4m\u00e4n valvominen on rakennusvalvonnan ydinteht\u00e4v\u00e4. Loppukatselmus vaatii, ett\u00e4 muutos- ja korjausty\u00f6t on suoritettu my\u00f6nnetyn luvan sek\u00e4 rakentamism\u00e4\u00e4r\u00e4ysten mukaisesti.\n    <\/p>\n<p>      Pakkolunastukseen ei l\u00e4hdet\u00e4<\/p>\n<p class=\"article__paragraph\">\n      Yksi kovimmista keinoista on pakkolunastus, johon kaupunki ei ole ainakaan viel\u00e4 l\u00e4htenyt.\n    <\/p>\n<p class=\"article__paragraph\">\n      Antellin huvila on vuokratontilla. Kiinteist\u00f6n pakkolunastukseen voidaan p\u00e4\u00e4ty\u00e4 esimerkiksi silloin, kun tontin vuokrasopimuksen ehtoja ei ole noudatettu.\n    <\/p>\n<p class=\"article__paragraph\">\n      Rakennusvalvonnalle kuuluvat vain lupa-asiat, kun taas muut, esimerkiksi tontin vuokra-asiat ovat maa- ja mittausyksik\u00f6n tai tonttipalveluiden hoidettavia.\n    <\/p>\n<p class=\"article__paragraph\">\n      Oulun vs. kaupungingeodeetti Juha Peuraniemi kertoo s\u00e4hk\u00f6postitse, ett\u00e4 kaupungilla ei ole ollut mit\u00e4\u00e4n syyt\u00e4 ostaa tai lunastaa huvilakohdetta takaisin.\n    <\/p>\n<p>    <img decoding=\"async\" class=\"responsive-image article__image-image lozad\"   src=\"https:\/\/www.europesays.com\/fi\/wp-content\/uploads\/2025\/12\/ixITd0wnrMcfySCzx3lhBl3VpmsECluFj1oHP9kej9uRt4iKA9qJf3y2c2nYNSn7m7s6wO9wKh5BwEOQwrZVcsEfIoZVW0mOObV9.jpeg\" alt=\"Huonokuntoinen, sortumisvaarassa oleva piharakennus on kiinni naapuritaloyhti\u00f6n aidassa. Se on aiheuttanut n\u00e4r\u00e4\u00e4 naapurustossa. Piharakennuksen materiaalina on k\u00e4ytetty kilpukoita eli lankunp\u00e4tki\u00e4, jotka on muurattu kuin tiilet.\"\/><\/p>\n<p>\n                Huonokuntoinen, sortumisvaarassa oleva piharakennus on kiinni naapuritaloyhti\u00f6n aidassa. Se on aiheuttanut n\u00e4r\u00e4\u00e4 naapurustossa. Piharakennuksen materiaalina on k\u00e4ytetty kilpukoita eli lankunp\u00e4tki\u00e4, jotka on muurattu kuin tiilet.\n              <\/p>\n<p>\n                Kuva: Jukka-Pekka Moilanen\n              <\/p>\n<p>      &#8221;Tilanne on kiusallinen&#8221;<\/p>\n<p class=\"article__paragraph\">\n      Huvilan keskener\u00e4iset muutosty\u00f6t eiv\u00e4t hierr\u00e4 pelk\u00e4st\u00e4\u00e4n kaupungin ja huvilan omistajan v\u00e4lej\u00e4. Valituksia on tullut my\u00f6s naapurustolta.\n    <\/p>\n<p class=\"article__paragraph\">\n      L\u00e4hist\u00f6ll\u00e4 asuvalle Pekka Sepp\u00e4l\u00e4lle huvilan tilanne on tuttu jo h\u00e4nen ty\u00f6vuosiltaan Oulun rakennusvalvonnan johtajana. Sepp\u00e4l\u00e4 j\u00e4i el\u00e4kkeelle vuonna 2023.\n    <\/p>\n<p class=\"article__paragraph\">\n      \u2013\u202fTilanne on kiusallinen yleisell\u00e4 tasolla, koska pihalla on ollut kaikenlaista k\u00f6mm\u00e4n\u00e4\u00e4, ter\u00e4skontteja sek\u00e4 tulisijaa mets\u00e4ss\u00e4. Intoa ja tekemisenhalua selv\u00e4sti on, mutta itse rakennus ei edisty, Sepp\u00e4l\u00e4 kuvailee.\n    <\/p>\n<p class=\"article__paragraph\">\n      Tontin l\u00e4heisyydess\u00e4 on my\u00f6s rivitaloja, joiden asukkaita tilanne kismitt\u00e4\u00e4. Esimerkiksi Toppilansaaren Takilan asukkaat ovat seuranneet tilannetta l\u00e4hiet\u00e4isyydelt\u00e4 jo pitk\u00e4\u00e4n.\n    <\/p>\n<p class=\"article__paragraph\">\n      Taloyhti\u00f6n hallituksen puheenjohtaja Toni Mettovaara pit\u00e4\u00e4 tontilla olevaa huonokuntoista piharakennusta jopa jonkinlaisena turvallisuusriskin\u00e4.\n    <\/p>\n<p class=\"article__paragraph\">\n      \u2013\u202fPiharakennus on kiinni taloyhti\u00f6mme aidassa, ja n\u00e4ytt\u00e4\u00e4 silt\u00e4, ett\u00e4 on vain ajan kysymys, milloin rakennus romahtaa, Mettovaara kertoo.\n    <\/p>\n<p class=\"article__paragraph\">\n      Tontin siisteytt\u00e4 h\u00e4n pit\u00e4\u00e4 enemm\u00e4n esteettisen\u00e4 asiana, joka haittaa &#8221;toisia enemm\u00e4n ja toisia v\u00e4hemm\u00e4n&#8221;.\n    <\/p>\n<p class=\"article__paragraph\">\n      Mettovaaran mukaan taloyhti\u00f6n is\u00e4nn\u00f6itsij\u00e4 on ollut &#8221;jo vuosikausia sitten&#8221; yhteydess\u00e4 Oulun kaupunkiin asiasta.\n    <\/p>\n<p class=\"article__paragraph\">\n      \u2013\u202fMit\u00e4\u00e4n ei ole kuulunut, mutta tied\u00e4n, ett\u00e4 Oulun kaupunki on yritt\u00e4nyt eri keinoin vaikuttaa asioihin.\n    <\/p>\n<p>      Mielenosoitus jatkuu<\/p>\n<p class=\"article__paragraph\">\n      Vaikuttaa silt\u00e4, ett\u00e4 mielenosoitusleiri on ja pysyy huvilan piha-alueella ja hommat seisovat. Huvilan omistaja on ilmoittanut pit\u00e4v\u00e4ns\u00e4 leiri\u00e4 niin kauan &#8221;kuin Suomessa on perusoikeustuomioistuin&#8221;.\n    <\/p>\n<p>    <img decoding=\"async\" class=\"responsive-image article__image-image lozad\"   src=\"https:\/\/www.europesays.com\/fi\/wp-content\/uploads\/2025\/12\/3rBWLHOjaCA0T_mtw6fmXue8j0oV4HewTLy1FtYtw4lZdVRcTxqjhgeIHGFI-9TbjmqyXgdgzHPgYfdz6Gp7JFphiqu82k616FR4.jpeg\" alt=\"Antellin huvilan ymp\u00e4rist\u00f6st\u00e4 on tehty valituksia.\"\/><\/p>\n<p>\n                Antellin huvilan ymp\u00e4rist\u00f6st\u00e4 on tehty valituksia.\n              <\/p>\n<p>\n                Kuva: Jukka-Pekka Moilanen\n              <\/p>\n<p class=\"article__paragraph\">\n      Esa Kankaala huomauttaa, ett\u00e4 rakennusvalvonnan teht\u00e4v\u00e4 on valvoa, ett\u00e4 rakentamisessa noudatetaan lakeja ja m\u00e4\u00e4r\u00e4yksi\u00e4 ja sit\u00e4, ett\u00e4 asunnot sek\u00e4 muut rakennukset t\u00e4ytt\u00e4v\u00e4t niille osoitetut vaatimukset.\n    <\/p>\n<p class=\"article__paragraph\">\n      \u2013\u202fMielt\u00e4 osoittamalla t\u00e4st\u00e4 ei voida poiketa.\n    <\/p>\n<p class=\"article__paragraph\">\n      Kiistalle ei n\u00e4y siis loppua. Sill\u00e4 v\u00e4lin paljon kokenut huvila odottaa parempia aikoja.\n    <\/p>\n<p>Fakta<\/p>\n<p>    <img decoding=\"async\" class=\"responsive-image article__fact-image-image lozad\"   src=\"https:\/\/www.europesays.com\/fi\/wp-content\/uploads\/2025\/12\/nosmPkll1C5Xv68aCT0m1gSlPKwcGrxDLkobVMUFnL8d3w8XlgB-T84KRgaSrybTKhOv58CPRtoPENTFJ-HJ7r2ThRzVZecfsk3G.jpeg\" alt=\"Katri Antellin (kesk.) suku vietti kesi\u00e4 huvilallaan. Kuva on otettu 1920-luvun alkupuolella. Kuisti on sittemmin purettu.\"\/><\/p>\n<p>\n                Katri Antellin (kesk.) suku vietti kesi\u00e4 huvilallaan. Kuva on otettu 1920-luvun alkupuolella. Kuisti on sittemmin purettu.\n              <\/p>\n<p>      Antellin huvila<\/p>\n<p class=\"article__fact-paragraph\">\n      Antellin huvila on yksi nelj\u00e4st\u00e4 Hietasaaren huvilakulttuuriin oleellisesti kuuluvista suojelluista huviloista. Kolme muuta ovat J. W. Snellmanin huvila (nyk. Villa Hannala), Lundsr\u00f6min huvila sek\u00e4 Hedmanin huvila.\n    <\/p>\n<p class=\"article__fact-paragraph\">\n      Antellin huvilan erityispiirteisiin kuuluu muun muassa toisen kerroksen niin sanottu kilpukkarakennne, jossa materiaalina on eri pituisia lankunp\u00e4tki\u00e4 eli kilpukoita. Ne on muurattu savilaastilla tiilten tapaan. Huvilan r\u00e4yst\u00e4it\u00e4 kannattelevissa konsoleissa on puolestaan vaikutteita sveitsil\u00e4istyylist\u00e4.\n    <\/p>\n<p class=\"article__fact-paragraph\">\n      Antellin huvilan arvellaan valmistuneen vuosina 1867\u20131889.\n    <\/p>\n<p class=\"article__fact-paragraph\">\n      Leipuri Katri Antell vietti huvilassa kesi\u00e4 sukuineen 1800\u20131900-luvuilla.\n    <\/p>\n<p>\n      L\u00e4hde: Ulla Pohjamo: Kes\u00e4 Salmessa \u2013 \u00a0porvarillista huvilakulttuuria Oulun Toppilansalmessa. Jyv\u00e4skyl\u00e4n yliopiston pro gradu -ty\u00f6, 2003.\n    <\/p>\n","protected":false},"excerpt":{"rendered":"Nostamme pyhien aikaan esille aiemmin ilmestyneit\u00e4 juttujamme. T\u00e4m\u00e4 juttu on julkaistu ensimm\u00e4isen kerran 5.9.2025. Entisaikojen loisto on rapistunut&hellip;\n","protected":false},"author":2,"featured_media":126315,"comment_status":"","ping_status":"","sticky":false,"template":"","format":"standard","meta":{"footnotes":""},"categories":[12],"tags":[22,23,26,27,33,31,30,17,24,25,28,29,15,18,21,32,19,20,16],"class_list":{"0":"post-126314","1":"post","2":"type-post","3":"status-publish","4":"format-standard","5":"has-post-thumbnail","7":"category-suomi","8":"tag-breaking-news","9":"tag-breakingnews","10":"tag-featured-news","11":"tag-featurednews","12":"tag-fi","13":"tag-finland","14":"tag-finnish","15":"tag-headlines","16":"tag-latest-news","17":"tag-latestnews","18":"tag-main-news","19":"tag-mainnews","20":"tag-news","21":"tag-otsikot","22":"tag-paauutiset","23":"tag-suomi","24":"tag-top-stories","25":"tag-topstories","26":"tag-uutiset"},"share_on_mastodon":{"url":"https:\/\/pubeurope.com\/@fi\/115786159851131953","error":""},"_links":{"self":[{"href":"https:\/\/www.europesays.com\/fi\/wp-json\/wp\/v2\/posts\/126314","targetHints":{"allow":["GET"]}}],"collection":[{"href":"https:\/\/www.europesays.com\/fi\/wp-json\/wp\/v2\/posts"}],"about":[{"href":"https:\/\/www.europesays.com\/fi\/wp-json\/wp\/v2\/types\/post"}],"author":[{"embeddable":true,"href":"https:\/\/www.europesays.com\/fi\/wp-json\/wp\/v2\/users\/2"}],"replies":[{"embeddable":true,"href":"https:\/\/www.europesays.com\/fi\/wp-json\/wp\/v2\/comments?post=126314"}],"version-history":[{"count":0,"href":"https:\/\/www.europesays.com\/fi\/wp-json\/wp\/v2\/posts\/126314\/revisions"}],"wp:featuredmedia":[{"embeddable":true,"href":"https:\/\/www.europesays.com\/fi\/wp-json\/wp\/v2\/media\/126315"}],"wp:attachment":[{"href":"https:\/\/www.europesays.com\/fi\/wp-json\/wp\/v2\/media?parent=126314"}],"wp:term":[{"taxonomy":"category","embeddable":true,"href":"https:\/\/www.europesays.com\/fi\/wp-json\/wp\/v2\/categories?post=126314"},{"taxonomy":"post_tag","embeddable":true,"href":"https:\/\/www.europesays.com\/fi\/wp-json\/wp\/v2\/tags?post=126314"}],"curies":[{"name":"wp","href":"https:\/\/api.w.org\/{rel}","templated":true}]}}