{"id":126328,"date":"2025-12-26T14:06:11","date_gmt":"2025-12-26T14:06:11","guid":{"rendered":"https:\/\/www.europesays.com\/fi\/126328\/"},"modified":"2025-12-26T14:06:11","modified_gmt":"2025-12-26T14:06:11","slug":"neuvostoliitto-hajosi-26-12-1991-kommunistien-markauni-oli-loppunut","status":"publish","type":"post","link":"https:\/\/www.europesays.com\/fi\/126328\/","title":{"rendered":"Neuvostoliitto hajosi 26.12.1991 \u2013 Kommunistien m\u00e4rk\u00e4uni oli loppunut"},"content":{"rendered":"<blockquote>\n<p>\u00a026.12.1991<\/p>\n<\/blockquote>\n<p>Tuona p\u00e4iv\u00e4n\u00e4 Neuvostoliitto lakkasi olemassa. Vuonna 1985 alkanut Neuvostoliiton kommunistisen puolueen p\u00e4\u00e4sihteeri Mihail Gorbat\u0161ovin uudistuspolitiikka oli tullut pisteeseen mik\u00e4 tarkoitti Neuvostoliiton ikeess\u00e4 el\u00e4neiden valtioiden vapautumista ja uudelleen itsen\u00e4istymist\u00e4. Neuvostotasavaltojen johtajat hajottivat Boris Jeltsinin johdolla Neuvostoliiton, joka lakkasi virallisesti olemasta 26. joulukuuta 1991.<\/p>\n<p><img decoding=\"async\" loading=\"lazy\" class=\"size-medium wp-image-71388 alignleft\" src=\"https:\/\/www.europesays.com\/fi\/wp-content\/uploads\/2025\/12\/ronald-reagan-2472696_1280-600x387.jpg\" alt=\"\" width=\"600\" height=\"387\"  \/>V\u00e4kivalta ei en\u00e4\u00e4 omia kansalaisia kohtaan onnistunut. Sotilaat kielt\u00e4ytyiv\u00e4t vet\u00e4m\u00e4st\u00e4 liipasimista.<\/p>\n<p>Baltian maat vapautuivat, DDR luhistui ja Bulgaria, Unkari ja T\u0161ekkoslovakia l\u00e4htiv\u00e4t demokratisoitumisen tielle verett\u00f6m\u00e4sti. Romanian vapaus koitti vallankumouksen kautta jne. My\u00f6hemmin viel\u00e4 Balkanilla toki sodittiin yksi Euroopan l\u00e4hihistorian julmimmista sodista.<\/p>\n<p>Vallankumouksen my\u00f6t\u00e4, vuonna 1922 joulukuun 30. p\u00e4iv\u00e4n\u00e4v alkanut kommunistien m\u00e4rk\u00e4 uni Neuvostoliitto oli lopulta lakannut olemassa. Vapaus koitti monessa maassa ja monelle kansalle. T\u00e4t\u00e4 vapautta on t\u00e4rke\u00e4\u00e4 muistaa ja ennen muuta vaalia t\u00e4n\u00e4\u00e4nkin. Ja muistaa my\u00f6s se, ett\u00e4 1991 j\u00e4ljelle j\u00e4i kuitenkin pahin eli Ven\u00e4j\u00e4 ja Ven\u00e4j\u00e4 ei koskaan muutu.<\/p>\n<p>T\u00e4n\u00e4\u00e4nkin Ven\u00e4j\u00e4 k\u00e4y raakalaismaista hy\u00f6kk\u00e4yssotaa itsen\u00e4ist\u00e4 Ukrainaa vastaan. Ukraina itsen\u00e4istyi virallisesti 24. elokuuta 1991. Lyhyit\u00e4 itsen\u00e4isyyden jaksoja oli ollut Ukrainassa jo aiemmin, kuten vuosina 1917\u20131921, mutta neuvostovalta p\u00e4\u00e4ttyi lopullisesti vasta 1991, mutta edelleen maa ja sen kansa joutuu taistelemaan vapaudestaan Ven\u00e4j\u00e4n vihaa vastaan.<\/p>\n<p>Kansojen vapautta ja demokratiaa pit\u00e4\u00e4 vaalia t\u00e4n\u00e4\u00e4nkin. Se ei ole itsest\u00e4\u00e4n selvyys edes 2020 Euroopassa.<\/p>\n<p>Sytyt\u00e4n t\u00e4n\u00e4\u00e4n kynttil\u00e4n vapaudelle.<\/p>\n<p>\u00a0<\/p>\n<p>\u00a0<\/p>\n<p>\u00a0<\/p>\n<p>\u00a0<\/p>\n<p>\u00a0<\/p>\n","protected":false},"excerpt":{"rendered":"\u00a026.12.1991 Tuona p\u00e4iv\u00e4n\u00e4 Neuvostoliitto lakkasi olemassa. Vuonna 1985 alkanut Neuvostoliiton kommunistisen puolueen p\u00e4\u00e4sihteeri Mihail Gorbat\u0161ovin uudistuspolitiikka oli tullut&hellip;\n","protected":false},"author":2,"featured_media":126329,"comment_status":"","ping_status":"","sticky":false,"template":"","format":"standard","meta":{"footnotes":""},"categories":[14],"tags":[22,23,26,27,33,31,30,17,24,25,28,29,15,18,21,32,19,20,56,16,59,60,61],"class_list":{"0":"post-126328","1":"post","2":"type-post","3":"status-publish","4":"format-standard","5":"has-post-thumbnail","7":"category-ulkomaat","8":"tag-breaking-news","9":"tag-breakingnews","10":"tag-featured-news","11":"tag-featurednews","12":"tag-fi","13":"tag-finland","14":"tag-finnish","15":"tag-headlines","16":"tag-latest-news","17":"tag-latestnews","18":"tag-main-news","19":"tag-mainnews","20":"tag-news","21":"tag-otsikot","22":"tag-paauutiset","23":"tag-suomi","24":"tag-top-stories","25":"tag-topstories","26":"tag-ulkomaat","27":"tag-uutiset","28":"tag-world","29":"tag-world-news","30":"tag-worldnews"},"share_on_mastodon":{"url":"https:\/\/pubeurope.com\/@fi\/115786257992124587","error":""},"_links":{"self":[{"href":"https:\/\/www.europesays.com\/fi\/wp-json\/wp\/v2\/posts\/126328","targetHints":{"allow":["GET"]}}],"collection":[{"href":"https:\/\/www.europesays.com\/fi\/wp-json\/wp\/v2\/posts"}],"about":[{"href":"https:\/\/www.europesays.com\/fi\/wp-json\/wp\/v2\/types\/post"}],"author":[{"embeddable":true,"href":"https:\/\/www.europesays.com\/fi\/wp-json\/wp\/v2\/users\/2"}],"replies":[{"embeddable":true,"href":"https:\/\/www.europesays.com\/fi\/wp-json\/wp\/v2\/comments?post=126328"}],"version-history":[{"count":0,"href":"https:\/\/www.europesays.com\/fi\/wp-json\/wp\/v2\/posts\/126328\/revisions"}],"wp:featuredmedia":[{"embeddable":true,"href":"https:\/\/www.europesays.com\/fi\/wp-json\/wp\/v2\/media\/126329"}],"wp:attachment":[{"href":"https:\/\/www.europesays.com\/fi\/wp-json\/wp\/v2\/media?parent=126328"}],"wp:term":[{"taxonomy":"category","embeddable":true,"href":"https:\/\/www.europesays.com\/fi\/wp-json\/wp\/v2\/categories?post=126328"},{"taxonomy":"post_tag","embeddable":true,"href":"https:\/\/www.europesays.com\/fi\/wp-json\/wp\/v2\/tags?post=126328"}],"curies":[{"name":"wp","href":"https:\/\/api.w.org\/{rel}","templated":true}]}}