{"id":126333,"date":"2025-12-26T14:20:10","date_gmt":"2025-12-26T14:20:10","guid":{"rendered":"https:\/\/www.europesays.com\/fi\/126333\/"},"modified":"2025-12-26T14:20:10","modified_gmt":"2025-12-26T14:20:10","slug":"karita-tykka-sairastumisesta-ajattelen-etta","status":"publish","type":"post","link":"https:\/\/www.europesays.com\/fi\/126333\/","title":{"rendered":"Karita Tykk\u00e4 sairastumisesta: &#8221;Ajattelen, ett\u00e4&#8230;&#8221;"},"content":{"rendered":"<p>\n            20250410 HELSINKI. Reino Nordin, Random -lanseeraustilaisuus. Karita Tykk\u00e4. KUVA: ATTE KAJOVA<br \/>\n            ATTE KAJOVA\n        <\/p>\n<p class=\"subtitle \">Karita Tykk\u00e4 ajaa ajatuksia sairastumisesta ja kertoo t\u00e4rke\u00e4n viestin.<\/p>\n<p class=\"article-content article-content-width !bg-background\">Hyvinvointivalmentajana tunnettu \u00a0kohtasi hidasteen el\u00e4m\u00e4ns\u00e4 tiell\u00e4. H\u00e4n on nimitt\u00e4in sairastunut, ja joutuu ottamaan hetken kevyemmin.\u00a0<\/p>\n<p class=\"article-content article-content-width !bg-background\">Asia selvi\u00e4\u00e4 Karitan<a href=\"https:\/\/www.instagram.com\/karitatykka\/\" aria-label=\"Karita Tyk\u00e4n Instagram\" target=\"_blank\" rel=\"nofollow noopener\"> Instagram<\/a>-tilin tarinat-osion t\u00e4m\u00e4np\u00e4iv\u00e4isest\u00e4 (26.12.) p\u00e4ivityksest\u00e4. Tarinat ovat katsottavissa 24 tuntia julkaisustaan.\u00a0<\/p>\n<p class=\"article-content article-content-width !bg-background\"> \u2013 Olen huono sairastamaan\u00a0 \u2013 kun ei juuri koskaan ole kipe\u00e4n\u00e4, on t\u00e4m\u00e4 siet\u00e4m\u00e4t\u00f6nt\u00e4&#8230; Toivon, ett\u00e4 sin\u00e4 voit hyvin, Karita kirjoittaa julkaisemansa kuvan yhteydess\u00e4.<\/p>\n<p>        <a itemprop=\"url\" href=\"https:\/\/www.seiska.fi\/kotimaa\/nain-karita-tykka-kommentoi-ex-miehensa-ulostuloa\/2030002\" rel=\"nofollow noopener\" target=\"_blank\"><\/p>\n<p>\nKarita Tykk\u00e4\n<\/p>\n<p class=\"section-date\">\n        <strong class=\"article-section\" data-section=\"kotimaa\"><br \/>\n            kotimaa<br \/>\n        <\/strong><br \/>\n        23.12. 12:31\n    <\/p>\n<p>N\u00e4in Karita Tykk\u00e4 kommentoi ex-miehens\u00e4 ulostuloa\n    <\/p>\n<p itemprop=\"description\" class=\"subtitle \">\n    Hyvinvointivalmentajan entinen aviopuoliso kertoi tehneens\u00e4 20 vuotta sitten el\u00e4m\u00e4ns\u00e4 suurimman virheen.\n<\/p>\n<p>        <\/a><\/p>\n<p class=\"article-content article-content-width !bg-background\"> Vaikka Karita tunnetaankin hyvinvointivalmentajana, h\u00e4n on my\u00f6s sosiaalisen median vaikuttaja. Karitan julkaisuja seuraa Instagramissa yli 91 000 k\u00e4ytt\u00e4j\u00e4\u00e4. <\/p>\n<p class=\"article-content article-content-width !bg-background\">Karita on p\u00e4ivitt\u00e4nyt tarinaansa my\u00f6s ajatuksiaan sairastamisesta.\u00a0<\/p>\n<p>&#8221;Ajattelen, ett\u00e4 sairastuminen&#8230;&#8221;<\/p>\n<p class=\"article-content article-content-width !bg-background\">Karitan somejulkaisut painottuvat mietelauseisiin, ruokareseptiikkaan sek\u00e4 erilaisiin hyvinvointi- ja treenisis\u00e4lt\u00f6ihin. T\u00e4m\u00e4k\u00e4\u00e4n kerta ei tee poikkeusta.<\/p>\n<p>        <a itemprop=\"url\" href=\"https:\/\/www.seiska.fi\/kotimaa\/erokohussa-kaanne-karita-tykalta-paljonpuhuva-peliliike\/2024006\" rel=\"nofollow noopener\" target=\"_blank\"><\/p>\n<p>\nErokohussa k\u00e4\u00e4nne!\n<\/p>\n<p class=\"section-date\">\n        <strong class=\"article-section\" data-section=\"kotimaa\"><br \/>\n            kotimaa<br \/>\n        <\/strong><br \/>\n        17.12. 17:00\n    <\/p>\n<p>Erokohussa k\u00e4\u00e4nne! Karita Tyk\u00e4lt\u00e4 paljonpuhuva peliliike\n    <\/p>\n<p itemprop=\"description\" class=\"subtitle \">\n    Karita ja Petri Tyk\u00e4n erokohusta uutisoitiin ensimm\u00e4isen kerran vuonna 2023.\n<\/p>\n<p>        <\/a><\/p>\n<p class=\"article-content article-content-width !bg-background\"> \u2013 Ajattelen, ett\u00e4 sairastuminen on usein kehon tapa vapauttaa liiallista kuormaa ja palauttaa tasapaino, kun ymp\u00e4rist\u00f6, stressi ja el\u00e4m\u00e4mnrytmi k\u00e4yv\u00e4t liian raskaiksi, h\u00e4n kirjoittaa julkaisemansa kuvan yhteydess\u00e4.<\/p>\n<p>T\u00e4rke\u00e4 viesti<\/p>\n<p class=\"article-content article-content-width !bg-background\">H\u00e4n kertoo ajattelevansa, etteiv\u00e4t oireet tai sairastuminen ole virheit\u00e4, vaan kehon viestej\u00e4 ja yritys puhdistaa sek\u00e4 suojata itse\u00e4\u00e4n.<\/p>\n<p class=\"article-content article-content-width !bg-background\"> \u2013 Kun keho saa tilaa tehd\u00e4 t\u00e4m\u00e4n ty\u00f6n, se p\u00e4\u00e4st\u00e4\u00e4 irti vanhasta ja luo tilaa uudelle: kevyemm\u00e4lle energialle, vahvemmalle yhteydelle ja luonnolliselle paranemiselle.<\/p>\n<p>        <a itemprop=\"url\" href=\"https:\/\/www.seiska.fi\/kotimaa\/uuden-kodin-ostanut-karita-tykka-avoimena-ei-riita-paukut\/1981114\" rel=\"nofollow noopener\" target=\"_blank\"><\/p>\n<p>\nKarita Tykk\u00e4 avoimena:\n<\/p>\n<p class=\"section-date\">\n        <strong class=\"article-section\" data-section=\"kotimaa\"><br \/>\n            kotimaa<br \/>\n        <\/strong><br \/>\n        4.11. 07:00\n    <\/p>\n<p>Uuden kodin ostanut Karita Tykk\u00e4 avoimena: &#8221;Ei riit\u00e4 paukut\u2026&#8221;\n    <\/p>\n<p itemprop=\"description\" class=\"subtitle \">\n    Yhdell\u00e4 videolla Karita matkaa veneell\u00e4 kohti asuntoa, ja videolla n\u00e4kyykin hulppea rakennus puiden keskell\u00e4.\n<\/p>\n<p>        <\/a><\/p>\n<p class=\"article-content article-content-width !bg-background\">Lopuksi Karita jakaa seuraajilleen t\u00e4rke\u00e4n viestin:<\/p>\n<p class=\"article-content article-content-width !bg-background\"> \u2013 Kehoa ei tarvitse korjata, tai vaatia silt\u00e4 t\u00e4ydellisyytt\u00e4 vaan kuunnella.<\/p>\n<p><script async src=\"\/\/www.instagram.com\/embed.js\"><\/script><\/p>\n","protected":false},"excerpt":{"rendered":"20250410 HELSINKI. Reino Nordin, Random -lanseeraustilaisuus. Karita Tykk\u00e4. KUVA: ATTE KAJOVA ATTE KAJOVA Karita Tykk\u00e4 ajaa ajatuksia sairastumisesta&hellip;\n","protected":false},"author":2,"featured_media":126334,"comment_status":"","ping_status":"","sticky":false,"template":"","format":"standard","meta":{"footnotes":""},"categories":[136],"tags":[407,137,33,31,30,2233,408,4835,3496,32,167,109],"class_list":{"0":"post-126333","1":"post","2":"type-post","3":"status-publish","4":"format-standard","5":"has-post-thumbnail","7":"category-julkkikset","8":"tag-celebrities","9":"tag-entertainment","10":"tag-fi","11":"tag-finland","12":"tag-finnish","13":"tag-hyvinvointi","14":"tag-julkkikset","15":"tag-karita-tykka","16":"tag-sairastuminen","17":"tag-suomi","18":"tag-terveys","19":"tag-viihde"},"share_on_mastodon":{"url":"https:\/\/pubeurope.com\/@fi\/115786312790219247","error":""},"_links":{"self":[{"href":"https:\/\/www.europesays.com\/fi\/wp-json\/wp\/v2\/posts\/126333","targetHints":{"allow":["GET"]}}],"collection":[{"href":"https:\/\/www.europesays.com\/fi\/wp-json\/wp\/v2\/posts"}],"about":[{"href":"https:\/\/www.europesays.com\/fi\/wp-json\/wp\/v2\/types\/post"}],"author":[{"embeddable":true,"href":"https:\/\/www.europesays.com\/fi\/wp-json\/wp\/v2\/users\/2"}],"replies":[{"embeddable":true,"href":"https:\/\/www.europesays.com\/fi\/wp-json\/wp\/v2\/comments?post=126333"}],"version-history":[{"count":0,"href":"https:\/\/www.europesays.com\/fi\/wp-json\/wp\/v2\/posts\/126333\/revisions"}],"wp:featuredmedia":[{"embeddable":true,"href":"https:\/\/www.europesays.com\/fi\/wp-json\/wp\/v2\/media\/126334"}],"wp:attachment":[{"href":"https:\/\/www.europesays.com\/fi\/wp-json\/wp\/v2\/media?parent=126333"}],"wp:term":[{"taxonomy":"category","embeddable":true,"href":"https:\/\/www.europesays.com\/fi\/wp-json\/wp\/v2\/categories?post=126333"},{"taxonomy":"post_tag","embeddable":true,"href":"https:\/\/www.europesays.com\/fi\/wp-json\/wp\/v2\/tags?post=126333"}],"curies":[{"name":"wp","href":"https:\/\/api.w.org\/{rel}","templated":true}]}}