{"id":126341,"date":"2025-12-26T14:32:11","date_gmt":"2025-12-26T14:32:11","guid":{"rendered":"https:\/\/www.europesays.com\/fi\/126341\/"},"modified":"2025-12-26T14:32:11","modified_gmt":"2025-12-26T14:32:11","slug":"kambodzha-syyttaa-thaimaata-pommitusten-kiihdyttamisesta-kiistellylla-raja-alueella-uutisia-lyhyesti","status":"publish","type":"post","link":"https:\/\/www.europesays.com\/fi\/126341\/","title":{"rendered":"Kambodzha syytt\u00e4\u00e4 Thaimaata pommitusten kiihdytt\u00e4misest\u00e4 kiistellyll\u00e4 raja-alueella | Uutisia lyhyesti"},"content":{"rendered":"<p class=\"aw-1gybjub aw-1p7kakr kEtdKx cEmitX yle__article__paragraph\">Kaakkois-Aasiassa Kambodzha syytt\u00e4\u00e4 Thaimaata iskujen kiihdytt\u00e4misest\u00e4 kiistellyll\u00e4 raja-alueella. Maiden edustajat k\u00e4yv\u00e4t parhaillaan monip\u00e4iv\u00e4isi\u00e4 neuvotteluja yhteenottojen lopettamiseksi.<\/p>\n<p class=\"aw-1gybjub aw-1p7kakr kEtdKx cEmitX yle__article__paragraph\">Thaimaan media puolestaan uutisoi, ett\u00e4 Kambodzhan joukot iskiv\u00e4t y\u00f6n aikana rajalla ja vahingoittivat useita asuintaloja.<\/p>\n<p class=\"aw-1gybjub aw-1p7kakr kEtdKx cEmitX yle__article__paragraph\">Maiden puolustusministereiden on m\u00e4\u00e4r\u00e4 tavata lauantaina.<\/p>\n<p class=\"aw-1gybjub aw-1p7kakr kEtdKx cEmitX yle__article__paragraph\">Pitk\u00e4aikainen konflikti on viime aikoina ottanut uusia kierroksia. Virallisten lukujen mukaan yli 40 ihmist\u00e4 on saanut surmansa joulukuun aikana.<\/p>\n","protected":false},"excerpt":{"rendered":"Kaakkois-Aasiassa Kambodzha syytt\u00e4\u00e4 Thaimaata iskujen kiihdytt\u00e4misest\u00e4 kiistellyll\u00e4 raja-alueella. Maiden edustajat k\u00e4yv\u00e4t parhaillaan monip\u00e4iv\u00e4isi\u00e4 neuvotteluja yhteenottojen lopettamiseksi. Thaimaan media&hellip;\n","protected":false},"author":2,"featured_media":126342,"comment_status":"","ping_status":"","sticky":false,"template":"","format":"standard","meta":{"footnotes":""},"categories":[14],"tags":[22,23,26,27,33,31,30,17,11742,70,24,25,28,29,15,18,21,22454,32,2911,19,20,56,16,59,60,61],"class_list":{"0":"post-126341","1":"post","2":"type-post","3":"status-publish","4":"format-standard","5":"has-post-thumbnail","7":"category-ulkomaat","8":"tag-breaking-news","9":"tag-breakingnews","10":"tag-featured-news","11":"tag-featurednews","12":"tag-fi","13":"tag-finland","14":"tag-finnish","15":"tag-headlines","16":"tag-kambodza","17":"tag-kansainvalinen-politiikka","18":"tag-latest-news","19":"tag-latestnews","20":"tag-main-news","21":"tag-mainnews","22":"tag-news","23":"tag-otsikot","24":"tag-paauutiset","25":"tag-rajalevottomuudet","26":"tag-suomi","27":"tag-thaimaa","28":"tag-top-stories","29":"tag-topstories","30":"tag-ulkomaat","31":"tag-uutiset","32":"tag-world","33":"tag-world-news","34":"tag-worldnews"},"share_on_mastodon":{"url":"https:\/\/pubeurope.com\/@fi\/115786360048394788","error":""},"_links":{"self":[{"href":"https:\/\/www.europesays.com\/fi\/wp-json\/wp\/v2\/posts\/126341","targetHints":{"allow":["GET"]}}],"collection":[{"href":"https:\/\/www.europesays.com\/fi\/wp-json\/wp\/v2\/posts"}],"about":[{"href":"https:\/\/www.europesays.com\/fi\/wp-json\/wp\/v2\/types\/post"}],"author":[{"embeddable":true,"href":"https:\/\/www.europesays.com\/fi\/wp-json\/wp\/v2\/users\/2"}],"replies":[{"embeddable":true,"href":"https:\/\/www.europesays.com\/fi\/wp-json\/wp\/v2\/comments?post=126341"}],"version-history":[{"count":0,"href":"https:\/\/www.europesays.com\/fi\/wp-json\/wp\/v2\/posts\/126341\/revisions"}],"wp:featuredmedia":[{"embeddable":true,"href":"https:\/\/www.europesays.com\/fi\/wp-json\/wp\/v2\/media\/126342"}],"wp:attachment":[{"href":"https:\/\/www.europesays.com\/fi\/wp-json\/wp\/v2\/media?parent=126341"}],"wp:term":[{"taxonomy":"category","embeddable":true,"href":"https:\/\/www.europesays.com\/fi\/wp-json\/wp\/v2\/categories?post=126341"},{"taxonomy":"post_tag","embeddable":true,"href":"https:\/\/www.europesays.com\/fi\/wp-json\/wp\/v2\/tags?post=126341"}],"curies":[{"name":"wp","href":"https:\/\/api.w.org\/{rel}","templated":true}]}}