{"id":126343,"date":"2025-12-26T14:33:08","date_gmt":"2025-12-26T14:33:08","guid":{"rendered":"https:\/\/www.europesays.com\/fi\/126343\/"},"modified":"2025-12-26T14:33:08","modified_gmt":"2025-12-26T14:33:08","slug":"poliisi-etsii-pudasjarvella-kadonnutta-nuorta-naista-kotimaa","status":"publish","type":"post","link":"https:\/\/www.europesays.com\/fi\/126343\/","title":{"rendered":"Poliisi etsii Pudasj\u00e4rvell\u00e4 kadonnutta nuorta naista | Kotimaa"},"content":{"rendered":"<p class=\"aw-1gybjub aw-5vja16 kEtdKx kmuxyA yle__article__paragraph\">Nainen katosi perjantaina puolen p\u00e4iv\u00e4n aikaan Pudasj\u00e4rven Panuman alueella.<\/p>\n<p><img decoding=\"async\" alt=\"Poliisin hihamerkki olkavarressa.\" src=\"https:\/\/www.europesays.com\/fi\/wp-content\/uploads\/2025\/12\/39-1568419693bb1dac7834.jpeg\" class=\"aw-1l9m598 hKVVvP\"\/><\/p>\n<p>Avaa kuvien katselu<\/p>\n<p>Kuva: Onni Ojala \/ Lehtikuva<\/p>\n<p class=\"aw-1gybjub aw-1p7kakr kEtdKx cEmitX yle__article__paragraph\">Poliisi etsii kadonnutta naista Pudasj\u00e4rvell\u00e4 Panuman l\u00e4hialueella. 25-vuotias nainen katosi turistiryhm\u00e4st\u00e4 Tapaninp\u00e4iv\u00e4n\u00e4 noin puoliltap\u00e4ivin.<\/p>\n<p class=\"aw-1gybjub aw-1p7kakr kEtdKx cEmitX yle__article__paragraph\">Naisella on punaiset hiukset ja silm\u00e4lasit. Kadotessaan h\u00e4nell\u00e4 oli ainakin musta takki ja musta pipo, Oulun poliisi kertoo tiedotteessaan.<\/p>\n<p class=\"aw-1gybjub aw-1p7kakr kEtdKx cEmitX yle__article__paragraph\">Oulun poliisi etsii kadonnutta vapaaehtoisen pelastuspalvelun kanssa. Etsinn\u00f6iss\u00e4 on k\u00e4yt\u00f6ss\u00e4 my\u00f6s drooneja.<\/p>\n<p class=\"aw-1gybjub aw-1p7kakr kEtdKx cEmitX yle__article__paragraph\">Poliisi pyyt\u00e4\u00e4 havaintoja, jotka voivat liitty\u00e4 kadonneeseen naiseen. Uusista havainnoista pyydet\u00e4\u00e4n ilmoittamaan suoraan h\u00e4t\u00e4keskukseen 112 ja aiemmin tehdyist\u00e4 havainnoista poliisin vihjepuhelimeen numeroon 0295 416 194.<\/p>\n","protected":false},"excerpt":{"rendered":"Nainen katosi perjantaina puolen p\u00e4iv\u00e4n aikaan Pudasj\u00e4rven Panuman alueella. Avaa kuvien katselu Kuva: Onni Ojala \/ Lehtikuva Poliisi&hellip;\n","protected":false},"author":2,"featured_media":123578,"comment_status":"","ping_status":"","sticky":false,"template":"","format":"standard","meta":{"footnotes":""},"categories":[12],"tags":[22,23,26,27,33,31,30,17,7264,71,24,25,28,29,15,18,21,3523,728,52,3991,32,19,20,16],"class_list":{"0":"post-126343","1":"post","2":"type-post","3":"status-publish","4":"format-standard","5":"has-post-thumbnail","7":"category-suomi","8":"tag-breaking-news","9":"tag-breakingnews","10":"tag-featured-news","11":"tag-featurednews","12":"tag-fi","13":"tag-finland","14":"tag-finnish","15":"tag-headlines","16":"tag-kadonneet-henkilot","17":"tag-kotimaa","18":"tag-latest-news","19":"tag-latestnews","20":"tag-main-news","21":"tag-mainnews","22":"tag-news","23":"tag-otsikot","24":"tag-paauutiset","25":"tag-pelastuspalvelu","26":"tag-pohjois-pohjanmaa","27":"tag-poliisi","28":"tag-pudasjarvi","29":"tag-suomi","30":"tag-top-stories","31":"tag-topstories","32":"tag-uutiset"},"share_on_mastodon":{"url":"https:\/\/pubeurope.com\/@fi\/115786364274494151","error":""},"_links":{"self":[{"href":"https:\/\/www.europesays.com\/fi\/wp-json\/wp\/v2\/posts\/126343","targetHints":{"allow":["GET"]}}],"collection":[{"href":"https:\/\/www.europesays.com\/fi\/wp-json\/wp\/v2\/posts"}],"about":[{"href":"https:\/\/www.europesays.com\/fi\/wp-json\/wp\/v2\/types\/post"}],"author":[{"embeddable":true,"href":"https:\/\/www.europesays.com\/fi\/wp-json\/wp\/v2\/users\/2"}],"replies":[{"embeddable":true,"href":"https:\/\/www.europesays.com\/fi\/wp-json\/wp\/v2\/comments?post=126343"}],"version-history":[{"count":0,"href":"https:\/\/www.europesays.com\/fi\/wp-json\/wp\/v2\/posts\/126343\/revisions"}],"wp:featuredmedia":[{"embeddable":true,"href":"https:\/\/www.europesays.com\/fi\/wp-json\/wp\/v2\/media\/123578"}],"wp:attachment":[{"href":"https:\/\/www.europesays.com\/fi\/wp-json\/wp\/v2\/media?parent=126343"}],"wp:term":[{"taxonomy":"category","embeddable":true,"href":"https:\/\/www.europesays.com\/fi\/wp-json\/wp\/v2\/categories?post=126343"},{"taxonomy":"post_tag","embeddable":true,"href":"https:\/\/www.europesays.com\/fi\/wp-json\/wp\/v2\/tags?post=126343"}],"curies":[{"name":"wp","href":"https:\/\/api.w.org\/{rel}","templated":true}]}}