{"id":126354,"date":"2025-12-26T14:59:08","date_gmt":"2025-12-26T14:59:08","guid":{"rendered":"https:\/\/www.europesays.com\/fi\/126354\/"},"modified":"2025-12-26T14:59:08","modified_gmt":"2025-12-26T14:59:08","slug":"suomalaisten-kielitaito-ei-saa-enaa-kaventua","status":"publish","type":"post","link":"https:\/\/www.europesays.com\/fi\/126354\/","title":{"rendered":"Suomalaisten kielitaito ei saa en\u00e4\u00e4 kaventua"},"content":{"rendered":"<p>P\u00e4\u00e4kirjoitus|Suomalaisten kielitaito on kaventunut jo vuosia, kun useimmat lukevat koulussa vain englantia. Tilanne on jo niin huono, ett\u00e4 yliopistot alkavat nyt ottaa saksaakin opiskelemaan kielt\u00e4 aiemmin osaamattomia. Se on hyv\u00e4 uudistus, mutta ei riitt\u00e4v\u00e4.<\/p>\n<p class=\"article-body mb-nof-24 px-nof-16\">M\u00e4\u00e4r\u00e4tietoisella p\u00f6hk\u00f6ydell\u00e4 Suomessa on p\u00e4\u00e4sty tilanteeseen, jossa ty\u00f6el\u00e4m\u00e4\u00e4n tulevien ik\u00e4luokkien kielitaito on kapeampi kuin el\u00e4kkeelle j\u00e4\u00e4vien.<\/p>\n<p class=\"article-body mb-nof-24 px-nof-16\">T\u00e4m\u00e4 ei tietenk\u00e4\u00e4n ole mik\u00e4\u00e4n yll\u00e4tys. Peruskoulun ja toisen asteen kieltenopetus on yksipuolistunut jo vuosikausia, ja valtaosa oppilaista ja toisen asteen opiskelijoista opiskelee englantia ainoana vieraana kielen\u00e4\u00e4n. Ylioppilastutkintolautakunta joutui jo yli vuosikymmen sitten lopettamaan vanhojen mahtikielten saksan ja ranskan arvosanojen jakamisen normaalijakauman eli Gaussin kellok\u00e4yr\u00e4n mukaan, kun kirjoittajia oli niin v\u00e4h\u00e4n.<\/p>\n<p class=\"article-body mb-nof-24 px-nof-16\">Yksi uusi merkki tilanteen vakavuudesta saatiin aiemmin t\u00e4ss\u00e4 kuussa. Helsingin, Jyv\u00e4skyl\u00e4n ja Turun yliopistot ilmoittivat, ett\u00e4 tulevan kev\u00e4\u00e4n yhteishaussa niiden saksan, ranskan ja ven\u00e4j\u00e4n tutkinto-ohjelmiin voi hakea opiskelemaan ilman aiempaa kielitaitoa. Etenkin saksan osalta muutos on suorastaan mullistava.<\/p>\n<p class=\"article-body mb-nof-24 px-nof-16\">P\u00e4\u00e4t\u00f6st\u00e4 on tietenkin jouduttanut yliopistojen huoli tasaisesti laskeneista hakijam\u00e4\u00e4rist\u00e4, mutta sill\u00e4kin on laajoja yhteiskunnallisia vaikutuksia. Jos mit\u00e4\u00e4n ei teht\u00e4isi, vastaisuudessa ei olisi p\u00e4tevi\u00e4 kieltenopettajiakaan.<\/p>\n<p class=\"article-body mb-nof-24 px-nof-16\">Ratkaisu onkin j\u00e4rkev\u00e4. Monessa muussa maassa on jo k\u00e4yt\u00f6ss\u00e4 t\u00e4llainen malli, ja Suomessakin siit\u00e4 on aiemmissa kokeiluissa my\u00f6nteisi\u00e4 kokemuksia. Niit\u00e4 on saatu muiltakin aloilta: moni muistaa niin sanotut kukkaisteekkarit, eik\u00e4 kadettikouluunkaan p\u00e4\u00e4syyn vaadita en\u00e4\u00e4 reservinupseerikurssin suorittamista.<\/p>\n<p class=\"article-body mb-nof-24 px-nof-16\">Enemm\u00e4n pit\u00e4\u00e4 silti tehd\u00e4, mutta erityisesti yliopistoa alemmilla tasoilla. Kaventunut kielten osaaminen on Suomelle valtava ongelma, jota mik\u00e4\u00e4n teknologinen kehitys ei ratkaise puolestamme.<\/p>\n","protected":false},"excerpt":{"rendered":"P\u00e4\u00e4kirjoitus|Suomalaisten kielitaito on kaventunut jo vuosia, kun useimmat lukevat koulussa vain englantia. Tilanne on jo niin huono, ett\u00e4&hellip;\n","protected":false},"author":2,"featured_media":80827,"comment_status":"","ping_status":"","sticky":false,"template":"","format":"standard","meta":{"footnotes":""},"categories":[12],"tags":[22,23,26,27,33,31,30,17,46,24,25,28,29,15,18,21,32,19,20,16],"class_list":{"0":"post-126354","1":"post","2":"type-post","3":"status-publish","4":"format-standard","5":"has-post-thumbnail","7":"category-suomi","8":"tag-breaking-news","9":"tag-breakingnews","10":"tag-featured-news","11":"tag-featurednews","12":"tag-fi","13":"tag-finland","14":"tag-finnish","15":"tag-headlines","16":"tag-helsingin-sanomat","17":"tag-latest-news","18":"tag-latestnews","19":"tag-main-news","20":"tag-mainnews","21":"tag-news","22":"tag-otsikot","23":"tag-paauutiset","24":"tag-suomi","25":"tag-top-stories","26":"tag-topstories","27":"tag-uutiset"},"share_on_mastodon":{"url":"https:\/\/pubeurope.com\/@fi\/115786466203141205","error":""},"_links":{"self":[{"href":"https:\/\/www.europesays.com\/fi\/wp-json\/wp\/v2\/posts\/126354","targetHints":{"allow":["GET"]}}],"collection":[{"href":"https:\/\/www.europesays.com\/fi\/wp-json\/wp\/v2\/posts"}],"about":[{"href":"https:\/\/www.europesays.com\/fi\/wp-json\/wp\/v2\/types\/post"}],"author":[{"embeddable":true,"href":"https:\/\/www.europesays.com\/fi\/wp-json\/wp\/v2\/users\/2"}],"replies":[{"embeddable":true,"href":"https:\/\/www.europesays.com\/fi\/wp-json\/wp\/v2\/comments?post=126354"}],"version-history":[{"count":0,"href":"https:\/\/www.europesays.com\/fi\/wp-json\/wp\/v2\/posts\/126354\/revisions"}],"wp:featuredmedia":[{"embeddable":true,"href":"https:\/\/www.europesays.com\/fi\/wp-json\/wp\/v2\/media\/80827"}],"wp:attachment":[{"href":"https:\/\/www.europesays.com\/fi\/wp-json\/wp\/v2\/media?parent=126354"}],"wp:term":[{"taxonomy":"category","embeddable":true,"href":"https:\/\/www.europesays.com\/fi\/wp-json\/wp\/v2\/categories?post=126354"},{"taxonomy":"post_tag","embeddable":true,"href":"https:\/\/www.europesays.com\/fi\/wp-json\/wp\/v2\/tags?post=126354"}],"curies":[{"name":"wp","href":"https:\/\/api.w.org\/{rel}","templated":true}]}}