{"id":126359,"date":"2025-12-26T15:16:09","date_gmt":"2025-12-26T15:16:09","guid":{"rendered":"https:\/\/www.europesays.com\/fi\/126359\/"},"modified":"2025-12-26T15:16:09","modified_gmt":"2025-12-26T15:16:09","slug":"pate-mustajarven-rautaisuus-paljastui-ennen-kaikkea-yleison-edessa-sanoo-musiikkitoimittaja-pekka-laine-kulttuuri","status":"publish","type":"post","link":"https:\/\/www.europesays.com\/fi\/126359\/","title":{"rendered":"Pate Mustaj\u00e4rven rautaisuus paljastui ennen kaikkea yleis\u00f6n edess\u00e4, sanoo musiikki\u00adtoimittaja Pekka Laine | Kulttuuri"},"content":{"rendered":"<p class=\"aw-1gybjub aw-5vja16 kEtdKx kmuxyA yle__article__paragraph\">Vaikka Popedan ja Mustaj\u00e4rven soolouraan sis\u00e4ltyi paljon radiohittej\u00e4, suuren suosion salaisuus l\u00f6ytyi tien p\u00e4\u00e4lt\u00e4, sanoo Ylen musiikkitoimittaja Pekka Laine.<\/p>\n<p><img decoding=\"async\" alt=\"Pate Mustaj\u00e4rvi laulaa keikalla.\" src=\"https:\/\/www.europesays.com\/fi\/wp-content\/uploads\/2025\/12\/39-1574598694e81b16f220.jpeg\" class=\"aw-1l9m598 hKVVvP\"\/><\/p>\n<p>Avaa kuvien katselu<\/p>\n<p>Musiikkitoimittaja Pekka Laineen mukaan Pate Mustaj\u00e4rven ja Popedan suosio rakennettiin keikkailemalla. Mustaj\u00e4rvi kuvattiin Popedan keikalla Provinssirockissa 1997. Kuva: Marko Tuominiemi \/ AOP<\/p>\n<p class=\"aw-1gybjub aw-1p7kakr kEtdKx cEmitX yle__article__paragraph\"><strong class=\"aw-ak79eh KyCXm yle__article__strong\">Pate Mustaj\u00e4rvi<\/strong> on keskeinen avainhahmo suomalaisen rockmusiikin tarinassa ja suomirockin ikonien ter\u00e4vimm\u00e4ss\u00e4 k\u00e4rjess\u00e4.<\/p>\n<p class=\"aw-1gybjub aw-1p7kakr kEtdKx cEmitX yle__article__paragraph\">N\u00e4in toteaa Ylen pitk\u00e4n linjan musiikkitoimittaja <strong class=\"aw-ak79eh KyCXm yle__article__strong\">Pekka Laine<\/strong>.<\/p>\n<p class=\"aw-1gybjub aw-1p7kakr kEtdKx cEmitX yle__article__paragraph\">\u2013 Musiikki on se, joka j\u00e4\u00e4 el\u00e4m\u00e4\u00e4n ja viime hetkess\u00e4 kiteytt\u00e4\u00e4 sen, mit\u00e4 tuli tehty\u00e4. Se on huomattava perint\u00f6, mit\u00e4 sielt\u00e4 on j\u00e4\u00e4nyt yhteisty\u00f6ss\u00e4 b\u00e4ndikavereiden ja muiden kumppaneiden kanssa. Se on kest\u00e4v\u00e4\u00e4 suomalaisen rockmusiikin kaanonia, joka ei ole mihink\u00e4\u00e4n katoamassa.<\/p>\n<p class=\"aw-1gybjub aw-1p7kakr kEtdKx cEmitX yle__article__paragraph\">L\u00e4hes viisikymmenvuotisen uran musiikin parissa tehnyt <a class=\"aw-iao6s4 iHOxEa yle__article__link\" href=\"https:\/\/yle.fi\/a\/74-20201507\" role=\"link\" rel=\"nofollow noopener\" target=\"_blank\">Pauli \u201dPate\u201d Mustaj\u00e4rvi kuoli tapaninp\u00e4iv\u00e4n\u00e4<\/a>. H\u00e4n kertoi marraskuussa <a class=\"aw-iao6s4 iHOxEa yle__article__link\" href=\"https:\/\/yle.fi\/a\/74-20194259\" role=\"link\" rel=\"nofollow noopener\" target=\"_blank\">sairastavansa sy\u00f6p\u00e4\u00e4<\/a>.<\/p>\n<p class=\"aw-1gybjub aw-1p7kakr kEtdKx cEmitX yle__article__paragraph\">\u2013 Kun puhutaan Patesta, niin kaikki tiet\u00e4\u00e4, kenest\u00e4 puhutaan. H\u00e4n oli maanl\u00e4heinen, rouhea ja inhimillinen. Omalla tavallaan todella karismaattinen suomalainen rockt\u00e4hti, Laine sanoo.<\/p>\n<p class=\"aw-1gybjub aw-1p7kakr kEtdKx cEmitX yle__article__paragraph\">Mustaj\u00e4rvi oli Laineen mukaan \u201deritt\u00e4in manse\u201d, joka toi omaa el\u00e4m\u00e4npiiri\u00e4\u00e4n yleiseen tietoisuuteen.<\/p>\n<p class=\"aw-1gybjub aw-1p7kakr kEtdKx cEmitX yle__article__paragraph\">\u2013 H\u00e4nen ansiostaan muutkin kuin paikalliset tiet\u00e4\u00e4, ett\u00e4 jossakin on Ikuri, Laine sanoo.<\/p>\n<p class=\"aw-1gybjub aw-1p7kakr kEtdKx cEmitX yle__article__paragraph\">Mustaj\u00e4rvi ja h\u00e4nen Popeda-yhtyeens\u00e4 liittyi Tampereelta ponnistaneen \u201dmanserockin\u201d etulinjaan 1970-luvun lopulla muun muassa <strong class=\"aw-ak79eh KyCXm yle__article__strong\">Juice Leskisen<\/strong> ja Eppu Normaalin rinnalle.<\/p>\n<p class=\"aw-1gybjub aw-1p7kakr kEtdKx cEmitX yle__article__paragraph\">\u2013 H\u00e4n oli klassinen rockyhtyeen \u201dfrontman\u201d (keulakuva).<\/p>\n<p class=\"aw-1gybjub aw-1p7kakr kEtdKx cEmitX yle__article__paragraph\">Vaikka Popedan ja Mustaj\u00e4rven soolouraan sis\u00e4ltyi paljon radiohittej\u00e4, Laine sanoo, ett\u00e4 suuren suosion salaisuus l\u00f6ytyi kuitenkin tien p\u00e4\u00e4lt\u00e4.<\/p>\n<p class=\"aw-1gybjub aw-1p7kakr kEtdKx cEmitX yle__article__paragraph\">\u2013 Suurelta osin se suosio rakennettiin keikkailemalla. Pate Mustaj\u00e4rven rautaisuus paljastui ennen kaikkea el\u00e4v\u00e4n\u00e4 yleis\u00f6n edess\u00e4.<\/p>\n<p>\u00c4ij\u00e4rokkari ja ajattelija<\/p>\n<p class=\"aw-1gybjub aw-1p7kakr kEtdKx cEmitX yle__article__paragraph\">Paten uran aikana tapahtui selv\u00e4\u00e4 kypsymist\u00e4. Varsinkin Popedan uran alku oli \u201dnuorten miesten hien ja testosteronin katkuista autotallirockista kasvanutta meininki\u00e4\u201d, Laine sanoo.<\/p>\n<p class=\"aw-1gybjub aw-1p7kakr kEtdKx cEmitX yle__article__paragraph\">\u2013 Popedan rehvakas raikulipoikameininki leimasi my\u00f6s Paten henkil\u00f6\u00e4. Oli ikuinen ilonpito p\u00e4\u00e4ll\u00e4. H\u00e4nen soolouransa tuo toisen, mietteli\u00e4\u00e4mm\u00e4n ja vakavamman puolen esiin \u2013 mik\u00e4 h\u00e4ness\u00e4 on varmasti aina ollutkin mukana. Ei miss\u00e4\u00e4n nimess\u00e4 ollut jatkuvaa rairai-hoilotusta, h\u00e4n pohtii.<\/p>\n<p class=\"aw-1gybjub aw-1p7kakr kEtdKx cEmitX yle__article__paragraph\">Mustaj\u00e4rvi oli monisyisempi hahmo kuin mit\u00e4 julkinen kuva antaa ymm\u00e4rt\u00e4\u00e4, Laine tiivist\u00e4\u00e4.<\/p>\n<p class=\"aw-1gybjub aw-1p7kakr kEtdKx cEmitX yle__article__paragraph\">H\u00e4n muistuttaa, ett\u00e4 jokaisella b\u00e4ndill\u00e4 on l\u00e4pily\u00f6ntivaiheessa tietty tyyli, jota yleis\u00f6 my\u00f6s my\u00f6hemm\u00e4ss\u00e4 vaiheessa odottaa saavansa. Soolotuotannon my\u00f6t\u00e4 Mustaj\u00e4rven oli mahdollista nostaa esiin muitakin puolia, jotka eiv\u00e4t v\u00e4ltt\u00e4m\u00e4tt\u00e4 mahtuneet luontevasti Popedan palettiin.<\/p>\n<p class=\"aw-1gybjub aw-1p7kakr kEtdKx cEmitX yle__article__paragraph\">\u2013 Se oli j\u00e4rkeenk\u00e4yp\u00e4\u00e4. Kun olet menestyv\u00e4n rockyhtyeen laulaja, niin voit soolona tehd\u00e4 jotain sellaista, mit\u00e4 et niin sanotusti p\u00e4iv\u00e4ty\u00f6ss\u00e4si tee. Eik\u00e4 Popedakaan ollut miss\u00e4\u00e4n nimess\u00e4 vain yht\u00e4 ja samaa, mutta aika vahva br\u00e4ndi siin\u00e4 b\u00e4ndiss\u00e4 on, Laine sanoo.<\/p>\n<p class=\"aw-1gybjub aw-1p7kakr kEtdKx cEmitX yle__article__paragraph\">H\u00e4nen mukaansa Pate Mustaj\u00e4rvi ik\u00e4\u00e4ntyi todella tyylikk\u00e4\u00e4sti artistina. Kahden eri tyylin yhdist\u00e4minen ei ollut ristiriidassa, vaan enemm\u00e4nkin harmoniassa.<\/p>\n<p class=\"aw-1gybjub aw-1p7kakr kEtdKx cEmitX yle__article__paragraph\">\u2013 H\u00e4n sai varmasti soolouransa my\u00f6t\u00e4 my\u00f6s paljon uutta yleis\u00f6\u00e4. Sellaista, joka ei v\u00e4ltt\u00e4m\u00e4tt\u00e4 sit\u00e4 Matkalla Alabamaan -osastoa ole kokenut omakseen.<\/p>\n<p>T\u00e4ysin suomalainen ja tamperelainen<\/p>\n<p class=\"aw-1gybjub aw-1p7kakr kEtdKx cEmitX yle__article__paragraph\">Voidaanko Laineen mielest\u00e4 ajatella, ett\u00e4 Mustaj\u00e4rvi on jollain tapaa ollut Suomessa my\u00f6s niin sanotusti miehen malli? H\u00e4n sanoo, ett\u00e4 on vaarallista ajatella julkisuuden ihmisi\u00e4 roolimalleina.<\/p>\n<p class=\"aw-1gybjub aw-1p7kakr kEtdKx cEmitX yle__article__paragraph\">\u2013 H\u00e4n varmaan itse sanoisi, ett\u00e4 \u00e4lk\u00e4\u00e4 nyt helkkari meik\u00e4l\u00e4ist\u00e4 matkiko! Mutta varmasti h\u00e4n on inspiroinut monia ja h\u00e4net on koettu l\u00e4heiseksi ja samaistuttavaksi. Sill\u00e4 on merkityst\u00e4. Pate on suomalainen kulttuuri-ikoni ja t\u00e4hti.<\/p>\n<p class=\"aw-1gybjub aw-1p7kakr kEtdKx cEmitX yle__article__paragraph\">Vaikka Mustaj\u00e4rven musiikilliset vaikutteet tulivat Britanniasta ja Yhdysvalloista, oli h\u00e4n Laineen mukaan itse t\u00e4ysin suomalainen ja tamperelainen.<\/p>\n<p class=\"aw-1gybjub aw-1p7kakr kEtdKx cEmitX yle__article__paragraph\">\u2013 Varmasti h\u00e4n on antanut monille uskoa omaan asiaan ja inspiroinut. Patesta l\u00f6ytyi itseironiaa ja h\u00e4n k\u00e4vi riitt\u00e4v\u00e4n monta kertaa niin sanotusti lepikon puolella. Oli perspektiivi\u00e4 ja suhteellisuudentajua. Seh\u00e4n siit\u00e4 Paten henkil\u00f6st\u00e4 v\u00e4littyy, ett\u00e4 \u201dolkaa mit\u00e4 olette ja pystyss\u00e4 p\u00e4in\u201d, Laine summaa.<\/p>\n<p><img decoding=\"async\" alt=\"\" src=\"https:\/\/www.europesays.com\/fi\/wp-content\/uploads\/2025\/12\/13-1-3469476-1695105604805.jpeg\" class=\"aw-1l9m598 hKVVvP\"\/><\/p>\n","protected":false},"excerpt":{"rendered":"Vaikka Popedan ja Mustaj\u00e4rven soolouraan sis\u00e4ltyi paljon radiohittej\u00e4, suuren suosion salaisuus l\u00f6ytyi tien p\u00e4\u00e4lt\u00e4, sanoo Ylen musiikkitoimittaja Pekka&hellip;\n","protected":false},"author":2,"featured_media":126360,"comment_status":"","ping_status":"","sticky":false,"template":"","format":"standard","meta":{"footnotes":""},"categories":[132],"tags":[137,33,31,30,71,108,4223,12481,195,47,5730,32,109],"class_list":{"0":"post-126359","1":"post","2":"type-post","3":"status-publish","4":"format-standard","5":"has-post-thumbnail","7":"category-musiikki","8":"tag-entertainment","9":"tag-fi","10":"tag-finland","11":"tag-finnish","12":"tag-kotimaa","13":"tag-kulttuuri","14":"tag-kuolleet","15":"tag-manserock","16":"tag-music","17":"tag-musiikki","18":"tag-pate-mustajarvi","19":"tag-suomi","20":"tag-viihde"},"share_on_mastodon":{"url":"https:\/\/pubeurope.com\/@fi\/115786533281344783","error":""},"_links":{"self":[{"href":"https:\/\/www.europesays.com\/fi\/wp-json\/wp\/v2\/posts\/126359","targetHints":{"allow":["GET"]}}],"collection":[{"href":"https:\/\/www.europesays.com\/fi\/wp-json\/wp\/v2\/posts"}],"about":[{"href":"https:\/\/www.europesays.com\/fi\/wp-json\/wp\/v2\/types\/post"}],"author":[{"embeddable":true,"href":"https:\/\/www.europesays.com\/fi\/wp-json\/wp\/v2\/users\/2"}],"replies":[{"embeddable":true,"href":"https:\/\/www.europesays.com\/fi\/wp-json\/wp\/v2\/comments?post=126359"}],"version-history":[{"count":0,"href":"https:\/\/www.europesays.com\/fi\/wp-json\/wp\/v2\/posts\/126359\/revisions"}],"wp:featuredmedia":[{"embeddable":true,"href":"https:\/\/www.europesays.com\/fi\/wp-json\/wp\/v2\/media\/126360"}],"wp:attachment":[{"href":"https:\/\/www.europesays.com\/fi\/wp-json\/wp\/v2\/media?parent=126359"}],"wp:term":[{"taxonomy":"category","embeddable":true,"href":"https:\/\/www.europesays.com\/fi\/wp-json\/wp\/v2\/categories?post=126359"},{"taxonomy":"post_tag","embeddable":true,"href":"https:\/\/www.europesays.com\/fi\/wp-json\/wp\/v2\/tags?post=126359"}],"curies":[{"name":"wp","href":"https:\/\/api.w.org\/{rel}","templated":true}]}}