{"id":126361,"date":"2025-12-26T15:19:09","date_gmt":"2025-12-26T15:19:09","guid":{"rendered":"https:\/\/www.europesays.com\/fi\/126361\/"},"modified":"2025-12-26T15:19:09","modified_gmt":"2025-12-26T15:19:09","slug":"ruotsin-hiihtotahden-synkka-kierre-jatkuu-linn-svahn-ja-lotta-udnes-weng-sivuun-tour-de-skilta-urheilua-lyhyesti","status":"publish","type":"post","link":"https:\/\/www.europesays.com\/fi\/126361\/","title":{"rendered":"Ruotsin hiihtot\u00e4hden synkk\u00e4 kierre jatkuu \u2013 Linn Svahn ja Lotta Udnes Weng sivuun Tour de Skilt\u00e4 | Urheilua lyhyesti"},"content":{"rendered":"<p class=\"aw-1gybjub aw-5vja16 kEtdKx kmuxyA yle__article__paragraph\">Linn Svahn palasi kisaladuille viime kauden aivo\u00adt\u00e4r\u00e4hdyksens\u00e4 j\u00e4lkeen. Olympialaisiin valitulla hiiht\u00e4j\u00e4ll\u00e4 on nyt jalkavaivaa.<\/p>\n<p><img decoding=\"async\" alt=\"Linn Svahn \u00e5ker skidor.\" src=\"https:\/\/www.europesays.com\/fi\/wp-content\/uploads\/2025\/12\/39-1574629694e9775550af.jpeg\" class=\"aw-1l9m598 hKVVvP\"\/><\/p>\n<p>Avaa kuvien katselu<\/p>\n<p>Linn Svahn tunnetaan etenkin etev\u00e4n\u00e4 sprinttihiiht\u00e4j\u00e4n\u00e4. Kuva: Gian Ehrenzeller \/ EPA<\/p>\n<p class=\"aw-1gybjub aw-1p7kakr kEtdKx cEmitX yle__article__paragraph\">Ruotsin leirist\u00e4 kuultiin tapaninp\u00e4iv\u00e4n\u00e4 kovasta Tour de Skin poisj\u00e4\u00e4nnist\u00e4, sill\u00e4 <strong class=\"aw-ak79eh KyCXm yle__article__strong\">Linn Svahn<\/strong> on tuntenut harjoituksissa kipua oikeassa jalassaan.<\/p>\n<p class=\"aw-1gybjub aw-1p7kakr kEtdKx cEmitX yle__article__paragraph\">\u2013 Olemme p\u00e4\u00e4tt\u00e4neet, ett\u00e4 Linn j\u00e4tt\u00e4\u00e4 kiertueen v\u00e4liin varotoimenpiteen\u00e4, maajoukkueen valmentaja <strong class=\"aw-ak79eh KyCXm yle__article__strong\">Stefan Thomson<\/strong> sanoi <a class=\"aw-iao6s4 iHOxEa yle__article__link\" href=\"https:\/\/www.svt.se\/sport\/langdskidor\/linn-svahn-skippar-tour-de-ski\" role=\"link\" rel=\"nofollow noopener\" target=\"_blank\">SVT:n mukaan<\/a>.<\/p>\n<p class=\"aw-1gybjub aw-1p7kakr kEtdKx cEmitX yle__article__paragraph\">Svahn on ollut eritt\u00e4in huono-onninen hiiht\u00e4j\u00e4. Viime talvena h\u00e4n kaatui pahasti Trondheimin MM-kisoissa harjoituksissa, l\u00f6i p\u00e4\u00e4ns\u00e4 ja joutui j\u00e4tt\u00e4m\u00e4\u00e4n MM-kisat sek\u00e4 loppukauden v\u00e4liin.<\/p>\n<p class=\"aw-1gybjub aw-1p7kakr kEtdKx cEmitX yle__article__paragraph\">Esimerkiksi <a class=\"aw-iao6s4 iHOxEa yle__article__link\" href=\"https:\/\/yle.fi\/a\/74-20176620\" role=\"link\" rel=\"nofollow noopener\" target=\"_blank\">elokuussa uutisoitiin<\/a>, ettei Svahn ole viel\u00e4k\u00e4\u00e4n kuntoutunut t\u00e4ysin saamastaan aivot\u00e4r\u00e4hdyksest\u00e4 ja niskavammasta.<\/p>\n<p class=\"aw-1gybjub aw-1p7kakr kEtdKx cEmitX yle__article__paragraph\">Svahn palasi kuitenkin maailmancupiin ter\u00e4v\u00e4sti. Trondheimin paluukisassaan h\u00e4n oli maailmancupin sprintiss\u00e4 kolmas.<\/p>\n<p class=\"aw-1gybjub aw-1p7kakr kEtdKx cEmitX yle__article__paragraph\">Nyt valmentaja Thomson kertoi, ett\u00e4 Svahnin vammassa on todenn\u00e4k\u00f6isesti kyse puristuksissa olevasta hermosta, mutta hiiht\u00e4j\u00e4ll\u00e4 on takana hyv\u00e4 harjoitusjakso.<\/p>\n<p class=\"aw-1gybjub aw-1p7kakr kEtdKx cEmitX yle__article__paragraph\"><a class=\"aw-iao6s4 iHOxEa yle__article__link\" href=\"https:\/\/yle.fi\/a\/74-20200042\" role=\"link\" rel=\"nofollow noopener\" target=\"_blank\">Ruotsi nimesi<\/a> Svahnin Milano-Cortinan olympiajoukkueeseen aiemmin joulukuussa. Tour de Skill\u00e4 Svahnin korvaa <strong class=\"aw-ak79eh KyCXm yle__article__strong\">Evelina Cr\u00fcsell<\/strong>.<\/p>\n<p class=\"aw-1gybjub aw-1p7kakr kEtdKx cEmitX yle__article__paragraph\">Svahn voivotteli aiemmin SVT:lle, kuinka viime aikojen vaikeudet ovat saaneet h\u00e4net ep\u00e4varmaksi.<\/p>\n<p class=\"aw-1gybjub aw-1p7kakr kEtdKx cEmitX yle__article__paragraph\">\u2013 En voi sanoa, ett\u00e4 minulla olisi suunnitelmaa arvokisoihin, koska se on mennyt joka kerta pieleen.<\/p>\n<p><img decoding=\"async\" alt=\"Lotta Udnes Weng Davosissa 13.12.2025.\" src=\"https:\/\/www.europesays.com\/fi\/wp-content\/uploads\/2025\/12\/39-1574636694ea18cd7461.jpeg\" loading=\"lazy\" class=\"aw-1l9m598 hKVVvP\"\/><\/p>\n<p>Avaa kuvien katselu<\/p>\n<p>Lotta Udnes Weng sairastui jouluna. Kuva: EPA \/ AOP<\/p>\n<p class=\"aw-1gybjub aw-1p7kakr kEtdKx cEmitX yle__article__paragraph\">My\u00f6s norjalaishiiht\u00e4j\u00e4 <strong class=\"aw-ak79eh KyCXm yle__article__strong\">Lotta Udnes Weng<\/strong> vet\u00e4ytyy Tour de Skilt\u00e4.<\/p>\n<p class=\"aw-1gybjub aw-1p7kakr kEtdKx cEmitX yle__article__paragraph\">\u2013 Lotta her\u00e4si joulup\u00e4iv\u00e4n\u00e4 kurkku kipe\u00e4n\u00e4 ja j\u00e4tt\u00e4\u00e4 t\u00e4m\u00e4n vuoden Tourin v\u00e4liin, Norjan hiihtomaajoukkueen l\u00e4\u00e4k\u00e4ri <strong class=\"aw-ak79eh KyCXm yle__article__strong\">Ove Feragen<\/strong> kertoi Norjan hiihtoliiton tiedotteessa.<\/p>\n<p class=\"aw-1gybjub aw-1p7kakr kEtdKx cEmitX yle__article__paragraph\"><strong class=\"aw-ak79eh KyCXm yle__article__strong\">Nora Sanness<\/strong> ottaa Wengin paikan.<\/p>\n<p class=\"aw-1gybjub aw-1p7kakr kEtdKx cEmitX yle__article__paragraph\">Weng on sijoittunut t\u00e4ll\u00e4 kaudella maailmancupissa parhaimmillaan 14:nneksi Davosin vapaan sprintiss\u00e4. Sanness on ollut seitsem\u00e4s Rukan 20 kilometrin ja Trondheimin 10 kilometrin vapaan kilpailuissa.<\/p>\n<p class=\"aw-1gybjub aw-1p7kakr kEtdKx cEmitX yle__article__paragraph\">Kumpikaan kaksikosta ei ollut viel\u00e4 listalla, kun <a class=\"aw-iao6s4 iHOxEa yle__article__link\" href=\"https:\/\/yle.fi\/a\/74-20200065\" role=\"link\" rel=\"nofollow noopener\" target=\"_blank\">Norja julkaisi<\/a> joulukuun puoliv\u00e4liss\u00e4 ensimm\u00e4iset hiiht\u00e4j\u00e4ns\u00e4 Milano-Cortinan olympialaisiin.<\/p>\n<p class=\"aw-1gybjub aw-1p7kakr kEtdKx cEmitX yle__article__paragraph\">Tour de Ski alkaa sunnuntaina Italian Toblachissa ja huipentuu Val di Fiemmess\u00e4 4. tammikuuta.<\/p>\n","protected":false},"excerpt":{"rendered":"Linn Svahn palasi kisaladuille viime kauden aivo\u00adt\u00e4r\u00e4hdyksens\u00e4 j\u00e4lkeen. Olympialaisiin valitulla hiiht\u00e4j\u00e4ll\u00e4 on nyt jalkavaivaa. Avaa kuvien katselu Linn&hellip;\n","protected":false},"author":2,"featured_media":126362,"comment_status":"","ping_status":"","sticky":false,"template":"","format":"standard","meta":{"footnotes":""},"categories":[158],"tags":[33,31,30,2095,2096,2668,159,32,22116,160],"class_list":{"0":"post-126361","1":"post","2":"type-post","3":"status-publish","4":"format-standard","5":"has-post-thumbnail","7":"category-urheilu","8":"tag-fi","9":"tag-finland","10":"tag-finnish","11":"tag-hiihto","12":"tag-hiihtolajit","13":"tag-pohjoismaiset-hiihtolajit","14":"tag-sports","15":"tag-suomi","16":"tag-tour-de-ski","17":"tag-urheilu"},"share_on_mastodon":{"url":"https:\/\/pubeurope.com\/@fi\/115786545309691033","error":""},"_links":{"self":[{"href":"https:\/\/www.europesays.com\/fi\/wp-json\/wp\/v2\/posts\/126361","targetHints":{"allow":["GET"]}}],"collection":[{"href":"https:\/\/www.europesays.com\/fi\/wp-json\/wp\/v2\/posts"}],"about":[{"href":"https:\/\/www.europesays.com\/fi\/wp-json\/wp\/v2\/types\/post"}],"author":[{"embeddable":true,"href":"https:\/\/www.europesays.com\/fi\/wp-json\/wp\/v2\/users\/2"}],"replies":[{"embeddable":true,"href":"https:\/\/www.europesays.com\/fi\/wp-json\/wp\/v2\/comments?post=126361"}],"version-history":[{"count":0,"href":"https:\/\/www.europesays.com\/fi\/wp-json\/wp\/v2\/posts\/126361\/revisions"}],"wp:featuredmedia":[{"embeddable":true,"href":"https:\/\/www.europesays.com\/fi\/wp-json\/wp\/v2\/media\/126362"}],"wp:attachment":[{"href":"https:\/\/www.europesays.com\/fi\/wp-json\/wp\/v2\/media?parent=126361"}],"wp:term":[{"taxonomy":"category","embeddable":true,"href":"https:\/\/www.europesays.com\/fi\/wp-json\/wp\/v2\/categories?post=126361"},{"taxonomy":"post_tag","embeddable":true,"href":"https:\/\/www.europesays.com\/fi\/wp-json\/wp\/v2\/tags?post=126361"}],"curies":[{"name":"wp","href":"https:\/\/api.w.org\/{rel}","templated":true}]}}