{"id":126369,"date":"2025-12-26T15:25:11","date_gmt":"2025-12-26T15:25:11","guid":{"rendered":"https:\/\/www.europesays.com\/fi\/126369\/"},"modified":"2025-12-26T15:25:11","modified_gmt":"2025-12-26T15:25:11","slug":"aleksi-hietava-ja-seppo-tuumi-kommentoivat-ajokorttilakiin-suunniteltuja-muutoksia","status":"publish","type":"post","link":"https:\/\/www.europesays.com\/fi\/126369\/","title":{"rendered":"Aleksi Hietava ja Seppo Tuumi kommentoivat ajokorttilakiin suunniteltuja muutoksia"},"content":{"rendered":"<p class=\"article-ingress--medium\">Kaksi liikenneopettajaa Porista kertoo n\u00e4kemyksens\u00e4 suunnitelluista uudistuksista ajokorttilakiin. Lakiluonnoksen k\u00e4sittely\u00e4 jatketaan ensi vuonna.<\/p>\n<p><img decoding=\"async\" src=\"https:\/\/www.europesays.com\/fi\/wp-content\/uploads\/2025\/12\/1766762711_669_468.jpg\" alt=\"Liikenneopettaja Aleksi Hietava pit\u00e4\u00e4 hyv\u00e4n\u00e4 asiana, ett\u00e4 ajokorttilakia nyt uudistetaan, vaikka toivookin t\u00e4m\u00e4nhetkisiin suunnitelmiin peilattuna my\u00f6s isompia muutoksia. \u201dMitk\u00e4 tahansa mahdollisuudet, joita sinne saadaan lis\u00e4\u00e4 ja joilla voidaan kuljettajiin vaikuttaa ovat sin\u00e4ns\u00e4 positiivisia. Viel\u00e4 kun opetus olisi mahdollisimman paljon tulevaa kuljettajaa hy\u00f6dytt\u00e4v\u00e4\u00e4.\u201d \" class=\"_Img_1rerz_1\" style=\"aspect-ratio:1.5\" loading=\"eager\"\/><\/p>\n<p class=\"article-picture-caption\">Liikenneopettaja Aleksi Hietava pit\u00e4\u00e4 hyv\u00e4n\u00e4 asiana, ett\u00e4 ajokorttilakia nyt uudistetaan, vaikka toivookin t\u00e4m\u00e4nhetkisiin suunnitelmiin peilattuna my\u00f6s isompia muutoksia. \u201dMitk\u00e4 tahansa mahdollisuudet, joita sinne saadaan lis\u00e4\u00e4 ja joilla voidaan kuljettajiin vaikuttaa ovat sin\u00e4ns\u00e4 positiivisia. Viel\u00e4 kun opetus olisi mahdollisimman paljon tulevaa kuljettajaa hy\u00f6dytt\u00e4v\u00e4\u00e4.\u201d  Kuva:\u00a0Heikki Westerg\u00e5rd<\/p>\n<p><a href=\"https:\/\/www.satakunnankansa.fi\/haku\/?query=Jenny+Jokinen\" rel=\"nofollow noopener\" target=\"_blank\"><\/p>\n<p>Jenny Jokinen<\/p>\n<p><\/a><\/p>\n<p>16:09<\/p>\n<p class=\"article-body mb-nof-24 px-nof-16\">Pori<\/p>\n<p class=\"article-body mb-nof-24 px-nof-16\">Henkil\u00f6auton ajokortin ik\u00e4poikkeuslupiin suunnitellut tiukennukset ja riskientunnistamiskoulutuksen lis\u00e4\u00e4minen ovat porilaisten liikenneopettajien <a class=\"article-personlink\" href=\"https:\/\/www.satakunnankansa.fi\/haku\/?query=Aleksi%20Hietavan\" rel=\"nofollow noopener\" target=\"_blank\">Aleksi Hietavan<\/a> ja <a class=\"article-personlink\" href=\"https:\/\/www.satakunnankansa.fi\/haku\/?query=Seppo%20Tuumin\" rel=\"nofollow noopener\" target=\"_blank\">Seppo Tuumin<\/a> mukaan askel parempaan suuntaan. Sen sijaan kumpikin ep\u00e4ilee 17-vuotiaiden kuljettajien y\u00f6ajamisen rajoittamista tehottomaksi poliisin resurssien vuoksi.<\/p>\n<p>KommentoiIlmoita asiavirheest\u00e4KommentoiIlmoita asiavirheest\u00e4<\/p>\n","protected":false},"excerpt":{"rendered":"Kaksi liikenneopettajaa Porista kertoo n\u00e4kemyksens\u00e4 suunnitelluista uudistuksista ajokorttilakiin. Lakiluonnoksen k\u00e4sittely\u00e4 jatketaan ensi vuonna. Liikenneopettaja Aleksi Hietava pit\u00e4\u00e4 hyv\u00e4n\u00e4&hellip;\n","protected":false},"author":2,"featured_media":126370,"comment_status":"","ping_status":"","sticky":false,"template":"","format":"standard","meta":{"footnotes":""},"categories":[12],"tags":[22,23,26,27,33,31,30,17,24,25,28,29,15,18,21,80,32,19,20,16],"class_list":{"0":"post-126369","1":"post","2":"type-post","3":"status-publish","4":"format-standard","5":"has-post-thumbnail","7":"category-suomi","8":"tag-breaking-news","9":"tag-breakingnews","10":"tag-featured-news","11":"tag-featurednews","12":"tag-fi","13":"tag-finland","14":"tag-finnish","15":"tag-headlines","16":"tag-latest-news","17":"tag-latestnews","18":"tag-main-news","19":"tag-mainnews","20":"tag-news","21":"tag-otsikot","22":"tag-paauutiset","23":"tag-satakunnan-kansa","24":"tag-suomi","25":"tag-top-stories","26":"tag-topstories","27":"tag-uutiset"},"share_on_mastodon":{"url":"https:\/\/pubeurope.com\/@fi\/115786568717683175","error":""},"_links":{"self":[{"href":"https:\/\/www.europesays.com\/fi\/wp-json\/wp\/v2\/posts\/126369","targetHints":{"allow":["GET"]}}],"collection":[{"href":"https:\/\/www.europesays.com\/fi\/wp-json\/wp\/v2\/posts"}],"about":[{"href":"https:\/\/www.europesays.com\/fi\/wp-json\/wp\/v2\/types\/post"}],"author":[{"embeddable":true,"href":"https:\/\/www.europesays.com\/fi\/wp-json\/wp\/v2\/users\/2"}],"replies":[{"embeddable":true,"href":"https:\/\/www.europesays.com\/fi\/wp-json\/wp\/v2\/comments?post=126369"}],"version-history":[{"count":0,"href":"https:\/\/www.europesays.com\/fi\/wp-json\/wp\/v2\/posts\/126369\/revisions"}],"wp:featuredmedia":[{"embeddable":true,"href":"https:\/\/www.europesays.com\/fi\/wp-json\/wp\/v2\/media\/126370"}],"wp:attachment":[{"href":"https:\/\/www.europesays.com\/fi\/wp-json\/wp\/v2\/media?parent=126369"}],"wp:term":[{"taxonomy":"category","embeddable":true,"href":"https:\/\/www.europesays.com\/fi\/wp-json\/wp\/v2\/categories?post=126369"},{"taxonomy":"post_tag","embeddable":true,"href":"https:\/\/www.europesays.com\/fi\/wp-json\/wp\/v2\/tags?post=126369"}],"curies":[{"name":"wp","href":"https:\/\/api.w.org\/{rel}","templated":true}]}}