{"id":126375,"date":"2025-12-26T15:38:09","date_gmt":"2025-12-26T15:38:09","guid":{"rendered":"https:\/\/www.europesays.com\/fi\/126375\/"},"modified":"2025-12-26T15:38:09","modified_gmt":"2025-12-26T15:38:09","slug":"sarah-dzafce-loysi-toita","status":"publish","type":"post","link":"https:\/\/www.europesays.com\/fi\/126375\/","title":{"rendered":"Sarah Dzafce l\u00f6ysi t\u00f6it\u00e4"},"content":{"rendered":"<p>Sarah Dzafce toimii Ice Cage 6 -kamppailutapahtuman p\u00e4\u00e4haastattelijana.<\/p>\n<p><img decoding=\"async\" class=\"image image-show image-preview\" src=\"https:\/\/www.europesays.com\/fi\/wp-content\/uploads\/2025\/12\/836a3ac82fdc3a804824fac7225165604e5a5f535a0221ad11d3f0004e7c391d.jpg\" alt=\"\"\/><img decoding=\"async\" class=\"image image-show\" src=\"https:\/\/www.europesays.com\/fi\/wp-content\/uploads\/2025\/12\/1766763489_754_836a3ac82fdc3a804824fac7225165604e5a5f535a0221ad11d3f0004e7c391d.jpg\" alt=\"\"\/><\/p>\n<p>Entinen Miss Suomi Sarah Dzafce l\u00f6ysi uusia t\u00f6it\u00e4. Roosa Br\u00f6ijer<\/p>\n<p class=\"paragraph\">T\u00e4m\u00e4n vuoden Miss Suomi <strong>Sarah Dzafce<\/strong> menetti missikruununsa reilu kaksi viikkoa sitten. Dzafce oli venytt\u00e4nyt silmi\u00e4\u00e4n yst\u00e4v\u00e4ns\u00e4 ottamassa kuvassa, ja asiasta syntyi valtaisa rasismikohu.<\/p>\n<p class=\"paragraph\">Kohu ei kuitenkaan ole sulkenut Dzafcea kokonaan julkisuudesta. H\u00e4net n\u00e4hd\u00e4\u00e4n tapaninp\u00e4iv\u00e4n\u00e4 uudessa roolissa, sill\u00e4 Dzafce toimii perjantaina j\u00e4rjestett\u00e4v\u00e4n Ice Cage 6 -kamppailuillan p\u00e4\u00e4haastattelijana. Asiasta kerrotaan tapahtuman <a href=\"https:\/\/www.instagram.com\/p\/DSumsRriFFc\/\" target=\"_blank\" rel=\"noopener nofollow\">Instagram-tilill\u00e4<\/a>.<\/p>\n<p class=\"paragraph\">Ice Cagen promoottori <strong>Max Hynninen<\/strong> perustelee p\u00e4\u00e4t\u00f6st\u00e4 videolla, jossa Dzafce esiintyy h\u00e4nen rinnallaan ja pyyt\u00e4\u00e4 anteeksi aiempia tapahtumia.<\/p>\n<p class=\"paragraph\">\u2013 Jokainen ihminen tekee virheit\u00e4 ja ansaitsee toisen mahdollisuuden, eik\u00e4 se ole my\u00f6sk\u00e4\u00e4n meid\u00e4n tapaista syrji\u00e4 tai kiusata ket\u00e4\u00e4n. Anteeksipyynt\u00f6 hyv\u00e4ksytty, eli Ice Cage antaa sinulle toisen mahdollisuuden! Hynninen toteaa kaksikon yhdess\u00e4 julkaisemalla <a href=\"https:\/\/www.instagram.com\/p\/DSubhq_CFae\/\" target=\"_blank\" rel=\"noopener nofollow\">Instagram-videolla<\/a>.<\/p>\n<p class=\"paragraph\">Ice Cage 6 -tapahtuma j\u00e4rjestet\u00e4\u00e4n tapaninp\u00e4iv\u00e4n\u00e4 Espoon Metro-areenalla. Ottelut alkoivat kello 17 ja areenalla n\u00e4hd\u00e4\u00e4n yhteens\u00e4 14 ottelua.<\/p>\n<p><script async src=\"\/\/www.instagram.com\/embed.js\"><\/script><\/p>\n","protected":false},"excerpt":{"rendered":"Sarah Dzafce toimii Ice Cage 6 -kamppailutapahtuman p\u00e4\u00e4haastattelijana. Entinen Miss Suomi Sarah Dzafce l\u00f6ysi uusia t\u00f6it\u00e4. Roosa Br\u00f6ijer&hellip;\n","protected":false},"author":2,"featured_media":126376,"comment_status":"","ping_status":"","sticky":false,"template":"","format":"standard","meta":{"footnotes":""},"categories":[136],"tags":[35,407,2110,137,33,31,30,408,1616,979,103,32,109,796],"class_list":{"0":"post-126375","1":"post","2":"type-post","3":"status-publish","4":"format-standard","5":"has-post-thumbnail","7":"category-julkkikset","8":"tag-24h","9":"tag-celebrities","10":"tag-elamantapa-ja-vapaa-aika","11":"tag-entertainment","12":"tag-fi","13":"tag-finland","14":"tag-finnish","15":"tag-julkkikset","16":"tag-media-viestinta","17":"tag-sahkoinen-media","18":"tag-sosiaalikysymykset","19":"tag-suomi","20":"tag-viihde","21":"tag-yhteiskunta"},"share_on_mastodon":{"url":"https:\/\/pubeurope.com\/@fi\/115786619728959084","error":""},"_links":{"self":[{"href":"https:\/\/www.europesays.com\/fi\/wp-json\/wp\/v2\/posts\/126375","targetHints":{"allow":["GET"]}}],"collection":[{"href":"https:\/\/www.europesays.com\/fi\/wp-json\/wp\/v2\/posts"}],"about":[{"href":"https:\/\/www.europesays.com\/fi\/wp-json\/wp\/v2\/types\/post"}],"author":[{"embeddable":true,"href":"https:\/\/www.europesays.com\/fi\/wp-json\/wp\/v2\/users\/2"}],"replies":[{"embeddable":true,"href":"https:\/\/www.europesays.com\/fi\/wp-json\/wp\/v2\/comments?post=126375"}],"version-history":[{"count":0,"href":"https:\/\/www.europesays.com\/fi\/wp-json\/wp\/v2\/posts\/126375\/revisions"}],"wp:featuredmedia":[{"embeddable":true,"href":"https:\/\/www.europesays.com\/fi\/wp-json\/wp\/v2\/media\/126376"}],"wp:attachment":[{"href":"https:\/\/www.europesays.com\/fi\/wp-json\/wp\/v2\/media?parent=126375"}],"wp:term":[{"taxonomy":"category","embeddable":true,"href":"https:\/\/www.europesays.com\/fi\/wp-json\/wp\/v2\/categories?post=126375"},{"taxonomy":"post_tag","embeddable":true,"href":"https:\/\/www.europesays.com\/fi\/wp-json\/wp\/v2\/tags?post=126375"}],"curies":[{"name":"wp","href":"https:\/\/api.w.org\/{rel}","templated":true}]}}