{"id":126377,"date":"2025-12-26T15:45:08","date_gmt":"2025-12-26T15:45:08","guid":{"rendered":"https:\/\/www.europesays.com\/fi\/126377\/"},"modified":"2025-12-26T15:45:08","modified_gmt":"2025-12-26T15:45:08","slug":"seuraamme-jyp-ja-karpat-vastakkain-tapaninpaivana-kuuntele-radiosta-seuraa-tilannetta-tulospalvelusta-keskisuomalainen","status":"publish","type":"post","link":"https:\/\/www.europesays.com\/fi\/126377\/","title":{"rendered":"Seuraamme | JYP ja K\u00e4rp\u00e4t vastakkain tapaninp\u00e4iv\u00e4n\u00e4 \u2013 kuuntele radiosta, seuraa tilannetta tulospalvelusta &#8211; Keskisuomalainen"},"content":{"rendered":"<ol>\n<li><a href=\"https:\/\/news.google.com\/rss\/articles\/CBMiS0FVX3lxTE95eTZNTlRyc242S3hZc3duaTFNOEtjQnZLVlpKQ0VSNm4xUmpYa2ZuMjN3UTZKak52cXFUVFVnUkJHVXVBNVBZMTNhZw?oc=5\" target=\"_blank\" rel=\"nofollow noopener\">Seuraamme | JYP ja K\u00e4rp\u00e4t vastakkain tapaninp\u00e4iv\u00e4n\u00e4 \u2013 kuuntele radiosta, seuraa tilannetta tulospalvelusta<\/a>&nbsp;&nbsp;Keskisuomalainen<\/li>\n<li><a href=\"https:\/\/news.google.com\/rss\/articles\/CBMijgFBVV95cUxNaWRuLTdIS0Z5dVk2Z0djZFkwamxMUGhINDhIeVkxdjhRZlRRaVhpcmRZTXMwdG1oWWZQSm9YdGl4N3hnVkMyS0FTV0luZmVrM2JHajN1Q2RJZnJOVW1fQ1pOcVJSeTBOUGdfWlk1WGlOT2FoXzBMYU8ycUxfUmY5MFZLSzVRdEJfWk9Gbk130gGeAUFVX3lxTE9fbm44SE5HNkxaTHZWMndOSFBuUnRnUXBYeEpXYXVQcDdjekdpUU9LQV95eDdKdmhRQzlZNE9zRHc1dzRYRVlBdUZlQmZwaUZ4MzliamVwQ2xqWWdYNUd0QXJMMVh0MFBJdUl0LWxxR1g3Nkl4QndpanVmazBUaGRKV3ZNNk1aSzRINW9DSFNSRmVBdjdJLXZjYzE1c2lB?oc=5\" target=\"_blank\" rel=\"nofollow noopener\">Joulu jatkuu \u2013 ja niin jatkuu my\u00f6s Liigan runkosarja!<\/a>&nbsp;&nbsp;Oulun K\u00e4rp\u00e4t<\/li>\n<li><a href=\"https:\/\/news.google.com\/rss\/articles\/CBMijAFBVV95cUxQVkRYOFFpbFpWZEJHdUhkQWNuaWZuVHZ6VzV5bXVDS0o5cGQ5VlhiU1hDTmFTRDV5ZjdPNUQ5ZTZJdFZlRnhnWms5dkhhU3Fmd2VkVkJ3YUloTHV1OVpBOGFNV3lCZWZhZkgzZ1NfQjJKYnlfVkxwOUxqdmhvUXZ5d1R3Rk94eTlLZHE5MQ?oc=5\" target=\"_blank\" rel=\"nofollow noopener\">Tapaninp\u00e4iv\u00e4n klassikko Hippoksella \u2013 vastassa K\u00e4rp\u00e4t!<\/a>&nbsp;&nbsp;JYP Jyv\u00e4skyl\u00e4<\/li>\n<li><a href=\"https:\/\/news.google.com\/rss\/articles\/CBMiS0FVX3lxTE54TUFkSE5WLWtqc3ZuWV9WV3VJUXZhaHI4NVB1dDl3Z0Zkb0RTLUtUR1RwamlBekk5bUpmdlVHaWV5cGFoM05yQk91aw?oc=5\" target=\"_blank\" rel=\"nofollow noopener\">Otteluennakko: JYP-K\u00e4rp\u00e4t | JYP suojelee kovaa kotisaldoaan harvinaiseen joukkoon kuuluvalta vastustajalta<\/a>&nbsp;&nbsp;Keskisuomalainen<\/li>\n<li><a href=\"https:\/\/news.google.com\/rss\/articles\/CBMiiwFBVV95cUxNa3FzRUhfQy1BX2tScXdabEpuOEFacFNsc29kcC1kWHE3NjB4VWRzb3hHUUlFVks5RW02WV9EZTZQYVVSUDl2WGFhVEFid1BabkFZTmQwWTEyaHZoaXZ4VVNhN21mV0o4Yy0yWGl2dXNCdE1iU0ttdDF6UmR1QUJOWVFEb29neXZSbHFR?oc=5\" target=\"_blank\" rel=\"nofollow noopener\">Tapaninp\u00e4iv\u00e4n perhepeli kruunaa onnistuneen joulun!<\/a>&nbsp;&nbsp;JYP Jyv\u00e4skyl\u00e4<\/li>\n<\/ol>\n","protected":false},"excerpt":{"rendered":"Seuraamme | JYP ja K\u00e4rp\u00e4t vastakkain tapaninp\u00e4iv\u00e4n\u00e4 \u2013 kuuntele radiosta, seuraa tilannetta tulospalvelusta&nbsp;&nbsp;Keskisuomalainen Joulu jatkuu \u2013 ja niin&hellip;\n","protected":false},"author":2,"featured_media":126378,"comment_status":"","ping_status":"","sticky":false,"template":"","format":"standard","meta":{"footnotes":""},"categories":[158],"tags":[33,31,30,4820,3822,763,41,1616,979,159,32,397,1145,160],"class_list":{"0":"post-126377","1":"post","2":"type-post","3":"status-publish","4":"format-standard","5":"has-post-thumbnail","7":"category-urheilu","8":"tag-fi","9":"tag-finland","10":"tag-finnish","11":"tag-jaakiekon-sm-liiga","12":"tag-jyp","13":"tag-kulttuuri-ja-viihde","14":"tag-liikunta-ja-urheilu","15":"tag-media-viestinta","16":"tag-sahkoinen-media","17":"tag-sports","18":"tag-suomi","19":"tag-taide","20":"tag-talviurheilu","21":"tag-urheilu"},"share_on_mastodon":{"url":"https:\/\/pubeurope.com\/@fi\/115786647208030905","error":""},"_links":{"self":[{"href":"https:\/\/www.europesays.com\/fi\/wp-json\/wp\/v2\/posts\/126377","targetHints":{"allow":["GET"]}}],"collection":[{"href":"https:\/\/www.europesays.com\/fi\/wp-json\/wp\/v2\/posts"}],"about":[{"href":"https:\/\/www.europesays.com\/fi\/wp-json\/wp\/v2\/types\/post"}],"author":[{"embeddable":true,"href":"https:\/\/www.europesays.com\/fi\/wp-json\/wp\/v2\/users\/2"}],"replies":[{"embeddable":true,"href":"https:\/\/www.europesays.com\/fi\/wp-json\/wp\/v2\/comments?post=126377"}],"version-history":[{"count":0,"href":"https:\/\/www.europesays.com\/fi\/wp-json\/wp\/v2\/posts\/126377\/revisions"}],"wp:featuredmedia":[{"embeddable":true,"href":"https:\/\/www.europesays.com\/fi\/wp-json\/wp\/v2\/media\/126378"}],"wp:attachment":[{"href":"https:\/\/www.europesays.com\/fi\/wp-json\/wp\/v2\/media?parent=126377"}],"wp:term":[{"taxonomy":"category","embeddable":true,"href":"https:\/\/www.europesays.com\/fi\/wp-json\/wp\/v2\/categories?post=126377"},{"taxonomy":"post_tag","embeddable":true,"href":"https:\/\/www.europesays.com\/fi\/wp-json\/wp\/v2\/tags?post=126377"}],"curies":[{"name":"wp","href":"https:\/\/api.w.org\/{rel}","templated":true}]}}