{"id":126379,"date":"2025-12-26T15:46:09","date_gmt":"2025-12-26T15:46:09","guid":{"rendered":"https:\/\/www.europesays.com\/fi\/126379\/"},"modified":"2025-12-26T15:46:09","modified_gmt":"2025-12-26T15:46:09","slug":"jerry-seinfeld-paljastaa-etta-rob-reiner-pelasti-seinfeld-sarjan","status":"publish","type":"post","link":"https:\/\/www.europesays.com\/fi\/126379\/","title":{"rendered":"Jerry Seinfeld paljastaa, ett\u00e4 Rob Reiner pelasti Seinfeld-sarjan"},"content":{"rendered":"<p><a href=\"https:\/\/variety.com\/2025\/tv\/global\/jerry-seinfeld-rob-reiner-saved-show-from-cancellation-1236609735\/\" rel=\"nofollow noopener\" target=\"_blank\">Variety<\/a> kertoo, ett\u00e4 Seinfeld-sarjaa ei olisi n\u00e4hty ilman edesmenneen <strong>Rob Reinerin <\/strong>tukea.<\/p>\n<p>\u201d<strong>Larry Davidin <\/strong>ja<strong> George Shapiron<\/strong> ohella <strong>Rob Reinerill\u00e4 <\/strong>on ollut suurin vaikutus uraani. Show\u2019mme ei olisi koskaan edennyt ilman h\u00e4nt\u00e4\u201d, <strong>Jerry Seinfeld <\/strong>paljastaa.<\/p>\n<p>\u201dH\u00e4n n\u00e4ki jotakin, mit\u00e4 kukaan muu ei. Kun kukaan kanavalla ei pit\u00e4nyt varhaisista jaksoista, h\u00e4n pelasti meid\u00e4t lopettamiselta. Se, ett\u00e4 ty\u00f6skentelin <strong>Carl Reinerin <\/strong>pojan kanssa, joka sattui olemaan yksi kilteimmist\u00e4 ihmisist\u00e4 showbisneksess\u00e4, vaikutti ep\u00e4todelliselta. Olin naiivi silloin, enk\u00e4 tajunnut miten paljon h\u00e4nen intohimonsa meihin merkitsi.\u201d<\/p>\n<p><a href=\"https:\/\/www.episodi.fi\/uutiset\/ihmiset-pukeutuvat-suositun-sitcom-hahmon-vaatteisiin-halloweenina-alkaa-tuoko-1990-lukua-takaisin\/\" rel=\"nofollow noopener\" target=\"_blank\">Lue my\u00f6s: Suosituksi sitcom-hahmoksi pukeutuminen sai n\u00e4yttelij\u00e4n kauhistumaan \u2013 \u201d\u00c4lk\u00e4\u00e4 tuoko 1990-lukua takaisin!\u201d<\/a><\/p>\n<p>Lue my\u00f6s: <a href=\"https:\/\/www.episodi.fi\/uutiskirje\/?uutiskirjemainos=tekstilinkkimainos\" title=\"Tilaa Episodin uutiskirje ja voit voittaa leffalippuja! Nappaa tv-vinkit suoraan s\u00e4hk\u00f6postiin t\u00e4st\u00e4.\" class=\"underline-custom !font-montserrat !font-bold !underline-offset-4 !decoration-4 !decoration-episodi-blue !text-md\" rel=\"nofollow noopener\" target=\"_blank\">Tilaa Episodin uutiskirje ja voit voittaa leffalippuja! Nappaa katseluvinkit suoraan s\u00e4hk\u00f6postiin t\u00e4st\u00e4.<\/a><\/p>\n","protected":false},"excerpt":{"rendered":"Variety kertoo, ett\u00e4 Seinfeld-sarjaa ei olisi n\u00e4hty ilman edesmenneen Rob Reinerin tukea. \u201dLarry Davidin ja George Shapiron ohella&hellip;\n","protected":false},"author":2,"featured_media":126380,"comment_status":"","ping_status":"","sticky":false,"template":"","format":"standard","meta":{"footnotes":""},"categories":[130],"tags":[137,33,31,30,6302,22458,6850,20853,32,109],"class_list":{"0":"post-126379","1":"post","2":"type-post","3":"status-publish","4":"format-standard","5":"has-post-thumbnail","7":"category-viihde","8":"tag-entertainment","9":"tag-fi","10":"tag-finland","11":"tag-finnish","12":"tag-ignostot","13":"tag-jerry-seinfeld","14":"tag-rob-reiner","15":"tag-seinfeld","16":"tag-suomi","17":"tag-viihde"},"share_on_mastodon":{"url":"https:\/\/pubeurope.com\/@fi\/115786650960106175","error":""},"_links":{"self":[{"href":"https:\/\/www.europesays.com\/fi\/wp-json\/wp\/v2\/posts\/126379","targetHints":{"allow":["GET"]}}],"collection":[{"href":"https:\/\/www.europesays.com\/fi\/wp-json\/wp\/v2\/posts"}],"about":[{"href":"https:\/\/www.europesays.com\/fi\/wp-json\/wp\/v2\/types\/post"}],"author":[{"embeddable":true,"href":"https:\/\/www.europesays.com\/fi\/wp-json\/wp\/v2\/users\/2"}],"replies":[{"embeddable":true,"href":"https:\/\/www.europesays.com\/fi\/wp-json\/wp\/v2\/comments?post=126379"}],"version-history":[{"count":0,"href":"https:\/\/www.europesays.com\/fi\/wp-json\/wp\/v2\/posts\/126379\/revisions"}],"wp:featuredmedia":[{"embeddable":true,"href":"https:\/\/www.europesays.com\/fi\/wp-json\/wp\/v2\/media\/126380"}],"wp:attachment":[{"href":"https:\/\/www.europesays.com\/fi\/wp-json\/wp\/v2\/media?parent=126379"}],"wp:term":[{"taxonomy":"category","embeddable":true,"href":"https:\/\/www.europesays.com\/fi\/wp-json\/wp\/v2\/categories?post=126379"},{"taxonomy":"post_tag","embeddable":true,"href":"https:\/\/www.europesays.com\/fi\/wp-json\/wp\/v2\/tags?post=126379"}],"curies":[{"name":"wp","href":"https:\/\/api.w.org\/{rel}","templated":true}]}}