{"id":126387,"date":"2025-12-26T15:52:12","date_gmt":"2025-12-26T15:52:12","guid":{"rendered":"https:\/\/www.europesays.com\/fi\/126387\/"},"modified":"2025-12-26T15:52:12","modified_gmt":"2025-12-26T15:52:12","slug":"nainen-katosi-turistiryhmasta-pudasjarvella-poliisi-kaipaa-havaintoja","status":"publish","type":"post","link":"https:\/\/www.europesays.com\/fi\/126387\/","title":{"rendered":"Nainen katosi turistiryhm\u00e4st\u00e4 Pudasj\u00e4rvell\u00e4 \u2013 Poliisi kaipaa havaintoja"},"content":{"rendered":"<p>25-vuotias nainen katosi tapaninp\u00e4iv\u00e4n\u00e4 noin puolenp\u00e4iv\u00e4n tienoilla. H\u00e4nt\u00e4 etsit\u00e4\u00e4n poliisin ja vapaaehtoisen pelastuspalvelun voimin. <\/p>\n<p><img decoding=\"async\" class=\"image image-show image-preview\" src=\"https:\/\/www.europesays.com\/fi\/wp-content\/uploads\/2025\/12\/a9bd2d63e7d3fe3c76cbc15aaa379ada0f5bacabb6b0e8cefb841f41c262ffe9.png\" alt=\"\"\/><img decoding=\"async\" class=\"image image-show\" src=\"https:\/\/www.europesays.com\/fi\/wp-content\/uploads\/2025\/12\/1766764332_248_a9bd2d63e7d3fe3c76cbc15aaa379ada0f5bacabb6b0e8cefb841f41c262ffe9.png\" alt=\"\"\/><\/p>\n<p>Poliisi julkaisi kuvan kadonneesta naisesta.  <\/p>\n<p class=\"paragraph\">25-vuotias nainen katosi t\u00e4n\u00e4\u00e4n Pudasj\u00e4rvell\u00e4 Panuman l\u00e4hist\u00f6ll\u00e4. Nainen katosi turistiryhm\u00e4st\u00e4 noin puolenp\u00e4iv\u00e4n aikaan, kertoo poliisi tiedotteessaan.<\/p>\n<p class=\"paragraph\">Kadonneella naisella on punaiset hiukset. H\u00e4n k\u00e4ytt\u00e4\u00e4 poliisin mukaan yleens\u00e4 silm\u00e4laseja. H\u00e4nell\u00e4 oli kadotessaan yll\u00e4\u00e4n ainakin musta takki ja musta pipo.<\/p>\n<p class=\"paragraph\">Poliisi ja vapaaehtoinen pelastuspalvelu etsiv\u00e4t naista t\u00e4ll\u00e4 hetkell\u00e4. Poliisi kertoo, ett\u00e4 etsinn\u00e4ss\u00e4 k\u00e4ytet\u00e4\u00e4n apuna my\u00f6s drooneja.<\/p>\n<p class=\"paragraph\">Poliisi pyyt\u00e4\u00e4 ilmoittamaan mahdolliset havaintonsa kadonneesta henkil\u00f6st\u00e4 poliisille. Akuutit havainnoit pyydet\u00e4\u00e4n ilmoittamaan numeroon 112. Jos havaintoja on tehnyt aiemmin, ne voi ilmoittaa poliisin vihjepuhelinnumeroon 0295 416 194.<\/p>\n","protected":false},"excerpt":{"rendered":"25-vuotias nainen katosi tapaninp\u00e4iv\u00e4n\u00e4 noin puolenp\u00e4iv\u00e4n tienoilla. H\u00e4nt\u00e4 etsit\u00e4\u00e4n poliisin ja vapaaehtoisen pelastuspalvelun voimin. Poliisi julkaisi kuvan kadonneesta&hellip;\n","protected":false},"author":2,"featured_media":126388,"comment_status":"","ping_status":"","sticky":false,"template":"","format":"standard","meta":{"footnotes":""},"categories":[5],"tags":[35,22,23,2110,26,27,33,31,30,17,24,25,72,28,29,15,18,21,122,32,19,20,546,16,534],"class_list":{"0":"post-126387","1":"post","2":"type-post","3":"status-publish","4":"format-standard","5":"has-post-thumbnail","7":"category-otsikot","8":"tag-24h","9":"tag-breaking-news","10":"tag-breakingnews","11":"tag-elamantapa-ja-vapaa-aika","12":"tag-featured-news","13":"tag-featurednews","14":"tag-fi","15":"tag-finland","16":"tag-finnish","17":"tag-headlines","18":"tag-latest-news","19":"tag-latestnews","20":"tag-luonto","21":"tag-main-news","22":"tag-mainnews","23":"tag-news","24":"tag-otsikot","25":"tag-paauutiset","26":"tag-pelastaminen","27":"tag-suomi","28":"tag-top-stories","29":"tag-topstories","30":"tag-turvallisuus","31":"tag-uutiset","32":"tag-ymparisto-ja-luonto"},"share_on_mastodon":{"url":"https:\/\/pubeurope.com\/@fi\/115786674886427374","error":""},"_links":{"self":[{"href":"https:\/\/www.europesays.com\/fi\/wp-json\/wp\/v2\/posts\/126387","targetHints":{"allow":["GET"]}}],"collection":[{"href":"https:\/\/www.europesays.com\/fi\/wp-json\/wp\/v2\/posts"}],"about":[{"href":"https:\/\/www.europesays.com\/fi\/wp-json\/wp\/v2\/types\/post"}],"author":[{"embeddable":true,"href":"https:\/\/www.europesays.com\/fi\/wp-json\/wp\/v2\/users\/2"}],"replies":[{"embeddable":true,"href":"https:\/\/www.europesays.com\/fi\/wp-json\/wp\/v2\/comments?post=126387"}],"version-history":[{"count":0,"href":"https:\/\/www.europesays.com\/fi\/wp-json\/wp\/v2\/posts\/126387\/revisions"}],"wp:featuredmedia":[{"embeddable":true,"href":"https:\/\/www.europesays.com\/fi\/wp-json\/wp\/v2\/media\/126388"}],"wp:attachment":[{"href":"https:\/\/www.europesays.com\/fi\/wp-json\/wp\/v2\/media?parent=126387"}],"wp:term":[{"taxonomy":"category","embeddable":true,"href":"https:\/\/www.europesays.com\/fi\/wp-json\/wp\/v2\/categories?post=126387"},{"taxonomy":"post_tag","embeddable":true,"href":"https:\/\/www.europesays.com\/fi\/wp-json\/wp\/v2\/tags?post=126387"}],"curies":[{"name":"wp","href":"https:\/\/api.w.org\/{rel}","templated":true}]}}