{"id":126393,"date":"2025-12-26T16:12:11","date_gmt":"2025-12-26T16:12:11","guid":{"rendered":"https:\/\/www.europesays.com\/fi\/126393\/"},"modified":"2025-12-26T16:12:11","modified_gmt":"2025-12-26T16:12:11","slug":"tour-de-ski-tarjoaa-hiihtajille-ainutlaatuisen-tilaisuuden-testata-uudistuneen-olympianayttamon-paperilla-se-on-kovempi-latu","status":"publish","type":"post","link":"https:\/\/www.europesays.com\/fi\/126393\/","title":{"rendered":"Tour de Ski tarjoaa hiiht\u00e4jille ainutlaatuisen tilaisuuden testata uudistuneen olympian\u00e4ytt\u00e4m\u00f6n \u2013 &#8221;Paperilla se on kovempi latu&#8221;"},"content":{"rendered":"<p>\n      Hiihdon maailmancupin ensimm\u00e4inen jakso taputeltiin reilu viikko ennen joulua Sveitsin Davosissa.\n    <\/p>\n<p>\n      Kinkunsy\u00f6nnin j\u00e4lkeen karavaani siirtyy Pohjois-Italiaan jo perinteeksi muodostuneelle Tour de Skille.\n    <\/p>\n<p class=\"article__paragraph\">\n      Kiertueella on t\u00e4n\u00e4kin vuonna oululaista osaamista, kun sprintteri Niilo Moilanen l\u00e4htee koluamaan Toblachin ja Val di Fiemmen latuja.\n    <\/p>\n<p class=\"article__paragraph\">\n      Sprinttimiehen teht\u00e4v\u00e4n\u00e4 on maksimoida tulokset Toblachin vapaan ja Val di Fiemmen perinteisen sprinteiss\u00e4.\n    <\/p>\n<p class=\"article__paragraph\">\n      \u2013\u202fViime vuonna sain Tourilta hyv\u00e4t kokemukset. Mukava p\u00e4\u00e4st\u00e4 my\u00f6s hiiht\u00e4m\u00e4\u00e4n normimatkoja, koska ne toimivat kokonaisuuden kannalta, Moilanen kertoo puhelimitse Euroopasta.\n    <\/p>\n<p class=\"article__paragraph\">\n      Kansainv\u00e4linen hiihtoliitto FIS haluaa vuosittain pit\u00e4\u00e4 huolen, ett\u00e4 kest\u00e4vyyspainotteisella kiertueella on mukana my\u00f6s sprinttereit\u00e4. Sen vuoksi FIS kattaa sprintticupin 20 parhaan osallistumisesta koituvat kustannukset. Suomalaisista tuen piiriin kuuluvat Lauri Vuorinen, Moilanen ja Emil Liekari, joista viimeksi mainittu joutuu j\u00e4tt\u00e4m\u00e4\u00e4n Tourin v\u00e4liin influenssan vuoksi.\n    <\/p>\n<p class=\"article__paragraph\">\n      Moilanen on napannut alkukaudella maailmancupin sprinttikisoista sijat 27, 16 ja 14. Rukan voittoisan Suomen cupin j\u00e4lkeen odotukset olivat korkealla Koillismaalla maailmancupin avauksessa, mutta er\u00e4vaiheen menestystoiveet karisivat liian optimistiseen voiteluun.\n    <\/p>\n<p class=\"article__paragraph\">\n      \u2013\u202fOlisi pit\u00e4nyt rohkeammin olla enemm\u00e4n pitoa. Oli mahdollista tehd\u00e4 tulosta, koska kunto ei ollut kadonnut mihink\u00e4\u00e4n. Mutta sill\u00e4 on nyt turha spekuloida.\n    <\/p>\n<p class=\"article__paragraph\">\n      \u2013\u202fTrondheim ja Davos olivat ihan ok. Huippuvetoa ei ole viel\u00e4 osunut kohdalleen. Tuntuu, ett\u00e4 mahdollisuudet siihen ovat, Pohti SkiTeamia seuratasolla edustava Moilanen pohtii.\n    <\/p>\n<p>    <img decoding=\"async\" class=\"responsive-image article__image-image lozad\"   src=\"https:\/\/www.europesays.com\/fi\/wp-content\/uploads\/2025\/12\/IXTV448zsSDwOu1R-pUDvyUzhpNadr8DnFMhZgxE9wdOaI84XqdCevxzGGdfLwfmHMHcCkrmYVweMLHiPt4Wj9kTpUPKPujahiim.jpeg\" alt=\"Oululaissprintterin alkukaudesta ovat puuttuneet huippuonnistumiset maailmancupissa.\"\/><\/p>\n<p>\n                Oululaissprintterin alkukaudesta ovat puuttuneet huippuonnistumiset maailmancupissa.\n              <\/p>\n<p>\n                Kuva: Mikko Halvari\n              <\/p>\n<p class=\"article__paragraph\">\n      Val di Fiemmen sprintti lauantaina 3. tammikuuta on ympyr\u00f6ityn\u00e4 Moilasen lis\u00e4ksi monen muunkin hiiht\u00e4j\u00e4n kalenterissa Tourin erikoisetappina.\n    <\/p>\n<p class=\"article__paragraph\">\n      Tuolloin hiihdet\u00e4\u00e4n samalla radalla, jolla jaetaan olympiamitalit reilua kuukautta my\u00f6hemmin.\n    <\/p>\n<p class=\"article__paragraph\">\n      Kyseess\u00e4 on ainutlaatuinen tilaisuus testata osaamista kauden p\u00e4\u00e4n\u00e4ytt\u00e4m\u00f6ll\u00e4.\n    <\/p>\n<p class=\"article__paragraph\">\n      Viime talvena runsaasti kritiikki\u00e4 ker\u00e4nneeseen sprinttirataan on tehty muutoksia. Radan kovimmasta noususta on tehty pidempi, mink\u00e4 toivotaan auttavan siihen, ettei ensimm\u00e4isen\u00e4 loppulaskuun l\u00e4htev\u00e4 joutuisi k\u00e4rsim\u00e4\u00e4n tuulenhalkojana. Tarkoitus on, ett\u00e4 matkan aikana olisi mahdollista tehd\u00e4 ratkaisevia eroja.\n    <\/p>\n<p class=\"article__paragraph\">\n      Aika n\u00e4ytt\u00e4\u00e4, miten muutokset toimivat k\u00e4yt\u00e4nn\u00f6ss\u00e4.\n    <\/p>\n<p class=\"article__paragraph\">\n      \u2013\u202fTy\u00f6p\u00e4tk\u00e4lle on tullut enemm\u00e4n pituutta. Paperilla se on kovempi latu kuin viime kaudella. Arvokisakriteerit kyll\u00e4 t\u00e4yttyv\u00e4t.\n    <\/p>\n<p class=\"article__paragraph\">\n      Oulun mies ei saapunut viett\u00e4m\u00e4\u00e4n joulua kotikonnuilleen, eik\u00e4 edes nykyiseen asuinkuntaansa Kuopioon, vaan j\u00e4i Davosin maailmancupin j\u00e4lkeen Graub\u00fcndenin kantonin jylhiin alppimaisemiin.\n    <\/p>\n<p class=\"article__paragraph\">\n      Viime vuonna h\u00e4n vietti joulunsa Italiassa Passo Lavazzessa, joten juhlapyh\u00e4 Keski-Euroopassa alkaa muodostua perinteeksi.\n    <\/p>\n<p class=\"article__paragraph\">\n      \u2013\u202fKuopiossa olisi ollut rullaradan p\u00e4\u00e4ll\u00e4 ensilumenlatu. T\u00e4\u00e4ll\u00e4 Davosissakin on aika v\u00e4h\u00e4n lunta verrattuna aiempiin vuosiin, mutta latuja riitt\u00e4\u00e4. Kaikista parasta on auringon paiste ja p\u00e4iv\u00e4n pituus. Tuntuu, ett\u00e4 mieli virkistyy t\u00e4\u00e4ll\u00e4.\n    <\/p>\n<p class=\"article__paragraph\">\n      Moilasen kanssa samaan hotelliin majoittuivat muun muassa Ristomatti Hakola ja muutama naisten maajoukkuehiiht\u00e4j\u00e4.\n    <\/p>\n<p>Fakta<\/p>\n<p>      Tour de Skin ohjelma<\/p>\n<p class=\"article__fact-paragraph\">\n      Toblach:\n    <\/p>\n<p class=\"article__fact-paragraph\">\n      Su 28.12. Sprintti (v).\n    <\/p>\n<p class=\"article__fact-paragraph\">\n      Ma 29.12. 10 km v\u00e4liaikal\u00e4ht\u00f6 (p).\n    <\/p>\n<p class=\"article__fact-paragraph\">\n      Ke 31.12. 5 km yhteisl\u00e4ht\u00f6er\u00e4t (v).\n    <\/p>\n<p class=\"article__fact-paragraph\">\n      To 1.1. 20 km takaa-ajo (p).\n    <\/p>\n<p class=\"article__fact-paragraph\">\n      Val di Fiemme:\n    <\/p>\n<p class=\"article__fact-paragraph\">\n      La 3.1. Sprintti (p).\n    <\/p>\n<p class=\"article__fact-paragraph\">\n      Su 4.1. 10 km loppunousu (v).\n    <\/p>\n<p>      Suomen joukkueet:<\/p>\n<p class=\"article__fact-paragraph\">\n      Miehet: Niko Anttola, Ristomatti Hakola, Perttu Hyv\u00e4rinen, Petteri Koivisto, Niilo Moilanen, Joni M\u00e4ki, Iivo Niskanen, Lauri Vuorinen.\n    <\/p>\n<p class=\"article__fact-paragraph\">\n      Naiset: Jasmi Joensuu, Jasmin K\u00e4h\u00e4r\u00e4, Johanna Matintalo, Kerttu Niskanen, Vilma Nissinen, Krista P\u00e4rm\u00e4koski, Vilma Ryytty.\n    <\/p>\n","protected":false},"excerpt":{"rendered":"Hiihdon maailmancupin ensimm\u00e4inen jakso taputeltiin reilu viikko ennen joulua Sveitsin Davosissa. Kinkunsy\u00f6nnin j\u00e4lkeen karavaani siirtyy Pohjois-Italiaan jo perinteeksi&hellip;\n","protected":false},"author":2,"featured_media":126394,"comment_status":"","ping_status":"","sticky":false,"template":"","format":"standard","meta":{"footnotes":""},"categories":[158],"tags":[33,31,30,159,32,160],"class_list":{"0":"post-126393","1":"post","2":"type-post","3":"status-publish","4":"format-standard","5":"has-post-thumbnail","7":"category-urheilu","8":"tag-fi","9":"tag-finland","10":"tag-finnish","11":"tag-sports","12":"tag-suomi","13":"tag-urheilu"},"share_on_mastodon":{"url":"https:\/\/pubeurope.com\/@fi\/115786753495550885","error":""},"_links":{"self":[{"href":"https:\/\/www.europesays.com\/fi\/wp-json\/wp\/v2\/posts\/126393","targetHints":{"allow":["GET"]}}],"collection":[{"href":"https:\/\/www.europesays.com\/fi\/wp-json\/wp\/v2\/posts"}],"about":[{"href":"https:\/\/www.europesays.com\/fi\/wp-json\/wp\/v2\/types\/post"}],"author":[{"embeddable":true,"href":"https:\/\/www.europesays.com\/fi\/wp-json\/wp\/v2\/users\/2"}],"replies":[{"embeddable":true,"href":"https:\/\/www.europesays.com\/fi\/wp-json\/wp\/v2\/comments?post=126393"}],"version-history":[{"count":0,"href":"https:\/\/www.europesays.com\/fi\/wp-json\/wp\/v2\/posts\/126393\/revisions"}],"wp:featuredmedia":[{"embeddable":true,"href":"https:\/\/www.europesays.com\/fi\/wp-json\/wp\/v2\/media\/126394"}],"wp:attachment":[{"href":"https:\/\/www.europesays.com\/fi\/wp-json\/wp\/v2\/media?parent=126393"}],"wp:term":[{"taxonomy":"category","embeddable":true,"href":"https:\/\/www.europesays.com\/fi\/wp-json\/wp\/v2\/categories?post=126393"},{"taxonomy":"post_tag","embeddable":true,"href":"https:\/\/www.europesays.com\/fi\/wp-json\/wp\/v2\/tags?post=126393"}],"curies":[{"name":"wp","href":"https:\/\/api.w.org\/{rel}","templated":true}]}}