{"id":126401,"date":"2025-12-26T16:18:08","date_gmt":"2025-12-26T16:18:08","guid":{"rendered":"https:\/\/www.europesays.com\/fi\/126401\/"},"modified":"2025-12-26T16:18:08","modified_gmt":"2025-12-26T16:18:08","slug":"israel-tunnusti-maailman-ensimmaisena-maana-somalimaan-itsenaisyyden-uutisia-lyhyesti","status":"publish","type":"post","link":"https:\/\/www.europesays.com\/fi\/126401\/","title":{"rendered":"Israel tunnusti maailman ensimm\u00e4isen\u00e4 maana Somalimaan itsen\u00e4isyyden | Uutisia lyhyesti"},"content":{"rendered":"<p class=\"aw-1gybjub aw-5vja16 kEtdKx kmuxyA yle__article__paragraph\">Somalimaa julistautui itsen\u00e4iseksi Somaliasta vuonna 1991.<\/p>\n<p class=\"aw-1gybjub aw-1p7kakr kEtdKx cEmitX yle__article__paragraph\">Israel ilmoitti tapaninp\u00e4iv\u00e4n\u00e4 tunnustaneensa virallisesti Somalimaan itsen\u00e4iseksi valtioksi. Ilmoituksen teki p\u00e4\u00e4ministeri <strong class=\"aw-ak79eh KyCXm yle__article__strong\">Benjamin Netanjahun<\/strong> kanslia perjantaina.<\/p>\n<p class=\"aw-1gybjub aw-1p7kakr kEtdKx cEmitX yle__article__paragraph\">Israelista tuli n\u00e4in ensimm\u00e4inen maa, joka on virallisesti tunnustanut Somalimaan itsen\u00e4iseksi.<\/p>\n<p class=\"aw-1gybjub aw-1p7kakr kEtdKx cEmitX yle__article__paragraph\">Somalimaa julistautui yksipuolisesti itsen\u00e4iseksi Somaliasta vuonna 1991. Se on vakaa ja rauhallinen alue verrattuna muuhun Somaliaan, mutta senkin toimet ovat aiheuttaneet j\u00e4nnitteit\u00e4 alueella.<\/p>\n<p class=\"aw-1gybjub aw-1p7kakr kEtdKx cEmitX yle__article__paragraph\">Somalimaalla on oma raha, passi ja asevoimat, mutta yksik\u00e4\u00e4n muu valtio ei ollut tunnustanut sit\u00e4 ennen Israelia.<\/p>\n<p class=\"aw-1gybjub aw-1p7kakr kEtdKx cEmitX yle__article__paragraph\">Netanjahu kutsui Israelin ja Somalimaan yst\u00e4vyytt\u00e4 uraauurtavaksi ja historialliseksi videopuhelussaan Somalimaan presidentin <strong class=\"aw-ak79eh KyCXm yle__article__strong\">Abdirahman Mohamed Abdullahin<\/strong> kanssa, kertoi al-Jazeera-uutiskanava. Netanjahu kutsui Abdullahin my\u00f6s vierailulle Israeliin.<\/p>\n<p class=\"aw-1gybjub aw-1p7kakr kEtdKx cEmitX yle__article__paragraph\">Abdullahi, joka on my\u00f6s Suomen kansalainen, ylisti niin ik\u00e4\u00e4n Israelin p\u00e4\u00e4t\u00f6st\u00e4 historialliseksi.<\/p>\n","protected":false},"excerpt":{"rendered":"Somalimaa julistautui itsen\u00e4iseksi Somaliasta vuonna 1991. Israel ilmoitti tapaninp\u00e4iv\u00e4n\u00e4 tunnustaneensa virallisesti Somalimaan itsen\u00e4iseksi valtioksi. Ilmoituksen teki p\u00e4\u00e4ministeri Benjamin&hellip;\n","protected":false},"author":2,"featured_media":74,"comment_status":"","ping_status":"","sticky":false,"template":"","format":"standard","meta":{"footnotes":""},"categories":[12],"tags":[22,23,26,27,33,31,30,17,993,8631,70,24,25,28,29,15,18,21,22461,32,19,20,56,16],"class_list":{"0":"post-126401","1":"post","2":"type-post","3":"status-publish","4":"format-standard","5":"has-post-thumbnail","7":"category-suomi","8":"tag-breaking-news","9":"tag-breakingnews","10":"tag-featured-news","11":"tag-featurednews","12":"tag-fi","13":"tag-finland","14":"tag-finnish","15":"tag-headlines","16":"tag-israel","17":"tag-ita-afrikka","18":"tag-kansainvalinen-politiikka","19":"tag-latest-news","20":"tag-latestnews","21":"tag-main-news","22":"tag-mainnews","23":"tag-news","24":"tag-otsikot","25":"tag-paauutiset","26":"tag-somalia","27":"tag-suomi","28":"tag-top-stories","29":"tag-topstories","30":"tag-ulkomaat","31":"tag-uutiset"},"share_on_mastodon":{"url":"https:\/\/pubeurope.com\/@fi\/115786776948406709","error":""},"_links":{"self":[{"href":"https:\/\/www.europesays.com\/fi\/wp-json\/wp\/v2\/posts\/126401","targetHints":{"allow":["GET"]}}],"collection":[{"href":"https:\/\/www.europesays.com\/fi\/wp-json\/wp\/v2\/posts"}],"about":[{"href":"https:\/\/www.europesays.com\/fi\/wp-json\/wp\/v2\/types\/post"}],"author":[{"embeddable":true,"href":"https:\/\/www.europesays.com\/fi\/wp-json\/wp\/v2\/users\/2"}],"replies":[{"embeddable":true,"href":"https:\/\/www.europesays.com\/fi\/wp-json\/wp\/v2\/comments?post=126401"}],"version-history":[{"count":0,"href":"https:\/\/www.europesays.com\/fi\/wp-json\/wp\/v2\/posts\/126401\/revisions"}],"wp:featuredmedia":[{"embeddable":true,"href":"https:\/\/www.europesays.com\/fi\/wp-json\/wp\/v2\/media\/74"}],"wp:attachment":[{"href":"https:\/\/www.europesays.com\/fi\/wp-json\/wp\/v2\/media?parent=126401"}],"wp:term":[{"taxonomy":"category","embeddable":true,"href":"https:\/\/www.europesays.com\/fi\/wp-json\/wp\/v2\/categories?post=126401"},{"taxonomy":"post_tag","embeddable":true,"href":"https:\/\/www.europesays.com\/fi\/wp-json\/wp\/v2\/tags?post=126401"}],"curies":[{"name":"wp","href":"https:\/\/api.w.org\/{rel}","templated":true}]}}