{"id":126406,"date":"2025-12-26T16:31:10","date_gmt":"2025-12-26T16:31:10","guid":{"rendered":"https:\/\/www.europesays.com\/fi\/126406\/"},"modified":"2025-12-26T16:31:10","modified_gmt":"2025-12-26T16:31:10","slug":"wilma-murto-ja-huippumuusikko-salattu-kihlattu-paljastui","status":"publish","type":"post","link":"https:\/\/www.europesays.com\/fi\/126406\/","title":{"rendered":"Wilma Murto ja huippumuusikko: salattu kihlattu paljastui"},"content":{"rendered":"<p>            PANU H\u00d6RKK\u00d6\n        <\/p>\n<p class=\"subtitle \">Musiikin monitaituri n\u00e4htiin seiv\u00e4st\u00e4hden tukena jo viime kes\u00e4n\u00e4 Pariisin olympialaisissa.<\/p>\n<p class=\"article-content article-content-width !bg-background\">Suomen valovoimaisimpiin urheilijoihin lukeutuva<br \/>\nseiv\u00e4shypp\u00e4\u00e4j\u00e4 , 26, yll\u00e4tti alkuvuodesta ilmoittamalla j\u00e4tt\u00e4v\u00e4ns\u00e4<br \/>\nkoko hallikauden v\u00e4liin.<\/p>\n<p class=\"font-weight-bold m-font-weight-bold article-content article-content-width !bg-background\">Video: Vinkkaa Seiskalle ja tienaa jopa tonneja!<\/p>\n<p class=\"article-content article-content-width !bg-background\">Ratkaisuaan seiv\u00e4st\u00e4hti perusteli tarvitsevansa<br \/>\nfyysist\u00e4 ja henkist\u00e4 lepoa raskaan viime vuoden j\u00e4lkeen, mutta vaakakupissa<br \/>\nlienee painanut my\u00f6s halu antaa aikaa tuoreelle parisuhteelle.<\/p>\n<p>                <img decoding=\"async\" src=\"https:\/\/www.europesays.com\/fi\/wp-content\/uploads\/2025\/12\/1648384.webp\" width=\"576\" height=\"720\" alt=\"Wilma edusti Suomea Pariisin olympialaisissa kes\u00e4ll\u00e4 2024.\" loading=\"lazy\" \/>            <\/p>\n<p>\n            Wilma edusti Suomea Pariisin olympialaisissa kes\u00e4ll\u00e4 2024.<br \/>\n            All Over Press\n        <\/p>\n<p class=\"article-content article-content-width !bg-background\">Vuoden 2022 Euroopan mestari paljasti tammikuun<br \/>\nUrheilugaalassa kihlautuneensa uuden rakkaansa kanssa, mutta ei halunnut<br \/>\nkommentoida tuolloin suhdettaan sen enemp\u00e4\u00e4.<\/p>\n<p>        <a itemprop=\"url\" href=\"https:\/\/www.seiska.fi\/urheilu\/il-wilma-murrolta-shokkipaljastus\/1648836\" rel=\"nofollow noopener\" target=\"_blank\"><\/p>\n<p>\nIL:\n<\/p>\n<p class=\"section-date\">\n        <strong class=\"article-section\" data-section=\"urheilu\"><br \/>\n            urheilu<br \/>\n        <\/strong><br \/>\n        19.3. 15:33\n    <\/p>\n<p>IL: Wilma Murrolta shokkipaljastus\n    <\/p>\n<p itemprop=\"description\" class=\"subtitle \">\n    Wilma paljasti hallikauden kest\u00e4neen taukonsa syyn.\n<\/p>\n<p>        <\/a><\/p>\n<p class=\"article-content article-content-width !bg-background\">Seiskan selvityksess\u00e4 paljastui Wilman mysteerikihlatun<br \/>\nolevan kansainv\u00e4list\u00e4kin mainetta musiikkipiireiss\u00e4 niitt\u00e4nyt helsinkil\u00e4inen<br \/>\nhuippumuusikko. Kyseess\u00e4 on samainen vaaleatukkainen mies, joka n\u00e4htiin Wilman<br \/>\ntukena jo viime kes\u00e4n\u00e4 Pariisin olympialaisissa.<\/p>\n<p class=\"article-content article-content-width !bg-background\">Seiskan tietojen mukaan muusikko on seiv\u00e4shyppyt\u00e4hte\u00e4 seitsem\u00e4n vuotta<br \/>\nvanhempi.<\/p>\n<p>        <a itemprop=\"url\" href=\"https:\/\/www.seiska.fi\/vain-seiskassa\/tassa-on-wilma-murron-muusikkorakas-paparazzikuvat\/1645284\" rel=\"nofollow noopener\" target=\"_blank\"><\/p>\n<p>\nPaparazzikuvat!\n<\/p>\n<p class=\"section-date\">\n        <strong class=\"article-section\" data-section=\"vain seiskassa\"><br \/>\n            vain seiskassa<br \/>\n        <\/strong><br \/>\n        21.3. 06:00\n    <\/p>\n<p>T\u00e4ss\u00e4 on Wilma Murron muusikkorakas \u2013 paparazzikuvat!\n    <\/p>\n<p itemprop=\"description\" class=\"subtitle \">\n    Seiv\u00e4shypp\u00e4\u00e4j\u00e4 j\u00e4i y\u00f6ksi kultansa Helsingin-asunnolle, josta syd\u00e4nk\u00e4pyset poistuivat seuraavana p\u00e4iv\u00e4n\u00e4 yhdess\u00e4 Wilman sponsori-Mersulla.\n<\/p>\n<p>        <\/a><\/p>\n<p>Kannusti rakastaan<\/p>\n<p class=\"article-content article-content-width !bg-background\">Romanssihuhut saivat vahvistuksen maaliskuussa, kun Wilma<br \/>\noli seuraamassa miehens\u00e4 yhtyeen keikkaa Helsingiss\u00e4.<\/p>\n<p class=\"article-content article-content-width !bg-background\">Salon liepeilt\u00e4 kotoisin oleva Wilma on majaillut pitk\u00e4\u00e4n<br \/>\nTurussa, mutta on ollut kev\u00e4ttalven mittaan tuttu n\u00e4ky mielitiettyns\u00e4 kotikulmilla<br \/>\nHelsingin Kalliossa. Rakastavaisten on arveltu ottavan suhteessaan seuraava<br \/>\naskel ja muuttavan pian virallisesti avoliittoon.<\/p>\n<p class=\"article-content article-content-width !bg-background\">Musiikki yhdist\u00e4\u00e4 kyyhkyl\u00e4isi\u00e4, sill\u00e4 my\u00f6s Wilman<br \/>\ntiedet\u00e4\u00e4n harrastavan vapaa-ajallaan laulamista ja kitaransoittoa. Soittamisen<br \/>\nlis\u00e4ksi mies on s\u00e4velt\u00e4nyt musiikkia kotimaisiin tv-sarjoihin. <\/p>\n<p>        <a itemprop=\"url\" href=\"https:\/\/www.seiska.fi\/urheilu\/wilma-murto-kommentoi-seiskalle-yllatyseroaan-ei-niita-tarvitse-sotkea\/1240901\" rel=\"nofollow noopener\" target=\"_blank\"><\/p>\n<p class=\"section-date\">\n        <strong class=\"article-section\" data-section=\"urheilu\"><br \/>\n            urheilu<br \/>\n        <\/strong><br \/>\n        12.1.2024 09:26\n    <\/p>\n<p>Wilma Murto kommentoi Seiskalle yll\u00e4tyseroaan: \u201dEi niit\u00e4 tarvitse sotkea\u2026\u201d\n    <\/p>\n<p itemprop=\"description\" class=\"subtitle \">\n    Seiv\u00e4shyppysankari pudotti uutispommin torstai-iltana Urheilugaalassa.\n<\/p>\n<p>        <\/a><\/p>\n<p>&#8221;Vai niin&#8221;<\/p>\n<p class=\"article-content article-content-width !bg-background\">Seiska tavoitti maaliskuussa musiikin monitaiturin, mutta t\u00e4m\u00e4<br \/>\nkielt\u00e4ytyi yst\u00e4v\u00e4llisesti kommentoimasta v\u00e4lej\u00e4\u00e4n Wilmaan. H\u00e4n ei my\u00f6sk\u00e4\u00e4n<br \/>\nhalunnut vahvistaa olevansa kyseinen kihlattu.<\/p>\n<p class=\"article-content article-content-width !bg-background\">\u2013 En kyll\u00e4 uskalla l\u00e4hte\u00e4 sanomaan mit\u00e4\u00e4n tuohon,<br \/>\nmuusikko muotoili.<\/p>\n<p class=\"font-weight-bold m-font-weight-bold article-content article-content-width !bg-background\">Teit\u00e4 on kuitenkin n\u00e4hty yhdess\u00e4?<\/p>\n<p class=\"article-content article-content-width !bg-background\">\u2013 Jaa. Okei. Vai niin, mies py\u00f6ritteli lakonisesti.<\/p>\n<p class=\"article-content article-content-width !bg-background\">Seiska tavoiteli my\u00f6s Wilmaa. Seiv\u00e4st\u00e4hden manageri  vahvisti kihlauksen, mutta enemp\u00e4\u00e4 asiaa ei kommentoida.<\/p>\n<p class=\"article-content article-content-width !bg-background\">Wilman ja muusikon suhde on edennyt pikavauhtia, sill\u00e4<br \/>\nviel\u00e4 vuosi sitten vaaleaverikk\u00f6 kertoi el\u00e4v\u00e4ns\u00e4 sinkkuna edellisen suhteensa<br \/>\n\u00a0kariuduttua yll\u00e4tt\u00e4en.<\/p>\n<p class=\"article-content article-content-width !bg-background\">Ero tuli julki tammikuun 2024<br \/>\nUrheilugaalassa vain reilu kuukausi sen j\u00e4lkeen, kun kaksikko oli edustanut<br \/>\nyhdess\u00e4 edellisvuoden Linnan juhlissa.<\/p>\n<p>        <a itemprop=\"url\" href=\"https:\/\/www.seiska.fi\/kotimaa\/wilma-murto-opiskelijaelamastaan-heikko-suoritus\/152229\" rel=\"nofollow noopener\" target=\"_blank\"><\/p>\n<p class=\"section-date\">\n        <strong class=\"article-section\" data-section=\"kotimaa\"><br \/>\n            kotimaa<br \/>\n        <\/strong><br \/>\n        28.1.2023 18:00\n    <\/p>\n<p>Wilma Murto opiskelijael\u00e4m\u00e4st\u00e4\u00e4n: \u201dHeikko suoritus\u201d\n    <\/p>\n<p>        <\/a><\/p>\n<p class=\"italic m-italic article-content article-content-width !bg-background\">Seiska julkaisee uudelleen vuoden luetuimpia juttujaan. T\u00e4m\u00e4 artikkeli on julkaistu alun perin 20.3.2025.<\/p>\n","protected":false},"excerpt":{"rendered":"PANU H\u00d6RKK\u00d6 Musiikin monitaituri n\u00e4htiin seiv\u00e4st\u00e4hden tukena jo viime kes\u00e4n\u00e4 Pariisin olympialaisissa. Suomen valovoimaisimpiin urheilijoihin lukeutuva seiv\u00e4shypp\u00e4\u00e4j\u00e4 ,&hellip;\n","protected":false},"author":2,"featured_media":126407,"comment_status":"","ping_status":"","sticky":false,"template":"","format":"standard","meta":{"footnotes":""},"categories":[136],"tags":[407,137,33,31,30,22462,408,2423,1496,5535,651,32,109,2815],"class_list":{"0":"post-126406","1":"post","2":"type-post","3":"status-publish","4":"format-standard","5":"has-post-thumbnail","7":"category-julkkikset","8":"tag-celebrities","9":"tag-entertainment","10":"tag-fi","11":"tag-finland","12":"tag-finnish","13":"tag-huippumuusikko","14":"tag-julkkikset","15":"tag-kihlaus","16":"tag-parisuhde","17":"tag-seivashyppy","18":"tag-suhteet","19":"tag-suomi","20":"tag-viihde","21":"tag-wilma-murto"},"share_on_mastodon":{"url":"https:\/\/pubeurope.com\/@fi\/115786828155912190","error":""},"_links":{"self":[{"href":"https:\/\/www.europesays.com\/fi\/wp-json\/wp\/v2\/posts\/126406","targetHints":{"allow":["GET"]}}],"collection":[{"href":"https:\/\/www.europesays.com\/fi\/wp-json\/wp\/v2\/posts"}],"about":[{"href":"https:\/\/www.europesays.com\/fi\/wp-json\/wp\/v2\/types\/post"}],"author":[{"embeddable":true,"href":"https:\/\/www.europesays.com\/fi\/wp-json\/wp\/v2\/users\/2"}],"replies":[{"embeddable":true,"href":"https:\/\/www.europesays.com\/fi\/wp-json\/wp\/v2\/comments?post=126406"}],"version-history":[{"count":0,"href":"https:\/\/www.europesays.com\/fi\/wp-json\/wp\/v2\/posts\/126406\/revisions"}],"wp:featuredmedia":[{"embeddable":true,"href":"https:\/\/www.europesays.com\/fi\/wp-json\/wp\/v2\/media\/126407"}],"wp:attachment":[{"href":"https:\/\/www.europesays.com\/fi\/wp-json\/wp\/v2\/media?parent=126406"}],"wp:term":[{"taxonomy":"category","embeddable":true,"href":"https:\/\/www.europesays.com\/fi\/wp-json\/wp\/v2\/categories?post=126406"},{"taxonomy":"post_tag","embeddable":true,"href":"https:\/\/www.europesays.com\/fi\/wp-json\/wp\/v2\/tags?post=126406"}],"curies":[{"name":"wp","href":"https:\/\/api.w.org\/{rel}","templated":true}]}}