{"id":126408,"date":"2025-12-26T16:38:08","date_gmt":"2025-12-26T16:38:08","guid":{"rendered":"https:\/\/www.europesays.com\/fi\/126408\/"},"modified":"2025-12-26T16:38:08","modified_gmt":"2025-12-26T16:38:08","slug":"nuoret-leijonat-nailla-kentallisilla-mm-kisojen-avausotteluun-suomi-tanska-perjantaina-kello-22-30-tv5-ja-hbo-max","status":"publish","type":"post","link":"https:\/\/www.europesays.com\/fi\/126408\/","title":{"rendered":"Nuoret Leijonat n\u00e4ill\u00e4 kent\u00e4llisill\u00e4 MM-kisojen avausotteluun \u2013 Suomi\u2013Tanska perjantaina kello 22.30 TV5 ja HBO Max"},"content":{"rendered":"<p><a href=\"https:\/\/www.leijonat.fi\/maajoukkueet\/u20\/2025-26\/mm2026\" target=\"_self\" rel=\"nofollow noopener\"><img decoding=\"async\" src=\"https:\/\/www.europesays.com\/fi\/wp-content\/uploads\/2025\/12\/U20-MM2026-logo-400-v.jpg\" alt=\"U20-MM2026-logo-400-v.jpg\" width=\"100%\" height=\"100%\"\/><\/a><\/p>\n<p>Alle 20-vuotiaiden maailmanmestaruudesta pelataan USA:n St. Paulissa ja Minneapolisissa, Minnesotassa, 26.12.2025 \u2013 05.01.2026.<\/p>\n<p>Kisaviestinn\u00e4ss\u00e4 k\u00e4yt\u00e4mme tunnisteita #U20fi #NuoretLeijonat #WorldJuniors<\/p>\n<p><strong>LOHKOJAKO:<\/strong><\/p>\n<p><strong>Alkulohko A:<\/strong><br \/>Ruotsi<br \/>Saksa<br \/>Slovakia<br \/>Sveitsi<br \/>USA<\/p>\n<p><strong>Alkulohko B:<\/strong><br \/>Kanada<br \/>Latvia<br \/>Suomi<br \/>Tanska<br \/>Tshekki<\/p>\n<p><strong>SUOMEN OTTELUT:<\/strong><\/p>\n<p><strong>Alkulohko:<\/strong><br \/>Pe 26.12. 22.30<br \/>Suomi \u2013 Tanska<br \/>Su 28.12. 23.30<br \/>Suomi \u2013 Latvia<br \/>Ma 29.12. 22.30<br \/>Suomi \u2013 Tshekki<br \/>To 01.01. 03.30<br \/>Suomi \u2013 Kanada<\/p>\n<p><strong>Puoliv\u00e4lier\u00e4t:<\/strong><br \/>Pe 02.01. 21.30<br \/>Puoliv\u00e4lier\u00e4 1<br \/>Pe 02.01. 23.30<br \/>Puoliv\u00e4lier\u00e4 2<br \/>La 03.01. 01.00<br \/>Puoliv\u00e4lier\u00e4 3<br \/>La 03.01. 03.30<br \/>Puoliv\u00e4lier\u00e4 4<\/p>\n<p><strong>V\u00e4lier\u00e4t:<\/strong><br \/>Su 04.01. 23.30<br \/>V\u00e4lier\u00e4 1<br \/>Ma 05.01. 03.30<br \/>V\u00e4lier\u00e4 2<\/p>\n<p><strong>Mitaliottelut:<\/strong><br \/>Ma 05.01. 23.30<br \/>Pronssiottelu<br \/>Ti 06.01. 03.30<br \/>Loppuottelu<\/p>\n<p>Ajat Suomen aikaa.<\/p>\n<p><a href=\"https:\/\/www.hbomax.com\/fi\/fi\" target=\"_blank\" rel=\"noopener nofollow\"><strong>L\u00c4HETYKSET TV5 JA HBO MAX<\/strong><\/a><\/p>\n<p><a href=\"http:\/\/www.leijonat.fi\/index.php\/maajoukkueet\/u20\/\" rel=\"nofollow noopener\" target=\"_blank\"><strong>KAIKKI U20:N UUTISOTSIKOT LEIJONAT.FI:SS\u00c4<\/strong><\/a><\/p>\n<p>\u00a0<\/p>\n","protected":false},"excerpt":{"rendered":"Alle 20-vuotiaiden maailmanmestaruudesta pelataan USA:n St. Paulissa ja Minneapolisissa, Minnesotassa, 26.12.2025 \u2013 05.01.2026. Kisaviestinn\u00e4ss\u00e4 k\u00e4yt\u00e4mme tunnisteita #U20fi #NuoretLeijonat&hellip;\n","protected":false},"author":2,"featured_media":126409,"comment_status":"","ping_status":"","sticky":false,"template":"","format":"standard","meta":{"footnotes":""},"categories":[158],"tags":[33,31,30,159,32,160],"class_list":{"0":"post-126408","1":"post","2":"type-post","3":"status-publish","4":"format-standard","5":"has-post-thumbnail","7":"category-urheilu","8":"tag-fi","9":"tag-finland","10":"tag-finnish","11":"tag-sports","12":"tag-suomi","13":"tag-urheilu"},"share_on_mastodon":{"url":"https:\/\/pubeurope.com\/@fi\/115786855951173598","error":""},"_links":{"self":[{"href":"https:\/\/www.europesays.com\/fi\/wp-json\/wp\/v2\/posts\/126408","targetHints":{"allow":["GET"]}}],"collection":[{"href":"https:\/\/www.europesays.com\/fi\/wp-json\/wp\/v2\/posts"}],"about":[{"href":"https:\/\/www.europesays.com\/fi\/wp-json\/wp\/v2\/types\/post"}],"author":[{"embeddable":true,"href":"https:\/\/www.europesays.com\/fi\/wp-json\/wp\/v2\/users\/2"}],"replies":[{"embeddable":true,"href":"https:\/\/www.europesays.com\/fi\/wp-json\/wp\/v2\/comments?post=126408"}],"version-history":[{"count":0,"href":"https:\/\/www.europesays.com\/fi\/wp-json\/wp\/v2\/posts\/126408\/revisions"}],"wp:featuredmedia":[{"embeddable":true,"href":"https:\/\/www.europesays.com\/fi\/wp-json\/wp\/v2\/media\/126409"}],"wp:attachment":[{"href":"https:\/\/www.europesays.com\/fi\/wp-json\/wp\/v2\/media?parent=126408"}],"wp:term":[{"taxonomy":"category","embeddable":true,"href":"https:\/\/www.europesays.com\/fi\/wp-json\/wp\/v2\/categories?post=126408"},{"taxonomy":"post_tag","embeddable":true,"href":"https:\/\/www.europesays.com\/fi\/wp-json\/wp\/v2\/tags?post=126408"}],"curies":[{"name":"wp","href":"https:\/\/api.w.org\/{rel}","templated":true}]}}