{"id":126410,"date":"2025-12-26T16:39:10","date_gmt":"2025-12-26T16:39:10","guid":{"rendered":"https:\/\/www.europesays.com\/fi\/126410\/"},"modified":"2025-12-26T16:39:10","modified_gmt":"2025-12-26T16:39:10","slug":"jimmy-kimmelin-jouluviesti-asiat-ovat-huonosti-mutta-amerikka-toipuu-donald-trumpista-uutisia-lyhyesti","status":"publish","type":"post","link":"https:\/\/www.europesays.com\/fi\/126410\/","title":{"rendered":"Jimmy Kimmelin jouluviesti: Asiat ovat huonosti, mutta Amerikka toipuu Donald Trumpista | Uutisia lyhyesti"},"content":{"rendered":"<p class=\"aw-1gybjub aw-5vja16 kEtdKx kmuxyA yle__article__paragraph\">Yhdysvaltalainen tv-koomikko Jimmy Kimmel lataa suoria sanoja Trumpista brittiyleis\u00f6lle.<\/p>\n<p><img decoding=\"async\" alt=\"Jimmy Kimmel lavalla smokissa.\" src=\"https:\/\/www.europesays.com\/fi\/wp-content\/uploads\/2025\/09\/39-152525068cbe0178bcc0.jpeg\" class=\"aw-1l9m598 hKVVvP\"\/><\/p>\n<p>Avaa kuvien katselu<\/p>\n<p>Jimmy Kimmel Oscar-gaalassa Hollywoodissa Los Angelesissa maaliskuussa 2024. Kuva: Caroline Brehman \/ EPA<\/p>\n<p class=\"aw-1gybjub aw-1p7kakr kEtdKx cEmitX yle__article__paragraph\">Yhdysvaltalainen koomikko ja tv-t\u00e4hti <strong class=\"aw-ak79eh KyCXm yle__article__strong\">Jimmy Kimmel<\/strong> on l\u00e4hett\u00e4nyt t\u00e4m\u00e4n vuoden <a class=\"aw-iao6s4 iHOxEa yle__article__link\" href=\"https:\/\/www.channel4.com\/programmes\/alternative-christmas-message\" role=\"link\" rel=\"nofollow noopener\" target=\"_blank\">vaihtoehtoisen jouluviestin<\/a> briteille. Se on kaupallisen TV4:n vaihtoehto yleisradioyhti\u00f6 BBC:n n\u00e4ytt\u00e4m\u00e4lle kuninkaan <a class=\"aw-iao6s4 iHOxEa yle__article__link\" href=\"https:\/\/www.bbc.com\/news\/articles\/ce86x326y08o\" role=\"link\" rel=\"nofollow noopener\" target=\"_blank\">joulupuheelle<\/a>.<\/p>\n<p class=\"aw-1gybjub aw-1p7kakr kEtdKx cEmitX yle__article__paragraph\">Yhdysvaltalainen televisioyhti\u00f6 ABC <a class=\"aw-iao6s4 iHOxEa yle__article__link\" href=\"https:\/\/yle.fi\/a\/bbc.com\/news\" role=\"link\" rel=\"nofollow noopener\" target=\"_blank\">hyllytti Kimmelin<\/a> syyskuussa, kun t\u00e4m\u00e4 oli suututtanut presidentti <strong class=\"aw-ak79eh KyCXm yle__article__strong\">Donald Trumpin<\/strong>.<\/p>\n<p class=\"aw-1gybjub aw-1p7kakr kEtdKx cEmitX yle__article__paragraph\">H\u00e4n sanaili ohjelmassaan siit\u00e4, ett\u00e4 oikeistopoliitikot yrittiv\u00e4t hy\u00f6ty\u00e4 tiukan linjan konservatiivin <strong class=\"aw-ak79eh KyCXm yle__article__strong\">Charlie Kirkin<\/strong> murhasta.<\/p>\n<p class=\"aw-1gybjub aw-1p7kakr kEtdKx cEmitX yle__article__paragraph\">Hyllytyst\u00e4 arvosteltiin voimaakkasti, ja se k\u00e4ynnisti Yhdysvalloissa keskustelun sananvapaudesta sek\u00e4 Trumpin hallinnon vaientamistaktiikoista.<\/p>\n<p class=\"aw-1gybjub aw-1p7kakr kEtdKx cEmitX yle__article__paragraph\">Kimmel sai palata ruutuun lyhyen hyllytyksen ruutuun.<\/p>\n<p>\u201dHyv\u00e4 vuosi fasismille\u201d<\/p>\n<p class=\"aw-1gybjub aw-1p7kakr kEtdKx cEmitX yle__article__paragraph\">Kimmel suuntaa jouluviestins\u00e4 k\u00e4rjen Trumpia vastaan.<\/p>\n<p class=\"aw-1gybjub aw-1p7kakr kEtdKx cEmitX yle__article__paragraph\">\u2013 Voin kertoa, ett\u00e4 fasismin n\u00e4k\u00f6kulmasta t\u00e4m\u00e4 on ollut todella hyv\u00e4 vuosi. Tyrannia kukoistaa t\u00e4\u00e4ll\u00e4, Kimmel sanoo.<\/p>\n<p class=\"aw-1gybjub aw-1p7kakr kEtdKx cEmitX yle__article__paragraph\">Kimmel kutsuu Trumpia kuningas Donny kahdeksanneksi ja sanoo, ett\u00e4 Yhdysvalloissa revit\u00e4\u00e4n demokratian rakenteita vapaasta lehdist\u00f6st\u00e4 tieteeseen ja oikeuslaitoksen riippumattomuuteen.<\/p>\n<p class=\"aw-1gybjub aw-1p7kakr kEtdKx cEmitX yle__article__paragraph\">H\u00e4n lopettaa viestins\u00e4 kuitenkin toiveikkaasti:<\/p>\n<p class=\"aw-1gybjub aw-1p7kakr kEtdKx cEmitX yle__article__paragraph\">\u2013 Horjahtelemme v\u00e4h\u00e4n juuri nyt, mutta selvi\u00e4mme kyll\u00e4.<\/p>\n<p class=\"aw-1gybjub aw-1p7kakr kEtdKx cEmitX yle__article__paragraph\">\u2013 Antakaa meille noin kolme vuotta. Pyyd\u00e4n. Kiitos k\u00e4rsiv\u00e4llisyydest\u00e4nne ja kiitos H\u00e4m\u00e4h\u00e4kkimiehest\u00e4. Hyv\u00e4\u00e4 joulua ja mukavia juhlapyhi\u00e4.<\/p>\n","protected":false},"excerpt":{"rendered":"Yhdysvaltalainen tv-koomikko Jimmy Kimmel lataa suoria sanoja Trumpista brittiyleis\u00f6lle. Avaa kuvien katselu Jimmy Kimmel Oscar-gaalassa Hollywoodissa Los Angelesissa&hellip;\n","protected":false},"author":2,"featured_media":126411,"comment_status":"","ping_status":"","sticky":false,"template":"","format":"standard","meta":{"footnotes":""},"categories":[130],"tags":[585,137,33,31,30,10539,108,1910,32,56,109],"class_list":{"0":"post-126410","1":"post","2":"type-post","3":"status-publish","4":"format-standard","5":"has-post-thumbnail","7":"category-viihde","8":"tag-donald-trump","9":"tag-entertainment","10":"tag-fi","11":"tag-finland","12":"tag-finnish","13":"tag-jimmy-kimmel","14":"tag-kulttuuri","15":"tag-sananvapaus","16":"tag-suomi","17":"tag-ulkomaat","18":"tag-viihde"},"share_on_mastodon":{"url":"https:\/\/pubeurope.com\/@fi\/115786859497772543","error":""},"_links":{"self":[{"href":"https:\/\/www.europesays.com\/fi\/wp-json\/wp\/v2\/posts\/126410","targetHints":{"allow":["GET"]}}],"collection":[{"href":"https:\/\/www.europesays.com\/fi\/wp-json\/wp\/v2\/posts"}],"about":[{"href":"https:\/\/www.europesays.com\/fi\/wp-json\/wp\/v2\/types\/post"}],"author":[{"embeddable":true,"href":"https:\/\/www.europesays.com\/fi\/wp-json\/wp\/v2\/users\/2"}],"replies":[{"embeddable":true,"href":"https:\/\/www.europesays.com\/fi\/wp-json\/wp\/v2\/comments?post=126410"}],"version-history":[{"count":0,"href":"https:\/\/www.europesays.com\/fi\/wp-json\/wp\/v2\/posts\/126410\/revisions"}],"wp:featuredmedia":[{"embeddable":true,"href":"https:\/\/www.europesays.com\/fi\/wp-json\/wp\/v2\/media\/126411"}],"wp:attachment":[{"href":"https:\/\/www.europesays.com\/fi\/wp-json\/wp\/v2\/media?parent=126410"}],"wp:term":[{"taxonomy":"category","embeddable":true,"href":"https:\/\/www.europesays.com\/fi\/wp-json\/wp\/v2\/categories?post=126410"},{"taxonomy":"post_tag","embeddable":true,"href":"https:\/\/www.europesays.com\/fi\/wp-json\/wp\/v2\/tags?post=126410"}],"curies":[{"name":"wp","href":"https:\/\/api.w.org\/{rel}","templated":true}]}}