{"id":126422,"date":"2025-12-26T17:00:09","date_gmt":"2025-12-26T17:00:09","guid":{"rendered":"https:\/\/www.europesays.com\/fi\/126422\/"},"modified":"2025-12-26T17:00:09","modified_gmt":"2025-12-26T17:00:09","slug":"karin-smirnoffin-tyrmaavan-musta-hauskuus-puuttuu-sinansa-laadukkaasta-televisiosarjasta","status":"publish","type":"post","link":"https:\/\/www.europesays.com\/fi\/126422\/","title":{"rendered":"Karin Smirnoffin tyrm\u00e4\u00e4v\u00e4n musta hauskuus puuttuu sin\u00e4ns\u00e4 laadukkaasta televisiosarjasta"},"content":{"rendered":"<p>Televisio|Veljen luo perustuu Karin Smirnoffin romaaniin. Sin\u00e4ns\u00e4 laadukkaasta sarjasta puuttuu alkuper\u00e4isteoksen tyrm\u00e4\u00e4v\u00e4n musta hauskuus.<\/p>\n<p class=\"article-body mb-nof-24 px-nof-16\">Veljen luo. Yle Areena. \u2605\u2605\u2605<\/p>\n<p class=\"article-body mb-nof-24 px-nof-16\">Kun maanmainion <a class=\"article-personlink\" href=\"https:\/\/www.hs.fi\/haku\/?query=Karin%20Smirnoffin\" rel=\"nofollow noopener\" target=\"_blank\">Karin Smirnoffin<\/a> sanoja muunnetaan kuviksi, tapahtuu yksinkertaistus: karusta koomiseen viuhuva arvaamattomuus alkaa vaikuttaa toiminnalliselta raportilta sukupolvien ja -puolien v\u00e4lisest\u00e4 sodasta.<\/p>\n","protected":false},"excerpt":{"rendered":"Televisio|Veljen luo perustuu Karin Smirnoffin romaaniin. Sin\u00e4ns\u00e4 laadukkaasta sarjasta puuttuu alkuper\u00e4isteoksen tyrm\u00e4\u00e4v\u00e4n musta hauskuus. Veljen luo. Yle Areena.&hellip;\n","protected":false},"author":2,"featured_media":126423,"comment_status":"","ping_status":"","sticky":false,"template":"","format":"standard","meta":{"footnotes":""},"categories":[133],"tags":[137,33,31,30,46,32,206,156,109],"class_list":{"0":"post-126422","1":"post","2":"type-post","3":"status-publish","4":"format-standard","5":"has-post-thumbnail","7":"category-televisiot","8":"tag-entertainment","9":"tag-fi","10":"tag-finland","11":"tag-finnish","12":"tag-helsingin-sanomat","13":"tag-suomi","14":"tag-televisiot","15":"tag-tv","16":"tag-viihde"},"share_on_mastodon":{"url":"https:\/\/pubeurope.com\/@fi\/115786942041216086","error":""},"_links":{"self":[{"href":"https:\/\/www.europesays.com\/fi\/wp-json\/wp\/v2\/posts\/126422","targetHints":{"allow":["GET"]}}],"collection":[{"href":"https:\/\/www.europesays.com\/fi\/wp-json\/wp\/v2\/posts"}],"about":[{"href":"https:\/\/www.europesays.com\/fi\/wp-json\/wp\/v2\/types\/post"}],"author":[{"embeddable":true,"href":"https:\/\/www.europesays.com\/fi\/wp-json\/wp\/v2\/users\/2"}],"replies":[{"embeddable":true,"href":"https:\/\/www.europesays.com\/fi\/wp-json\/wp\/v2\/comments?post=126422"}],"version-history":[{"count":0,"href":"https:\/\/www.europesays.com\/fi\/wp-json\/wp\/v2\/posts\/126422\/revisions"}],"wp:featuredmedia":[{"embeddable":true,"href":"https:\/\/www.europesays.com\/fi\/wp-json\/wp\/v2\/media\/126423"}],"wp:attachment":[{"href":"https:\/\/www.europesays.com\/fi\/wp-json\/wp\/v2\/media?parent=126422"}],"wp:term":[{"taxonomy":"category","embeddable":true,"href":"https:\/\/www.europesays.com\/fi\/wp-json\/wp\/v2\/categories?post=126422"},{"taxonomy":"post_tag","embeddable":true,"href":"https:\/\/www.europesays.com\/fi\/wp-json\/wp\/v2\/tags?post=126422"}],"curies":[{"name":"wp","href":"https:\/\/api.w.org\/{rel}","templated":true}]}}