{"id":126438,"date":"2025-12-26T17:23:09","date_gmt":"2025-12-26T17:23:09","guid":{"rendered":"https:\/\/www.europesays.com\/fi\/126438\/"},"modified":"2025-12-26T17:23:09","modified_gmt":"2025-12-26T17:23:09","slug":"susanna-penttila-paljastaa-erotiikkauransa-jatkon","status":"publish","type":"post","link":"https:\/\/www.europesays.com\/fi\/126438\/","title":{"rendered":"Susanna Penttil\u00e4 paljastaa erotiikkauransa jatkon"},"content":{"rendered":"<p>            ATTE KAJOVA\n        <\/p>\n<p class=\"subtitle \">Susanna Penttil\u00e4 paljastaa Seiskalle, mik\u00e4 on erotiikkauran kohtalo tulevana vuonna.<\/p>\n<p class=\"article-content article-content-width !bg-background\">Muotiyritt\u00e4j\u00e4<br \/>\nja Onlyfans-sis\u00e4ll\u00f6ntuottaja  valmistautuu em\u00e4nn\u00f6im\u00e4\u00e4n kotibileit\u00e4<br \/>\nuutena vuotena.\u00a0<\/p>\n<p class=\"article-content article-content-width !bg-background\">Oman kaveripiirin kesken kotioloissa vietetyt juhlaillat<br \/>\ntuntuvat aina vain mukavammilta, ja samalla vuodenvaihdetta voivat viett\u00e4\u00e4<br \/>\nmukana 16-vuotias poika kavereineen. Mit\u00e4\u00e4n muuta miest\u00e4 Susanna ei<br \/>\nvarsinaisesti kotiinsa kaipaa, ainakaan pidemm\u00e4lle kiinnitykselle.<\/p>\n<p class=\"article-content article-content-width !bg-background\">\u2013 En<br \/>\nm\u00e4 voi tohon sohvalle ket\u00e4\u00e4n miest\u00e4 voi ottaa pysyv\u00e4sti, Suski hihkaisee ja osoittaa<br \/>\nkotinsa valkoista sohvaa. Taustalla aukeaa merin\u00e4k\u00f6ala, ja Susanna pukee ylleen<br \/>\nPariisista tuotuja uutuusmekkojaan.<\/p>\n<p>        <a itemprop=\"url\" href=\"https:\/\/www.seiska.fi\/kotimaa\/susanna-penttilan-alastonkuvat-vuotivat-nettiin-tiukka-kuitti\/1931214\" rel=\"nofollow noopener\" target=\"_blank\"><\/p>\n<p>\nVoi ei\n<\/p>\n<p class=\"section-date\">\n        <strong class=\"article-section\" data-section=\"kotimaa\"><br \/>\n            kotimaa<br \/>\n        <\/strong><br \/>\n        14.9. 17:00\n    <\/p>\n<p>Susanna Penttil\u00e4n alastonkuvat vuotivat nettiin \u2013 tiukka kuitti!\n    <\/p>\n<p itemprop=\"description\" class=\"subtitle \">\n    Seiska tavoitti Susannan, joka kertoo asiassa olevan my\u00f6s huvittava piirre.\n<\/p>\n<p>        <\/a><\/p>\n<p class=\"article-content article-content-width !bg-background\">\u2013 Olen<br \/>\nl\u00e4heisriippuvaisen vastakohta, h\u00e4n kuvailee. <\/p>\n<p>                <img decoding=\"async\" src=\"https:\/\/www.europesays.com\/fi\/wp-content\/uploads\/2025\/12\/2002220.webp\" width=\"576\" height=\"322\" alt=\"Suski on mieltynyt kauniisiin miehiin ja mekkoihin.\" loading=\"lazy\" \/>            <\/p>\n<p>\n            Suski on mieltynyt kauniisiin miehiin ja mekkoihin.<br \/>\n            ATTE KAJOVA\n        <\/p>\n<p>Ei tarvitse huolehtijaa<\/p>\n<p class=\"article-content article-content-width !bg-background\">Susanna on<br \/>\ntottunut huolehtimaan itsest\u00e4\u00e4n jo 19-vuotiaasta saakka,\u00a0 ja muutaman pitk\u00e4n<br \/>\nsuhteen j\u00e4lkeen sinkkuel\u00e4m\u00e4 maistuu yh\u00e4 paremmin.<\/p>\n<p class=\"article-content article-content-width !bg-background\">\u2013 En<br \/>\nkaipaa itselleni huolehtijaa, enk\u00e4 tarvitse jotakuta el\u00e4tt\u00e4m\u00e4\u00e4n minua<br \/>\ntaloudellisesti, Suski listaa syit\u00e4 sinkkustatukseen.\u00a0<\/p>\n<p class=\"article-content article-content-width !bg-background\">Osansa sinkkuuteen on my\u00f6s luonnollisesti suomalaisia puhuttavalla Onlyfans-sivuston sis\u00e4ll\u00f6n<br \/>\ntuotannolla. Susanna tekee sis\u00e4lt\u00f6\u00e4 nuoressa ja kauniissa miesseurassa.<\/p>\n<p>                <img decoding=\"async\" src=\"https:\/\/www.europesays.com\/fi\/wp-content\/uploads\/2025\/12\/2002226.webp\" width=\"576\" height=\"720\" alt=\"Suski nousi Onlyfans-menestyksess\u00e4 aivan omiin korkeuksiinsa.\" loading=\"lazy\" \/>            <\/p>\n<p>\n            Suski nousi Onlyfans-menestyksess\u00e4 aivan omiin korkeuksiinsa.<br \/>\n            ATTE KAJOVA\n        <\/p>\n<p>Jatkoa<br \/>\nluvassa<\/p>\n<p class=\"article-content article-content-width !bg-background\">Susanna<br \/>\nkohautti paljastamalla paitsi nuoria \u201ctiimil\u00e4isi\u00e4\u00e4n\u201d somevideoillaan, my\u00f6s kertomalla<br \/>\navoimesti, ett\u00e4 parissa vuodessa rahaa on taottu ennen veroja yli miljoona<br \/>\neuroa. Vaatekauppiaan arki on silti edelleen osa el\u00e4m\u00e4\u00e4.<\/p>\n<p class=\"article-content article-content-width !bg-background\">\u2013 En<br \/>\nm\u00e4 varmaan osaisi olla ilman liikett\u00e4. Verkkokauppa pit\u00e4isi olla v\u00e4hint\u00e4\u00e4n.<br \/>\nHiljaistahan se toiminta nyky\u00e4\u00e4n on. On halpaketjut ja Kiina-muoti, Susanna<br \/>\nkuvailee.<\/p>\n<p>        <a itemprop=\"url\" href=\"https:\/\/www.seiska.fi\/kotimaa\/podcast-susanna-penttila-loysi-uuden-onlyfans-kumppaninsa-yokerhon-vessasta\/1930650\" rel=\"nofollow noopener\" target=\"_blank\"><\/p>\n<p>\nPodcast:\n<\/p>\n<p class=\"section-date\">\n        <strong class=\"article-section\" data-section=\"kotimaa\"><br \/>\n            kotimaa<br \/>\n        <\/strong><br \/>\n        12.9. 21:00\n    <\/p>\n<p>Podcast: Susanna Penttil\u00e4 l\u00f6ysi uuden Onlyfans -kumppaninsa y\u00f6kerhon vessasta\n    <\/p>\n<p itemprop=\"description\" class=\"subtitle \">\n    Susanna on tehnyt tuoreen tuttavuutensa kanssa poikkeuksellista sis\u00e4lt\u00f6\u00e4 somekanavilleen.\n<\/p>\n<p>        <\/a><\/p>\n<p>                <img decoding=\"async\" src=\"https:\/\/www.europesays.com\/fi\/wp-content\/uploads\/2025\/12\/2002230.webp\" width=\"576\" height=\"720\" alt=\"Suski vannoo edelleen n\u00e4ytt\u00e4v\u00e4n juhlatyylin nimiin.\" loading=\"lazy\" \/>            <\/p>\n<p>\n            Suski vannoo edelleen n\u00e4ytt\u00e4v\u00e4n juhlatyylin nimiin.<br \/>\n            ATTE KAJOVA\n        <\/p>\n<p class=\"article-content article-content-width !bg-background\">Alkujaan<br \/>\nSusanna mietti tekev\u00e4ns\u00e4 hetken Onlyfansia ja ep\u00e4ili tienaavansa muutaman tuhat<br \/>\neuroa. Seuraavaksi virstanpylv\u00e4\u00e4ksi tuli jo miljoonan haamuraja, jolloin oli m\u00e4\u00e4r\u00e4 lopettaa.<\/p>\n<p class=\"article-content article-content-width !bg-background\">\u2013 Kyll\u00e4<br \/>\nmina jatkan ainakin t\u00e4m\u00e4n tulevan vuoden. Lopetan heti, jos rupeaa ahdistamaan.<\/p>\n<p>Veroja<br \/>\nriitt\u00e4\u00e4<\/p>\n<p class=\"article-content article-content-width !bg-background\">Susanna on<br \/>\naina hoitanut tarkkaan yritt\u00e4j\u00e4n velvollisuuksiaan, ja se on tarkoittanut my\u00f6s<br \/>\ntiukkaa verojen maksamista. Veroprosentti on Susannalla jo hurja 54.<\/p>\n<p>                <img decoding=\"async\" src=\"https:\/\/www.europesays.com\/fi\/wp-content\/uploads\/2025\/12\/2002228.webp\" width=\"576\" height=\"317\" alt=\"Suski ja Sofia Zida jakoivat Petollisten 25 000 euron voittopotin.\" loading=\"lazy\" \/>            <\/p>\n<p>\n            Suski ja Sofia Zida jakoivat Petollisten 25 000 euron voittopotin.<br \/>\n            Nelonen\n        <\/p>\n<p class=\"article-content article-content-width !bg-background\">\u2013 Siksi<br \/>\nolen my\u00f6s ottanut pidempi\u00e4 taukoja sis\u00e4ll\u00f6n tekemiseen. Verottaja vie kuitenkin<br \/>\nniin paljon. Taannoisen Petolliset-voiton rahatkin ovat jo menneet veroihin,<br \/>\nSuski kuvailee.<\/p>\n<p>        <a itemprop=\"url\" href=\"https:\/\/www.seiska.fi\/kotimaa\/nain-susanna-penttila-toipuu-jareasta-videosta-istun-uimarenkaan-paalla\/1900711\" rel=\"nofollow noopener\" target=\"_blank\"><\/p>\n<p>\nToipuu j\u00e4re\u00e4st\u00e4 videosta\n<\/p>\n<p class=\"section-date\">\n        <strong class=\"article-section\" data-section=\"kotimaa\"><br \/>\n            kotimaa<br \/>\n        <\/strong><br \/>\n        15.8. 19:30\n    <\/p>\n<p>N\u00e4in Susanna Penttil\u00e4 toipuu j\u00e4re\u00e4st\u00e4 videosta: Istun uimarenkaan p\u00e4\u00e4ll\u00e4!\n    <\/p>\n<p itemprop=\"description\" class=\"subtitle \">\n    Susanna kertoo Kongo Y\u00f6 -videon olleen astetta kookkaampi projekti.\n<\/p>\n<p>        <\/a><\/p>\n","protected":false},"excerpt":{"rendered":"ATTE KAJOVA Susanna Penttil\u00e4 paljastaa Seiskalle, mik\u00e4 on erotiikkauran kohtalo tulevana vuonna. Muotiyritt\u00e4j\u00e4 ja Onlyfans-sis\u00e4ll\u00f6ntuottaja valmistautuu em\u00e4nn\u00f6im\u00e4\u00e4n kotibileit\u00e4&hellip;\n","protected":false},"author":2,"featured_media":126439,"comment_status":"","ping_status":"","sticky":false,"template":"","format":"standard","meta":{"footnotes":""},"categories":[136],"tags":[407,137,33,31,30,408,212,3705,32,3706,18091,109],"class_list":{"0":"post-126438","1":"post","2":"type-post","3":"status-publish","4":"format-standard","5":"has-post-thumbnail","7":"category-julkkikset","8":"tag-celebrities","9":"tag-entertainment","10":"tag-fi","11":"tag-finland","12":"tag-finnish","13":"tag-julkkikset","14":"tag-lifestyle","15":"tag-onlyfans","16":"tag-suomi","17":"tag-susanna-penttila","18":"tag-uusi-vuosi","19":"tag-viihde"},"share_on_mastodon":{"url":"https:\/\/pubeurope.com\/@fi\/115787032620753617","error":""},"_links":{"self":[{"href":"https:\/\/www.europesays.com\/fi\/wp-json\/wp\/v2\/posts\/126438","targetHints":{"allow":["GET"]}}],"collection":[{"href":"https:\/\/www.europesays.com\/fi\/wp-json\/wp\/v2\/posts"}],"about":[{"href":"https:\/\/www.europesays.com\/fi\/wp-json\/wp\/v2\/types\/post"}],"author":[{"embeddable":true,"href":"https:\/\/www.europesays.com\/fi\/wp-json\/wp\/v2\/users\/2"}],"replies":[{"embeddable":true,"href":"https:\/\/www.europesays.com\/fi\/wp-json\/wp\/v2\/comments?post=126438"}],"version-history":[{"count":0,"href":"https:\/\/www.europesays.com\/fi\/wp-json\/wp\/v2\/posts\/126438\/revisions"}],"wp:featuredmedia":[{"embeddable":true,"href":"https:\/\/www.europesays.com\/fi\/wp-json\/wp\/v2\/media\/126439"}],"wp:attachment":[{"href":"https:\/\/www.europesays.com\/fi\/wp-json\/wp\/v2\/media?parent=126438"}],"wp:term":[{"taxonomy":"category","embeddable":true,"href":"https:\/\/www.europesays.com\/fi\/wp-json\/wp\/v2\/categories?post=126438"},{"taxonomy":"post_tag","embeddable":true,"href":"https:\/\/www.europesays.com\/fi\/wp-json\/wp\/v2\/tags?post=126438"}],"curies":[{"name":"wp","href":"https:\/\/api.w.org\/{rel}","templated":true}]}}