{"id":126444,"date":"2025-12-26T17:30:13","date_gmt":"2025-12-26T17:30:13","guid":{"rendered":"https:\/\/www.europesays.com\/fi\/126444\/"},"modified":"2025-12-26T17:30:13","modified_gmt":"2025-12-26T17:30:13","slug":"katso-saipa-kalpa-ottelun-kaanteet-tasta-urheilu","status":"publish","type":"post","link":"https:\/\/www.europesays.com\/fi\/126444\/","title":{"rendered":"Katso SaiPa-KalPa-ottelun k\u00e4\u00e4nteet t\u00e4st\u00e4 | Urheilu"},"content":{"rendered":"<p>\t\t<a class=\"diks-gallery__link\" href=\"https:\/\/www.savonsanomat.fi\/incoming\/adz343\/KalPa-SaiPa_13_Savon-Sanomat_20251213.jpg\/alternates\/FREE_1440\/KalPa%20SaiPa_13_Savon%20Sanomat_20251213.jpg\" data-thumbnail=\"https:\/\/www.savonsanomat.fi\/incoming\/adz343\/KalPa-SaiPa_13_Savon-Sanomat_20251213.jpg\/alternates\/SQUARE_240\/KalPa%20SaiPa_13_Savon%20Sanomat_20251213.jpg\" data-sub-html=\"\" aria-label=\"Katso isompi kuva\" rel=\"nofollow noopener\" target=\"_blank\"><br \/>\n\t\t\t\t<img class=\"diks-figure__image\" src=\"https:\/\/www.europesays.com\/fi\/wp-content\/uploads\/2025\/12\/KalPa SaiPa_13_Savon Sanomat_20251213.jpg\" loading=\"lazy\" decoding=\"sync\" alt=\"\"\/><\/p>\n<p>\t\t\t<\/a><\/p>\n<p class=\"diks-article__lead\">Savon Sanomat seuraa t\u00e4ss\u00e4 jutussa SaiPa-KalPa-ottelun tapahtumia.<\/p>\n<p class=\"diks-byline__author\">Jussi Murtasaari<\/p>\n<p>\n\t\tT\u00e4n\u00e4\u00e4n 18:15<\/p>\n<p>\t\t\tLataa sovelluksemme<\/p>\n<p>Helpoin tapa lukea tuoreimmat uutiset.<\/p>\n<p>\t\t\tLis\u00e4\u00e4 aiheesta<\/p>\n<p>\t\t\t\t\t<img class=\"diks-card__image\" src=\"https:\/\/www.europesays.com\/fi\/wp-content\/uploads\/2025\/12\/11199633.jpg\"   loading=\"lazy\" decoding=\"sync\" alt=\"\"\/><\/p>\n<p class=\"diks-title diks-title--size-s\">Mainos: Kuopion Energia<\/p>\n<p>\t\t\t\t<img src=\"https:\/\/www.europesays.com\/fi\/wp-content\/uploads\/2025\/12\/natiivi_paakuva.jpg\" class=\"diks-native-ad__image\"   loading=\"lazy\" decoding=\"sync\" alt=\"\"\/><\/p>\n<p class=\"diks-title diks-title--size-s\">Mainos: Kuopion Energia<\/p>\n<p>\n\t\t22.12.2025 0:00<\/p>\n<p class=\"diks-title diks-title--size-s\">Mainos: Teollisuusliitto<\/p>\n<p>\t\t\t\t<img src=\"https:\/\/www.europesays.com\/fi\/wp-content\/uploads\/2025\/12\/Teollisuusliitto_pa\u0308a\u0308kuva_1440px.jpg\" class=\"diks-native-ad__image\"   loading=\"lazy\" decoding=\"sync\" alt=\"\"\/><\/p>\n<p class=\"diks-title diks-title--size-s\">Mainos: Teollisuusliitto<\/p>\n<p>\n\t\t22.12.2025 0:00<\/p>\n","protected":false},"excerpt":{"rendered":"Savon Sanomat seuraa t\u00e4ss\u00e4 jutussa SaiPa-KalPa-ottelun tapahtumia. Jussi Murtasaari T\u00e4n\u00e4\u00e4n 18:15 Lataa sovelluksemme Helpoin tapa lukea tuoreimmat uutiset.&hellip;\n","protected":false},"author":2,"featured_media":126445,"comment_status":"","ping_status":"","sticky":false,"template":"","format":"standard","meta":{"footnotes":""},"categories":[158],"tags":[33,31,30,1143,2935,1132,1146,159,32,160,161],"class_list":{"0":"post-126444","1":"post","2":"type-post","3":"status-publish","4":"format-standard","5":"has-post-thumbnail","7":"category-urheilu","8":"tag-fi","9":"tag-finland","10":"tag-finnish","11":"tag-jaakiekko","12":"tag-kalpa","13":"tag-kuopio","14":"tag-miesten-jaakiekko","15":"tag-sports","16":"tag-suomi","17":"tag-urheilu","18":"tag-urheilutapahtumat"},"share_on_mastodon":{"url":"https:\/\/pubeurope.com\/@fi\/115787060309898604","error":""},"_links":{"self":[{"href":"https:\/\/www.europesays.com\/fi\/wp-json\/wp\/v2\/posts\/126444","targetHints":{"allow":["GET"]}}],"collection":[{"href":"https:\/\/www.europesays.com\/fi\/wp-json\/wp\/v2\/posts"}],"about":[{"href":"https:\/\/www.europesays.com\/fi\/wp-json\/wp\/v2\/types\/post"}],"author":[{"embeddable":true,"href":"https:\/\/www.europesays.com\/fi\/wp-json\/wp\/v2\/users\/2"}],"replies":[{"embeddable":true,"href":"https:\/\/www.europesays.com\/fi\/wp-json\/wp\/v2\/comments?post=126444"}],"version-history":[{"count":0,"href":"https:\/\/www.europesays.com\/fi\/wp-json\/wp\/v2\/posts\/126444\/revisions"}],"wp:featuredmedia":[{"embeddable":true,"href":"https:\/\/www.europesays.com\/fi\/wp-json\/wp\/v2\/media\/126445"}],"wp:attachment":[{"href":"https:\/\/www.europesays.com\/fi\/wp-json\/wp\/v2\/media?parent=126444"}],"wp:term":[{"taxonomy":"category","embeddable":true,"href":"https:\/\/www.europesays.com\/fi\/wp-json\/wp\/v2\/categories?post=126444"},{"taxonomy":"post_tag","embeddable":true,"href":"https:\/\/www.europesays.com\/fi\/wp-json\/wp\/v2\/tags?post=126444"}],"curies":[{"name":"wp","href":"https:\/\/api.w.org\/{rel}","templated":true}]}}