{"id":126453,"date":"2025-12-26T17:37:09","date_gmt":"2025-12-26T17:37:09","guid":{"rendered":"https:\/\/www.europesays.com\/fi\/126453\/"},"modified":"2025-12-26T17:37:09","modified_gmt":"2025-12-26T17:37:09","slug":"otto-meri-vastaa-hurstin-ruoka-apuun-liittyvista-kommenteista-saamaansa-arvosteluun","status":"publish","type":"post","link":"https:\/\/www.europesays.com\/fi\/126453\/","title":{"rendered":"Otto Meri vastaa Hurstin ruoka-apuun liittyvist\u00e4 kommenteista saamaansa arvosteluun"},"content":{"rendered":"<p>Kokoomuspoliitikko Otto Meren Iltalehdelle antamat kommentit her\u00e4ttiv\u00e4t runsaasti kritiikki\u00e4.<\/p>\n<p>Lue tiivistelm\u00e4<\/p>\n<p class=\"article-body mb-nof-24 px-nof-16 sndp-summary-bullet-point-font\">Helsingin kaupunginvaltuutettu Otto Meri Kokoomuksesta on saanut runsaasti kritiikki\u00e4 kommenteistaan, joissa h\u00e4n sanoi ruoka-avun hakemisen olevan liian helppoa.<\/p>\n<p class=\"article-body mb-nof-24 px-nof-16 sndp-summary-bullet-point-font\">Meri kommentoi Iltalehdelle, ett\u00e4 ruoka-apua hakevat ihmiset, joilla \u201dei ole moraalista kynnyst\u00e4 olla hakematta sit\u00e4\u201d ja joilla on paljon aikaa.<\/p>\n<p class=\"article-body mb-nof-24 px-nof-16 sndp-summary-bullet-point-font\">Meri kertoo saaneensa enimm\u00e4kseen negatiivista palautetta, mutta puolustaa n\u00e4kemyksi\u00e4\u00e4n ja sanoo, ett\u00e4 ruoka-avun suosion kasvu ei johdu p\u00e4\u00e4ministeri Petteri Orpon hallituksen toimista.<\/p>\n<p class=\"article-body mb-nof-24 px-nof-16\">Helsingin kaupunginvaltuutettu, asianajaja ja varatuomari <a class=\"article-personlink\" href=\"https:\/\/www.is.fi\/haku\/?query=Otto%20Meren\" rel=\"nofollow noopener\" target=\"_blank\">Otto Meren<\/a> (kok) kommentit ruoka-avusta her\u00e4ttiv\u00e4t palautery\u00f6pyn sosiaalisessa mediassa. Meri kommentoi asiaa omalla <a class=\"underline underline-offset-[0.12em] [text-decoration-thickness:var(--generic-link-underline-thickness)] [text-decoration-color:var(--generic-link-underline-color)] [text-decoration-skip-ink:var(--generic-link-underline-skip-ink)] break-words\" href=\"https:\/\/x.com\/OttoMeri\/status\/2003909649675046982\" rel=\"nofollow\">X-tilill\u00e4\u00e4n<\/a> ja <a class=\"underline underline-offset-[0.12em] [text-decoration-thickness:var(--generic-link-underline-thickness)] [text-decoration-color:var(--generic-link-underline-color)] [text-decoration-skip-ink:var(--generic-link-underline-skip-ink)] break-words\" href=\"https:\/\/www.iltalehti.fi\/politiikka\/a\/552e4965-aba4-4b95-b9ae-25ef2a0d3a70\" rel=\"nofollow noopener\" target=\"_blank\">Iltalehden haastattelussa<\/a>.<\/p>\n<p class=\"article-body mb-nof-24 px-nof-16\">Meren puheet liittyv\u00e4t Hurstin v\u00e4h\u00e4varaisten ja yksin\u00e4isten joulujuhlaan, johon osallistui jouluaattona enn\u00e4tykselliset noin 2\u202f300 ihmist\u00e4. Osallistujat saivat ruokaa ja ruokakasseja mukaan.<\/p>\n<p class=\"article-body mb-nof-24 px-nof-16\">Kaikki halukkaat eiv\u00e4t juhliin mahtuneet. Hurstin avun varatoiminnanjohtaja <a class=\"article-personlink\" href=\"https:\/\/www.is.fi\/haku\/?query=Heikki%E2%80%AFHurstin\" rel=\"nofollow noopener\" target=\"_blank\">Heikki\u202fHurstin<\/a> mukaan noin satakunta ihmist\u00e4 jouduttiin k\u00e4\u00e4nnytt\u00e4m\u00e4\u00e4n ovilta turvallisuusm\u00e4\u00e4r\u00e4ysten takia. Asiasta kertoessaan Hursti murtui Ylen haastattelussa kyyneliin.<\/p>\n<p class=\"article-body mb-nof-24 px-nof-16\">Meri sanoo Iltalehdelle, ett\u00e4 ruoka-avusta k\u00e4yt\u00e4v\u00e4n keskustelu on hurskastelua ja ett\u00e4 on \u201dep\u00e4-\u00e4lyllist\u00e4\u201d syytt\u00e4\u00e4 p\u00e4\u00e4ministeri <a class=\"article-personlink\" href=\"https:\/\/www.is.fi\/haku\/?query=Petteri%20Orpon\" rel=\"nofollow noopener\" target=\"_blank\">Petteri Orpon<\/a> (kok) hallitusta leip\u00e4jonojen kasvusta.<\/p>\n<p class=\"article-body mb-nof-24 px-nof-16\">\u2013 Maksuton ruokakassi on ik\u00e4\u00e4n kuin lis\u00e4tulo. En usko, ett\u00e4 siell\u00e4 on hirve\u00e4sti sellaisia ihmisi\u00e4, jotka kuolisivat n\u00e4lk\u00e4\u00e4n, jos he eiv\u00e4t sit\u00e4 kassiaan saisi, h\u00e4n kommentoi lehdelle.<\/p>\n<p class=\"article-body mb-nof-24 px-nof-16\">Meri toteaa my\u00f6s, ett\u00e4 ruoka-apua hakevat ihmiset, joilla \u201dei ole moraalista kynnyst\u00e4 olla hakematta sit\u00e4\u201d ja joilla on paljon aikaa. H\u00e4n painottaa lehdelle, ettei tuomitse ihmisi\u00e4 ruoka-avun hakemisesta. H\u00e4nen mielest\u00e4\u00e4n nyky\u00e4\u00e4n kynnys hakea apua on kuitenkin liian matala.<\/p>\n<p class=\"article-body mb-nof-24 px-nof-16\">\u2013 Tuntuu, ett\u00e4 on ihan ookoo el\u00e4\u00e4 Kelan tuilla, ett\u00e4 muut rahoittavat el\u00e4m\u00e4n. On ihan ookoo olla ideologisesti ty\u00f6t\u00f6n, koska ei voi olla kenenk\u00e4\u00e4n velvollisuus tehd\u00e4 t\u00f6it\u00e4, jatkaa.<\/p>\n<p><img decoding=\"async\" src=\"https:\/\/www.europesays.com\/fi\/wp-content\/uploads\/2025\/12\/1766770628_413_468.jpg\" alt=\"Asianajaja ja kaupunginvaltuutettu Otto Meri kertoo IS:lle, ett\u00e4 kriittisen palautteen m\u00e4\u00e4r\u00e4 ja voimakkuus on yll\u00e4tt\u00e4nyt.\" class=\"_Img_1rerz_1\" style=\"aspect-ratio:1\" loading=\"eager\"\/><\/p>\n<p class=\"article-picture-caption\">Asianajaja ja kaupunginvaltuutettu Otto Meri kertoo IS:lle, ett\u00e4 kriittisen palautteen m\u00e4\u00e4r\u00e4 ja voimakkuus on yll\u00e4tt\u00e4nyt. Kuva:\u00a0Kari Pullinen<\/p>\n<p class=\"article-body mb-nof-24 px-nof-16\">Heikki Hurstin mukaan taas yleis\u00f6rynt\u00e4ys yksin\u00e4isten ja v\u00e4h\u00e4varaisten joulujuhlaan kertoo yhteiskunnan pahentuneesta tilasta.<\/p>\n<p class=\"article-body mb-nof-24 px-nof-16\">\u2013 Mun mielest\u00e4 se kertoo siit\u00e4, ett\u00e4 Suomessa voidaan pahoin. Kun leikkauksia tehd\u00e4\u00e4n koko ajan enemm\u00e4n ja enemm\u00e4n, niin ne koskevat aina heikkotuloisia, v\u00e4h\u00e4varaisia ja el\u00e4kel\u00e4isi\u00e4, Hursti sanoi aiemmin Ilta-Sanomille.<\/p>\n<p class=\"article-body mb-nof-24 px-nof-16\">Sosiaalisen median palvelut ovat t\u00e4yttyneet kommenteista, joissa Meren puheet tuomitaan vahvasti.<\/p>\n<p class=\"article-body mb-nof-24 px-nof-16\">\u2013 Juuri kun p\u00e4\u00e4sin ihmettelem\u00e4st\u00e4 Trumpin idioottimaisia lausuntoja ja kiittelem\u00e4st\u00e4 sit\u00e4, ettei Suomessa ole viel\u00e4 vastaavaa, sattuipa silmiini sitten t\u00e4m\u00e4 joulun totaalisin rimanalitus. Samankaltaista ylimielist\u00e4 ja empatiakyvyt\u00f6nt\u00e4 oksennustahan t\u00e4m\u00e4kin on, v\u00e4h\u00e4n kauniimmin verhottuna, tylytti er\u00e4s kommentoija Facebookissa artikkelin alla.<\/p>\n<p class=\"article-body mb-nof-24 px-nof-16\">\u2013 Mill\u00e4 kompetenssilla sin\u00e4 kykenet arvioimaan ihmisten tarvetta ruoka-avulle? kommentoi toinen Meren julkaisemaan Instagram-kuvaan.<\/p>\n<p class=\"article-body mb-nof-24 px-nof-16\">\u2013 Oman ylt\u00e4kyll\u00e4isen joulup\u00f6yd\u00e4n \u00e4\u00e4relt\u00e4 on tietysti hyv\u00e4 rustailla t\u00e4mm\u00f6si\u00e4 tekstej\u00e4, toteaa yksi k\u00e4ytt\u00e4j\u00e4 viestipalvelu X:ss\u00e4 Meren oman <a class=\"underline underline-offset-[0.12em] [text-decoration-thickness:var(--generic-link-underline-thickness)] [text-decoration-color:var(--generic-link-underline-color)] [text-decoration-skip-ink:var(--generic-link-underline-skip-ink)] break-words\" href=\"https:\/\/x.com\/OttoMeri\/status\/2003909649675046982\" rel=\"nofollow\">julkaisun<\/a> alla.<\/p>\n<p class=\"article-body mb-nof-24 px-nof-16\">Kokoomuksen poliitikkoa my\u00f6t\u00e4ilev\u00e4t kommentit ovat selv\u00e4ss\u00e4 v\u00e4hemmist\u00f6ss\u00e4, mutta niit\u00e4kin l\u00f6ytyy esimerkiksi viestipalvelu X:st\u00e4.<\/p>\n<p class=\"article-body mb-nof-24 px-nof-16\">\u2013 Kellepp\u00e4 ei ilmainen jouluruoka kavereiden kanssa kelpaisi\u2026, kommentoi er\u00e4s Meren julkaisua.<\/p>\n<p class=\"article-body mb-nof-24 px-nof-16\">\u2013 Varmasti oli suurin osa aidosti apua tarvitsevia, vaan ehk\u00e4p\u00e4 joukossa oli heit\u00e4kin, joilla olisi ollut varaa ostaa ruokansa itse, mutta halusivat ilmaisen aterian joulujuhlassa yst\u00e4viens\u00e4 kanssa. Aivan kuten leip\u00e4jonoja k\u00e4ytet\u00e4\u00e4n osittain v\u00e4\u00e4rin. Aina l\u00f6ytyy ilmaisia etuja hamstraavia, jolloin aidot avuntarvitsijat j\u00e4\u00e4v\u00e4t ilman, totesi toinen.<\/p>\n<p><img decoding=\"async\" src=\"https:\/\/www.europesays.com\/fi\/wp-content\/uploads\/2025\/12\/1766770628_943_468.jpg\" alt=\"Hurstin joulujuhlassa jaettiin ruokakasseja ja tarjottiin ruokaa.\" class=\"_Img_1rerz_1\" style=\"aspect-ratio:1.7777777777777777\" loading=\"eager\"\/><\/p>\n<p class=\"article-picture-caption\">Hurstin joulujuhlassa jaettiin ruokakasseja ja tarjottiin ruokaa. Kuva:\u00a0Lassi Rinne<\/p>\n<p class=\"article-body mb-nof-24 px-nof-16\">Ilta-Sanomat tavoitti Otto Meren tapaninp\u00e4iv\u00e4n\u00e4. H\u00e4n sanoo, ett\u00e4 on saanut jonkin verran my\u00f6nteist\u00e4 palautetta kommenteistaan, mutta my\u00f6nt\u00e4\u00e4 palautteen enemmist\u00f6n olleen negatiivista. Kriittisen palautteen m\u00e4\u00e4r\u00e4 ja voimakkuus on yll\u00e4tt\u00e4nyt.<\/p>\n<p class=\"article-body mb-nof-24 px-nof-16\">\u2013 Ehk\u00e4 t\u00e4ss\u00e4 ammatissa tai omien mielipiteiden takia olen siihen [negatiiviseen palautteeseen] tottunut, ett\u00e4 sit\u00e4 tulee joskus enemm\u00e4n, joskus v\u00e4hemm\u00e4n. Sit\u00e4 tulee yleens\u00e4 juuri niilt\u00e4 ryhmilt\u00e4, vihervasemmistolta, jotka nyt sitten k\u00e4ytt\u00e4v\u00e4t n\u00e4it\u00e4 leip\u00e4jonoja t\u00e4h\u00e4n oman poliittisen agendansa ajamiseen, h\u00e4n sanoo.<\/p>\n<p class=\"article-body mb-nof-24 px-nof-16\">H\u00e4n sanoo korjaavansa tarvittaessa k\u00e4sityksi\u00e4\u00e4n paremman tiedon valossa.<\/p>\n<p class=\"article-body mb-nof-24 px-nof-16\">\u2013 Mutta kukaan ei ole viel\u00e4 tavallaan korjannut t\u00e4t\u00e4, ett\u00e4 olisin v\u00e4\u00e4r\u00e4ss\u00e4, vaan on haukuttu sitten jos jonkinmoisilla pilkkanimill\u00e4, Meri toteaa.<\/p>\n<p class=\"article-body mb-nof-24 px-nof-16\">Meren mukaan osa palautteesta on ollut asiatonta. Meri kertoo, ett\u00e4 h\u00e4nen s\u00e4hk\u00f6postiinsa on tilattu lukuisia aikuisviihteeseen ja raamattukerhoihin liittyvi\u00e4 uutiskirjeit\u00e4. Lis\u00e4ksi h\u00e4nest\u00e4 on tehty asiaton lastensuojeluilmoitus.<\/p>\n<p class=\"article-body mb-nof-24 px-nof-16\">Sinua oli nyt kritisoitu sosiaalisessa mediassa esimerkiksi empatian puutteesta, niin kykenetk\u00f6 asettumaan v\u00e4hempiosaisen ihmisen asemaan?<\/p>\n<p class=\"article-body mb-nof-24 px-nof-16\">\u2013 Sen verran pulaa ja puutetta olen omassa el\u00e4m\u00e4ss\u00e4ni kokenut, mit\u00e4 nyt en yleens\u00e4 halua pit\u00e4\u00e4 esill\u00e4. Henkil\u00f6kohtaisesti koen loukkaavana, ett\u00e4 kultalusikka suussa olisin syntynyt, kun eiv\u00e4t ihmiset tied\u00e4, ett\u00e4 mit\u00e4 t\u00e4ss\u00e4 nyt on kukin oman el\u00e4m\u00e4ns\u00e4 aikana joutunut kokemaan.<\/p>\n<p class=\"article-body mb-nof-24 px-nof-16\">\u2013 Ehk\u00e4 juuri ne omat oman el\u00e4m\u00e4n kokemukset ovat auttaneet ymm\u00e4rt\u00e4m\u00e4\u00e4n sit\u00e4 v\u00e4h\u00e4osaisten arkea ja tavallaan juuri sit\u00e4, ett\u00e4 miten heit\u00e4 voi auttaa ja miten heit\u00e4 ei pid\u00e4 auttaa.<\/p>\n<p class=\"article-body mb-nof-24 px-nof-16\">Mainitsit, ett\u00e4 sinullakin on ollut el\u00e4m\u00e4ss\u00e4 pulaa ja puutetta, niin haluatko v\u00e4h\u00e4n avata ett\u00e4 mink\u00e4laista?<\/p>\n<p class=\"article-body mb-nof-24 px-nof-16\">\u2013 Ei mulla ole tavallaan tarvetta ole enk\u00e4 halua julkisuudessa [siit\u00e4 puhua], mutta olen n\u00e4hnyt riitt\u00e4v\u00e4sti l\u00e4helt\u00e4 mit\u00e4 on k\u00f6yhyys ja siihen liittyv\u00e4t ilmi\u00f6t, ett\u00e4 ymm\u00e4rr\u00e4n mink\u00e4laista se on.<\/p>\n<p class=\"article-body mb-nof-24 px-nof-16\">\u2013 Enk\u00e4 haluaa omaa el\u00e4m\u00e4\u00e4 eli nostaa tapetille, vaan puhun noista leip\u00e4jonoista ja t\u00e4st\u00e4.<\/p>\n<p><img decoding=\"async\" src=\"https:\/\/www.europesays.com\/fi\/wp-content\/uploads\/2025\/12\/1766770629_500_468.jpg\" alt=\"Otto Meren mielest\u00e4 ruoka-avun suosion lis\u00e4\u00e4ntyminen ei johdu Orpon hallituksen tekemist\u00e4 leikkauksista.\" class=\"_Img_1rerz_1\" style=\"aspect-ratio:1.7777777777777777\" loading=\"eager\"\/><\/p>\n<p class=\"article-picture-caption\">Otto Meren mielest\u00e4 ruoka-avun suosion lis\u00e4\u00e4ntyminen ei johdu Orpon hallituksen tekemist\u00e4 leikkauksista. Kuva:\u00a0Outi Neuvonen<\/p>\n<p class=\"article-body mb-nof-24 px-nof-16\">Jos kykenet tosiaan asettumaan v\u00e4hempiosaisten ihmisten asemaan, niin miten se n\u00e4kyy omassa toiminnassasi?<\/p>\n<p class=\"article-body mb-nof-24 px-nof-16\">\u2013 Jos politiikasta puhutaan, niin haluan tehd\u00e4 semmoista politiikkaa, ett\u00e4 kaikilla on mahdollisuudet itse\u00e4\u00e4n kehitt\u00e4m\u00e4ll\u00e4 nousta ja tavoitella parempaa tulevaisuutta ja luoda sellaisen yhteiskunnan, miss\u00e4 ei ole kenell\u00e4k\u00e4\u00e4n tavallaan mahdollisuutta j\u00e4tt\u00e4yty\u00e4 muiden huollettaviksi.<\/p>\n<p class=\"article-body mb-nof-24 px-nof-16\">\u2013 Se asenne on valitettavan yleinen ja meid\u00e4n j\u00e4rjestelm\u00e4 mahdollistaa sen, ett\u00e4 pystyy tavallaan heitt\u00e4ytym\u00e4\u00e4n valtion huostaan eik\u00e4 kantamaan itse itsest\u00e4\u00e4n sit\u00e4 vastuuta.<\/p>\n<p class=\"article-body mb-nof-24 px-nof-16\">Olit sanonut, ett\u00e4 \u201dniin kauan kun tunnin jonottamisella saa 20 euron arvoisen ruokakassin, kannattaa teoriassa sellaista jonottaa jokaisen, jonka tuntipalkka on alle 30 euroa\u201d. Uskotko, ett\u00e4 ihmiset ovat n\u00e4in rationaalisia ja laskelmoivia toimijoita?<\/p>\n<p class=\"article-body mb-nof-24 px-nof-16\">\u2013 Kyll\u00e4 m\u00e4 uskon, koska ihmiset ovat fiksuja ja me ollaan fiksuimpia el\u00e4imi\u00e4. Siell\u00e4 on tuttuja t\u00f6iss\u00e4kin jakamassa ja heid\u00e4n kanssaan olen jutellut t\u00e4st\u00e4. Kyll\u00e4 he tiet\u00e4v\u00e4t, ett\u00e4 siell\u00e4 on toki sellaisia, jotka hakevat eri paikoista sen kassin, ja sitten niit\u00e4 p\u00e4\u00e4tyy v\u00e4lill\u00e4 myyt\u00e4v\u00e4ksikin ja muuta, Meri sanoo.<\/p>\n<p class=\"article-body mb-nof-24 px-nof-16\">Esimerkiksi Hurstin apu jakaa ruokaa kahdesti viikossa Helsingin Harjussa.<\/p>\n<p class=\"article-body mb-nof-24 px-nof-16\">Meri sanoo lopuksi, ett\u00e4 h\u00e4nen p\u00e4\u00e4pointtinsa ei ollut kritisoida k\u00f6yhi\u00e4 tai ruoka-apua jonottavia. H\u00e4n halusi painottaa kantaansa, jonka mukaan ruoka-avun suosion lis\u00e4\u00e4ntyminen ei johdu Orpon hallituksen tekemist\u00e4 toimista.<\/p>\n","protected":false},"excerpt":{"rendered":"Kokoomuspoliitikko Otto Meren Iltalehdelle antamat kommentit her\u00e4ttiv\u00e4t runsaasti kritiikki\u00e4. Lue tiivistelm\u00e4 Helsingin kaupunginvaltuutettu Otto Meri Kokoomuksesta on saanut&hellip;\n","protected":false},"author":2,"featured_media":126454,"comment_status":"","ping_status":"","sticky":false,"template":"","format":"standard","meta":{"footnotes":""},"categories":[5],"tags":[22,23,26,27,33,31,30,17,34,24,25,28,29,15,18,21,32,19,20,16],"class_list":{"0":"post-126453","1":"post","2":"type-post","3":"status-publish","4":"format-standard","5":"has-post-thumbnail","7":"category-otsikot","8":"tag-breaking-news","9":"tag-breakingnews","10":"tag-featured-news","11":"tag-featurednews","12":"tag-fi","13":"tag-finland","14":"tag-finnish","15":"tag-headlines","16":"tag-ilta-sanomat","17":"tag-latest-news","18":"tag-latestnews","19":"tag-main-news","20":"tag-mainnews","21":"tag-news","22":"tag-otsikot","23":"tag-paauutiset","24":"tag-suomi","25":"tag-top-stories","26":"tag-topstories","27":"tag-uutiset"},"share_on_mastodon":{"url":"https:\/\/pubeurope.com\/@fi\/115787087747918902","error":""},"_links":{"self":[{"href":"https:\/\/www.europesays.com\/fi\/wp-json\/wp\/v2\/posts\/126453","targetHints":{"allow":["GET"]}}],"collection":[{"href":"https:\/\/www.europesays.com\/fi\/wp-json\/wp\/v2\/posts"}],"about":[{"href":"https:\/\/www.europesays.com\/fi\/wp-json\/wp\/v2\/types\/post"}],"author":[{"embeddable":true,"href":"https:\/\/www.europesays.com\/fi\/wp-json\/wp\/v2\/users\/2"}],"replies":[{"embeddable":true,"href":"https:\/\/www.europesays.com\/fi\/wp-json\/wp\/v2\/comments?post=126453"}],"version-history":[{"count":0,"href":"https:\/\/www.europesays.com\/fi\/wp-json\/wp\/v2\/posts\/126453\/revisions"}],"wp:featuredmedia":[{"embeddable":true,"href":"https:\/\/www.europesays.com\/fi\/wp-json\/wp\/v2\/media\/126454"}],"wp:attachment":[{"href":"https:\/\/www.europesays.com\/fi\/wp-json\/wp\/v2\/media?parent=126453"}],"wp:term":[{"taxonomy":"category","embeddable":true,"href":"https:\/\/www.europesays.com\/fi\/wp-json\/wp\/v2\/categories?post=126453"},{"taxonomy":"post_tag","embeddable":true,"href":"https:\/\/www.europesays.com\/fi\/wp-json\/wp\/v2\/tags?post=126453"}],"curies":[{"name":"wp","href":"https:\/\/api.w.org\/{rel}","templated":true}]}}