{"id":126466,"date":"2025-12-26T18:04:11","date_gmt":"2025-12-26T18:04:11","guid":{"rendered":"https:\/\/www.europesays.com\/fi\/126466\/"},"modified":"2025-12-26T18:04:11","modified_gmt":"2025-12-26T18:04:11","slug":"kuusamolaisessa-huvilassa-syttyi-palo-ei-henkilovahinkoja","status":"publish","type":"post","link":"https:\/\/www.europesays.com\/fi\/126466\/","title":{"rendered":"Kuusamolaisessa huvilassa syttyi palo \u2013 Ei henkil\u00f6vahinkoja"},"content":{"rendered":"<p class=\"article__paragraph\">\n      Kuusamossa Veska-ahontiell\u00e4 syttyi palo huvilassa perjantaina 26. joulukuuta. P\u00e4ivyst\u00e4v\u00e4 palomestari Ari Virtanen kertoi perjantaina iltap\u00e4iv\u00e4ll\u00e4 nelj\u00e4n aikaan, ett\u00e4 tilanne oli saatu hallintaan, mutta savusukeltajat olivat edelleen t\u00f6iss\u00e4.\n    <\/p>\n<p class=\"article__paragraph\">\n      Iltap\u00e4iv\u00e4ll\u00e4 puoli kuuden aikaan h\u00e4n kertoi, ett\u00e4 palo on saatu sammutettuja. Syttymisen syyt\u00e4 ei ole tiedossa.\n    <\/p>\n<p class=\"article__paragraph\">\n      Palamaan syttynyt huvila oli syttymishetkell\u00e4 vuokrausk\u00e4yt\u00f6ss\u00e4.\n    <\/p>\n<p class=\"article__paragraph\">\n      Palosta ei aiheutunut henkil\u00f6vahinkoja.\n    <\/p>\n<p class=\"article__note\">\n      Uutisen p\u00e4ivitt\u00e4minen on lopetettu 26.12.2025 kello 17.26.\n    <\/p>\n","protected":false},"excerpt":{"rendered":"Kuusamossa Veska-ahontiell\u00e4 syttyi palo huvilassa perjantaina 26. joulukuuta. P\u00e4ivyst\u00e4v\u00e4 palomestari Ari Virtanen kertoi perjantaina iltap\u00e4iv\u00e4ll\u00e4 nelj\u00e4n aikaan, ett\u00e4&hellip;\n","protected":false},"author":2,"featured_media":126467,"comment_status":"","ping_status":"","sticky":false,"template":"","format":"standard","meta":{"footnotes":""},"categories":[12],"tags":[22,23,26,27,33,31,30,17,24,25,28,29,15,18,21,32,19,20,16],"class_list":{"0":"post-126466","1":"post","2":"type-post","3":"status-publish","4":"format-standard","5":"has-post-thumbnail","7":"category-suomi","8":"tag-breaking-news","9":"tag-breakingnews","10":"tag-featured-news","11":"tag-featurednews","12":"tag-fi","13":"tag-finland","14":"tag-finnish","15":"tag-headlines","16":"tag-latest-news","17":"tag-latestnews","18":"tag-main-news","19":"tag-mainnews","20":"tag-news","21":"tag-otsikot","22":"tag-paauutiset","23":"tag-suomi","24":"tag-top-stories","25":"tag-topstories","26":"tag-uutiset"},"share_on_mastodon":{"url":"https:\/\/pubeurope.com\/@fi\/115787193706132637","error":""},"_links":{"self":[{"href":"https:\/\/www.europesays.com\/fi\/wp-json\/wp\/v2\/posts\/126466","targetHints":{"allow":["GET"]}}],"collection":[{"href":"https:\/\/www.europesays.com\/fi\/wp-json\/wp\/v2\/posts"}],"about":[{"href":"https:\/\/www.europesays.com\/fi\/wp-json\/wp\/v2\/types\/post"}],"author":[{"embeddable":true,"href":"https:\/\/www.europesays.com\/fi\/wp-json\/wp\/v2\/users\/2"}],"replies":[{"embeddable":true,"href":"https:\/\/www.europesays.com\/fi\/wp-json\/wp\/v2\/comments?post=126466"}],"version-history":[{"count":0,"href":"https:\/\/www.europesays.com\/fi\/wp-json\/wp\/v2\/posts\/126466\/revisions"}],"wp:featuredmedia":[{"embeddable":true,"href":"https:\/\/www.europesays.com\/fi\/wp-json\/wp\/v2\/media\/126467"}],"wp:attachment":[{"href":"https:\/\/www.europesays.com\/fi\/wp-json\/wp\/v2\/media?parent=126466"}],"wp:term":[{"taxonomy":"category","embeddable":true,"href":"https:\/\/www.europesays.com\/fi\/wp-json\/wp\/v2\/categories?post=126466"},{"taxonomy":"post_tag","embeddable":true,"href":"https:\/\/www.europesays.com\/fi\/wp-json\/wp\/v2\/tags?post=126466"}],"curies":[{"name":"wp","href":"https:\/\/api.w.org\/{rel}","templated":true}]}}