{"id":126480,"date":"2025-12-26T18:30:10","date_gmt":"2025-12-26T18:30:10","guid":{"rendered":"https:\/\/www.europesays.com\/fi\/126480\/"},"modified":"2025-12-26T18:30:10","modified_gmt":"2025-12-26T18:30:10","slug":"mies-puukotti-kolmea-naista-pariisin-metrossa-ja-pakeni","status":"publish","type":"post","link":"https:\/\/www.europesays.com\/fi\/126480\/","title":{"rendered":"Mies puukotti kolmea naista Pariisin metrossa ja pakeni"},"content":{"rendered":"<p>Ranska|Naisten saamien vammojen vakavuudesta ei ollut heti tietoa. Poliisi ep\u00e4ilee teosta malilaistaustaista miest\u00e4.<\/p>\n<p class=\"article-body mb-nof-24 px-nof-16\">Mies puukotti kolmea naista Pariisin metrossa perjantaina alkuillasta Ranskan aikaa, <a class=\"underline underline-offset-[0.12em] [text-decoration-thickness:var(--generic-link-underline-thickness)] [text-decoration-color:var(--generic-link-underline-color)] [text-decoration-skip-ink:var(--generic-link-underline-skip-ink)] break-words\" href=\"https:\/\/www.leparisien.fr\/faits-divers\/paris-trois-femmes-poignardees-dans-le-metro-par-un-homme-26-12-2025-6SINKZU5ZNDAJNV5OBXLQJIMWE.php\" rel=\"nofollow noopener\" target=\"_blank\">kertovat<\/a> Le Parisien -lehti ja uutistoimisto AFP.<\/p>\n<p class=\"article-body mb-nof-24 px-nof-16\">Poliisin mukaan mies oli puukottanut naisia eri metroasemilla noin puolen tunnin aikaj\u00e4nteell\u00e4 ja paennut. Naisten saamien vammojen vakavuudesta ei heti ollut selvyytt\u00e4.<\/p>\n<p class=\"article-body mb-nof-24 px-nof-16\">Poliisi kertoo etsiv\u00e4ns\u00e4 ep\u00e4ilty\u00e4, joka on vuonna 2000 syntynyt malilaistaustainen mies.<\/p>\n","protected":false},"excerpt":{"rendered":"Ranska|Naisten saamien vammojen vakavuudesta ei ollut heti tietoa. Poliisi ep\u00e4ilee teosta malilaistaustaista miest\u00e4. Mies puukotti kolmea naista Pariisin&hellip;\n","protected":false},"author":2,"featured_media":96697,"comment_status":"","ping_status":"","sticky":false,"template":"","format":"standard","meta":{"footnotes":""},"categories":[14],"tags":[22,23,26,27,33,31,30,17,46,24,25,28,29,15,18,21,32,19,20,56,16,59,60,61],"class_list":{"0":"post-126480","1":"post","2":"type-post","3":"status-publish","4":"format-standard","5":"has-post-thumbnail","7":"category-ulkomaat","8":"tag-breaking-news","9":"tag-breakingnews","10":"tag-featured-news","11":"tag-featurednews","12":"tag-fi","13":"tag-finland","14":"tag-finnish","15":"tag-headlines","16":"tag-helsingin-sanomat","17":"tag-latest-news","18":"tag-latestnews","19":"tag-main-news","20":"tag-mainnews","21":"tag-news","22":"tag-otsikot","23":"tag-paauutiset","24":"tag-suomi","25":"tag-top-stories","26":"tag-topstories","27":"tag-ulkomaat","28":"tag-uutiset","29":"tag-world","30":"tag-world-news","31":"tag-worldnews"},"share_on_mastodon":{"url":"https:\/\/pubeurope.com\/@fi\/115787295923183678","error":""},"_links":{"self":[{"href":"https:\/\/www.europesays.com\/fi\/wp-json\/wp\/v2\/posts\/126480","targetHints":{"allow":["GET"]}}],"collection":[{"href":"https:\/\/www.europesays.com\/fi\/wp-json\/wp\/v2\/posts"}],"about":[{"href":"https:\/\/www.europesays.com\/fi\/wp-json\/wp\/v2\/types\/post"}],"author":[{"embeddable":true,"href":"https:\/\/www.europesays.com\/fi\/wp-json\/wp\/v2\/users\/2"}],"replies":[{"embeddable":true,"href":"https:\/\/www.europesays.com\/fi\/wp-json\/wp\/v2\/comments?post=126480"}],"version-history":[{"count":0,"href":"https:\/\/www.europesays.com\/fi\/wp-json\/wp\/v2\/posts\/126480\/revisions"}],"wp:featuredmedia":[{"embeddable":true,"href":"https:\/\/www.europesays.com\/fi\/wp-json\/wp\/v2\/media\/96697"}],"wp:attachment":[{"href":"https:\/\/www.europesays.com\/fi\/wp-json\/wp\/v2\/media?parent=126480"}],"wp:term":[{"taxonomy":"category","embeddable":true,"href":"https:\/\/www.europesays.com\/fi\/wp-json\/wp\/v2\/categories?post=126480"},{"taxonomy":"post_tag","embeddable":true,"href":"https:\/\/www.europesays.com\/fi\/wp-json\/wp\/v2\/tags?post=126480"}],"curies":[{"name":"wp","href":"https:\/\/api.w.org\/{rel}","templated":true}]}}