{"id":126481,"date":"2025-12-26T18:31:10","date_gmt":"2025-12-26T18:31:10","guid":{"rendered":"https:\/\/www.europesays.com\/fi\/126481\/"},"modified":"2025-12-26T18:31:10","modified_gmt":"2025-12-26T18:31:10","slug":"imatralla-tulipalo-vaarantalossa-etela-karjala","status":"publish","type":"post","link":"https:\/\/www.europesays.com\/fi\/126481\/","title":{"rendered":"Imatralla tulipalo V\u00e4\u00e4r\u00e4ntalossa | Etel\u00e4-Karjala"},"content":{"rendered":"<p>19:54\u2022P\u00e4ivitetty 19:55<\/p>\n<p class=\"aw-1gybjub aw-1p7kakr kEtdKx cEmitX yle__article__paragraph\">Imatralaisessa V\u00e4\u00e4r\u00e4ntalossa syttyi tulipalo yhdess\u00e4 hotellihuoneessa perjantaina iltaseitsem\u00e4n aikaan. Palo saatiin taltutettua, mutta pelastuslaitos aikoi valmistaa viel\u00e4, ettei se ole levinnyt kattoon.<\/p>\n<p class=\"aw-1gybjub aw-1p7kakr kEtdKx cEmitX yle__article__paragraph\">Pelastuslaitoksen mukaan Imatrankoskella sijaitseva hotelli oli tyhj\u00e4.<\/p>\n<p class=\"aw-1gybjub aw-1p7kakr kEtdKx cEmitX yle__article__paragraph\">V\u00e4\u00e4r\u00e4ntalo, joka on rakennettu vuonna 1940, on huonossa kunnossa. Osa siit\u00e4 on suojeltu.<\/p>\n<p class=\"aw-1gybjub aw-1p7kakr kEtdKx cEmitX yle__article__paragraph\">Imatran kaupunki <a class=\"aw-iao6s4 iHOxEa yle__article__link\" href=\"https:\/\/yle.fi\/a\/74-20191376?utm_source=social-media-share&amp;utm_medium=social&amp;utm_campaign=ylefiapp\" role=\"link\" rel=\"nofollow noopener\" target=\"_blank\">suunnittelee purkavansa<\/a> suojelemattomat osat.<\/p>\n","protected":false},"excerpt":{"rendered":"19:54\u2022P\u00e4ivitetty 19:55 Imatralaisessa V\u00e4\u00e4r\u00e4ntalossa syttyi tulipalo yhdess\u00e4 hotellihuoneessa perjantaina iltaseitsem\u00e4n aikaan. Palo saatiin taltutettua, mutta pelastuslaitos aikoi valmistaa&hellip;\n","protected":false},"author":2,"featured_media":126482,"comment_status":"","ping_status":"","sticky":false,"template":"","format":"standard","meta":{"footnotes":""},"categories":[12],"tags":[22,23,1302,26,27,33,31,30,17,736,24,25,28,29,15,837,18,21,32,19,20,1265,16],"class_list":{"0":"post-126481","1":"post","2":"type-post","3":"status-publish","4":"format-standard","5":"has-post-thumbnail","7":"category-suomi","8":"tag-breaking-news","9":"tag-breakingnews","10":"tag-etela-karjala","11":"tag-featured-news","12":"tag-featurednews","13":"tag-fi","14":"tag-finland","15":"tag-finnish","16":"tag-headlines","17":"tag-imatra","18":"tag-latest-news","19":"tag-latestnews","20":"tag-main-news","21":"tag-mainnews","22":"tag-news","23":"tag-onnettomuudet","24":"tag-otsikot","25":"tag-paauutiset","26":"tag-suomi","27":"tag-top-stories","28":"tag-topstories","29":"tag-tulipalot","30":"tag-uutiset"},"share_on_mastodon":{"url":"https:\/\/pubeurope.com\/@fi\/115787299906588754","error":""},"_links":{"self":[{"href":"https:\/\/www.europesays.com\/fi\/wp-json\/wp\/v2\/posts\/126481","targetHints":{"allow":["GET"]}}],"collection":[{"href":"https:\/\/www.europesays.com\/fi\/wp-json\/wp\/v2\/posts"}],"about":[{"href":"https:\/\/www.europesays.com\/fi\/wp-json\/wp\/v2\/types\/post"}],"author":[{"embeddable":true,"href":"https:\/\/www.europesays.com\/fi\/wp-json\/wp\/v2\/users\/2"}],"replies":[{"embeddable":true,"href":"https:\/\/www.europesays.com\/fi\/wp-json\/wp\/v2\/comments?post=126481"}],"version-history":[{"count":0,"href":"https:\/\/www.europesays.com\/fi\/wp-json\/wp\/v2\/posts\/126481\/revisions"}],"wp:featuredmedia":[{"embeddable":true,"href":"https:\/\/www.europesays.com\/fi\/wp-json\/wp\/v2\/media\/126482"}],"wp:attachment":[{"href":"https:\/\/www.europesays.com\/fi\/wp-json\/wp\/v2\/media?parent=126481"}],"wp:term":[{"taxonomy":"category","embeddable":true,"href":"https:\/\/www.europesays.com\/fi\/wp-json\/wp\/v2\/categories?post=126481"},{"taxonomy":"post_tag","embeddable":true,"href":"https:\/\/www.europesays.com\/fi\/wp-json\/wp\/v2\/tags?post=126481"}],"curies":[{"name":"wp","href":"https:\/\/api.w.org\/{rel}","templated":true}]}}