{"id":126495,"date":"2025-12-26T18:55:10","date_gmt":"2025-12-26T18:55:10","guid":{"rendered":"https:\/\/www.europesays.com\/fi\/126495\/"},"modified":"2025-12-26T18:55:10","modified_gmt":"2025-12-26T18:55:10","slug":"fortum-hankki-siivun-pirkanmaalle-tulevasta-tuulivoimasta","status":"publish","type":"post","link":"https:\/\/www.europesays.com\/fi\/126495\/","title":{"rendered":"Fortum hankki siivun Pirkanmaalle tulevasta tuulivoimasta"},"content":{"rendered":"<p>Valtionyhti\u00f6n omistukseen siirtyi Pirkanmaalta yksi suuri ja kaksi pient\u00e4 tuulivoimalahanketta.<\/p>\n<p class=\"article-body mb-nof-24 px-nof-16\">Valtionyhti\u00f6 Fortum ei ole aina osunut saksalaisten kanssa nappiin. Energiayhti\u00f6 Uniperin ostosta Fortumille koitui l\u00e4hes kuuden miljardin euron tappio, kun se joutui myym\u00e4\u00e4n pakkoraossa omistuksensa Saksan valtiolle vuonna 2022. Siin\u00e4 meni pieleen kaikki.<\/p>\n<p class=\"article-body mb-nof-24 px-nof-16\">Saksalaisten kanssa touhutaan taas, mutta fossiilienergia on vaihtunut uusiutuvaan ja riskit murto-osaan. Fortum tiedotti marraskuun lopussa saaneensa valmiiksi kaupan ABO Energyn kanssa t\u00e4m\u00e4n noin 4\u202f400 megawatin maatuulivoiman hankkeista. Fortum maksoi 42 miljoonaa euroa 29 kohteesta Suomessa, siis suunnitelmista.<\/p>\n<p class=\"article-body mb-nof-24 px-nof-16\">Mik\u00e4li voimaloita p\u00e4\u00e4tet\u00e4\u00e4n rakentaa, pit\u00e4\u00e4 kukkaroa kaivaa lis\u00e4\u00e4 ja lopullinen kokonaishinta voi olla 65 miljoonaa euroa. Kauppahetkell\u00e4 ei ollut tehty yht\u00e4\u00e4n investointip\u00e4\u00e4t\u00f6st\u00e4. Fortumin mukaan investointip\u00e4\u00e4t\u00f6kset riippuvat erityisesti teollisuuden s\u00e4hk\u00f6n kysynn\u00e4n kehityksest\u00e4.<\/p>\n<p class=\"article-body mb-nof-24 px-nof-16\">Myyj\u00e4n eli ABO Energyn mukaan kansainv\u00e4listen sijoittajien kiinnostus suomalaiseen tuulivoimaan on v\u00e4hentynyt heikentyneen kannattavuuden takia. Ensi vuonna Suomeen ei pitk\u00e4st\u00e4 aikaa valmistu yht\u00e4\u00e4n tuulivoimalaa. Mist\u00e4\u00e4n paniikkimyynnist\u00e4 t\u00e4ss\u00e4 ei kuitenkaan ollut kyse, sill\u00e4 saksalaisyhti\u00f6 toimii n\u00e4in: myy suunnitelmat, ellei rakenna itse ja myy sitten.<\/p>\n<p class=\"article-body mb-nof-24 px-nof-16\">Lue lis\u00e4\u00e4: <a class=\"underline underline-offset-[0.12em] [text-decoration-thickness:var(--generic-link-underline-thickness)] [text-decoration-color:var(--generic-link-underline-color)] [text-decoration-skip-ink:var(--generic-link-underline-skip-ink)] break-words\" href=\"https:\/\/www.aamulehti.fi\/talous\/art-2000010144246.html\" rel=\"nofollow noopener\" target=\"_blank\">Saksalaisyhti\u00f6 rakentaa Suomessa tuulivoimaloita pelk\u00e4st\u00e4\u00e4n myyntiin \u2013 T\u00e4llaisia suunnitelmia sill\u00e4 on Pirkanmaalla<\/a><\/p>\n<p class=\"article-body mb-nof-24 px-nof-16\">Fortumin kanssa tehty kauppa ulottuu my\u00f6s Pirkanmaalle. Valtionyhti\u00f6lle siirtyv\u00e4t saksalaiselta suurin eli enint\u00e4\u00e4n 27 tuulivoimalan Myyr\u00e4nkangas Kihni\u00f6ss\u00e4 ja Virroilla, yhdeks\u00e4n voimalan M\u00e4ntykangas Parkanossa ja Kurikassa ja nelj\u00e4\u00e4n voimalaan kutistunut Murskem\u00e4ki Ruovedelt\u00e4. Kolme hanketta maakunnassa on my\u00f6s Eurowind Energyll\u00e4, Ilmatar Energyll\u00e4 viel\u00e4 yksi enemm\u00e4n.<\/p>\n<p class=\"article-body mb-nof-24 px-nof-16\">Fortumin ostamista kohteista Murskem\u00e4ki kuuluu viiden muun tuulivoimahankkeen tavoin joukkoon, joka ei sijoitu Pirkanmaan vaihemaakuntakaavassa mahdollisiin tuulivoima-alueisiin. Niit\u00e4 koskee siten alueidenk\u00e4ytt\u00f6lain uudistus, josta hallitus antaa alkuvuonna esityksen. Laki m\u00e4\u00e4r\u00e4\u00e4 tuulivoimaloille 1,25 kilometrin v\u00e4himm\u00e4iset\u00e4isyyden asutukseen. Pyk\u00e4l\u00e4 ei koske jo rakennettuja kohteita ja siit\u00e4 voidaan poiketa asuinkiinteist\u00f6jen omistajien m\u00e4\u00e4r\u00e4enemmist\u00f6ll\u00e4.<\/p>\n<p class=\"article-body mb-nof-24 px-nof-16\">Tuuli- ja aurinkovoimayhti\u00f6it\u00e4 edustava Suomen Uusiutuvat ry moittii uutta lakia ja v\u00e4itt\u00e4\u00e4 sen sulkevan pois suuren osan Etel\u00e4-Suomen mahdollisista tuulivoima-alueista. Ainakin Pirkanmaalla lain vaikutukset j\u00e4\u00e4v\u00e4t v\u00e4hiin. Nykyinen 40 desibelin meluraja on rajoittanut voimalasijoittelua suunnilleen saman verran. Nyt odotellaan Kuhmoisten Karij\u00e4rven hankkeen ymp\u00e4rist\u00f6vaikutusten arviointia siit\u00e4, miten 8\u201310 tuulivoimalaa sopisivat parin kilometrin p\u00e4\u00e4h\u00e4n kunnan keskustasta.<\/p>\n","protected":false},"excerpt":{"rendered":"Valtionyhti\u00f6n omistukseen siirtyi Pirkanmaalta yksi suuri ja kaksi pient\u00e4 tuulivoimalahanketta. Valtionyhti\u00f6 Fortum ei ole aina osunut saksalaisten kanssa&hellip;\n","protected":false},"author":2,"featured_media":126496,"comment_status":"","ping_status":"","sticky":false,"template":"","format":"standard","meta":{"footnotes":""},"categories":[76],"tags":[157,79,77,33,31,30,32,78],"class_list":{"0":"post-126495","1":"post","2":"type-post","3":"status-publish","4":"format-standard","5":"has-post-thumbnail","7":"category-talous","8":"tag-aamulehti","9":"tag-business","10":"tag-economy","11":"tag-fi","12":"tag-finland","13":"tag-finnish","14":"tag-suomi","15":"tag-talous"},"share_on_mastodon":{"url":"https:\/\/pubeurope.com\/@fi\/115787394171112529","error":""},"_links":{"self":[{"href":"https:\/\/www.europesays.com\/fi\/wp-json\/wp\/v2\/posts\/126495","targetHints":{"allow":["GET"]}}],"collection":[{"href":"https:\/\/www.europesays.com\/fi\/wp-json\/wp\/v2\/posts"}],"about":[{"href":"https:\/\/www.europesays.com\/fi\/wp-json\/wp\/v2\/types\/post"}],"author":[{"embeddable":true,"href":"https:\/\/www.europesays.com\/fi\/wp-json\/wp\/v2\/users\/2"}],"replies":[{"embeddable":true,"href":"https:\/\/www.europesays.com\/fi\/wp-json\/wp\/v2\/comments?post=126495"}],"version-history":[{"count":0,"href":"https:\/\/www.europesays.com\/fi\/wp-json\/wp\/v2\/posts\/126495\/revisions"}],"wp:featuredmedia":[{"embeddable":true,"href":"https:\/\/www.europesays.com\/fi\/wp-json\/wp\/v2\/media\/126496"}],"wp:attachment":[{"href":"https:\/\/www.europesays.com\/fi\/wp-json\/wp\/v2\/media?parent=126495"}],"wp:term":[{"taxonomy":"category","embeddable":true,"href":"https:\/\/www.europesays.com\/fi\/wp-json\/wp\/v2\/categories?post=126495"},{"taxonomy":"post_tag","embeddable":true,"href":"https:\/\/www.europesays.com\/fi\/wp-json\/wp\/v2\/tags?post=126495"}],"curies":[{"name":"wp","href":"https:\/\/api.w.org\/{rel}","templated":true}]}}