{"id":126514,"date":"2025-12-26T19:23:07","date_gmt":"2025-12-26T19:23:07","guid":{"rendered":"https:\/\/www.europesays.com\/fi\/126514\/"},"modified":"2025-12-26T19:23:07","modified_gmt":"2025-12-26T19:23:07","slug":"ulkomaalainen-toimittaja-todisti-vaikuttavaa-nakya-suomen-lapissa","status":"publish","type":"post","link":"https:\/\/www.europesays.com\/fi\/126514\/","title":{"rendered":"Ulkomaalainen toimittaja todisti vaikuttavaa n\u00e4ky\u00e4 Suomen Lapissa"},"content":{"rendered":"<p>Somessa suosiota niitt\u00e4neell\u00e4 videolla n\u00e4ytet\u00e4\u00e4n, miten Suomi harjoittelee puolustautumaan.<\/p>\n<p class=\"article-body mb-nof-24 px-nof-16\">Yhdysvaltalaismedia <a class=\"underline underline-offset-[0.12em] [text-decoration-thickness:var(--generic-link-underline-thickness)] [text-decoration-color:var(--generic-link-underline-color)] [text-decoration-skip-ink:var(--generic-link-underline-skip-ink)] break-words\" href=\"https:\/\/edition.cnn.com\/2025\/12\/23\/world\/video\/finland-ukraine-russia-war-vrtc-ldn-digvid\" rel=\"nofollow noopener\" target=\"_blank\">CNN<\/a> on vieraillut Lapissa ja raportoi muun muassa suomalaisten sotaharjoituksesta arktisissa olosuhteissa.<\/p>\n<p class=\"article-body mb-nof-24 px-nof-16\">Uutissivusto on julkaissut visiitist\u00e4 videon, joka on saavuttanut nopeasti laajaa suosiota sosiaalisessa mediassa.<\/p>\n<p class=\"article-body mb-nof-24 px-nof-16\">Toimittaja <a class=\"article-personlink\" href=\"https:\/\/www.is.fi\/haku\/?query=Isobel%20Yeungin\" rel=\"nofollow noopener\" target=\"_blank\">Isobel Yeungin<\/a> mukaan video on kuvattu noin nelj\u00e4nkymmenen kilometrin p\u00e4\u00e4ss\u00e4 Ven\u00e4j\u00e4n rajalta.<\/p>\n<p class=\"article-body mb-nof-24 px-nof-16\">\u2013 Olemme Euroopan unionin pohjoisimmissa osissa. Lapin rajavartiolaitos harjoittelee t\u00e4\u00e4ll\u00e4, vaikka olosuhteet ovat \u00e4\u00e4rimm\u00e4isen rankat, h\u00e4n kertoo.<\/p>\n<p class=\"article-body mb-nof-24 px-nof-16\">Videolla n\u00e4ytet\u00e4\u00e4n lumista ja talvista Lapin maisemaa. Kamera seuraa muun muassa ampumaharjoituksia sek\u00e4 varusmiesten etenemist\u00e4 hyyt\u00e4v\u00e4ss\u00e4 hangessa.<\/p>\n<p class=\"article-body mb-nof-24 px-nof-16\">\u2013 T\u00e4m\u00e4 on hyvin vaikea toimintaymp\u00e4rist\u00f6, Yeung toteaa.<\/p>\n<p class=\"article-body mb-nof-24 px-nof-16\">Videolla haastatellaan my\u00f6s Lapin rajavartioston apulaiskomentaja <a class=\"article-personlink\" href=\"https:\/\/www.is.fi\/haku\/?query=Mikko%20Kauppilaa\" rel=\"nofollow noopener\" target=\"_blank\">Mikko Kauppilaa<\/a>. H\u00e4n kertoo, ett\u00e4 suurin haaste harjoituksessa on pysy\u00e4 l\u00e4mpim\u00e4n\u00e4.<\/p>\n<p class=\"article-body mb-nof-24 px-nof-16\">\u2013 L\u00e4mp\u00f6tila voi vajota nelj\u00e4\u00e4nkymmeneen miinusasteeseen, h\u00e4n kertoo.<\/p>\n<p class=\"article-body mb-nof-24 px-nof-16\">Kauppila sanoo toimittajalle, ett\u00e4 sotaan varautumisen tarve on kasvanut sen j\u00e4lkeen, kun Ven\u00e4j\u00e4 aloitti t\u00e4ysimittaisen hy\u00f6kk\u00e4yssodan Ukrainaan vuonna 2022.<\/p>\n<p class=\"article-body mb-nof-24 px-nof-16\">\u2013 Emme ole huolissamme, seuraamme tilannetta ja olemme hyvin varautuneita, Kauppila toteaa videolla.<\/p>\n<p class=\"article-body mb-nof-24 px-nof-16\">CNN:n jakama video on levinnyt parissa p\u00e4iv\u00e4ss\u00e4 viraaliksi ja ker\u00e4nnyt laajaa huomiota useilla eri somealustoilla, kuten Tiktokissa, Instagramissa ja Facebookissa.<\/p>\n<p class=\"article-body mb-nof-24 px-nof-16\">Monet ihmiset hehkuttavat suomalaisten varautumisen tasoa.<\/p>\n<p class=\"article-body mb-nof-24 px-nof-16\">\u2013 Suomi on aina varautunut pahimpaan. Kylm\u00e4sti, rauhallisesti ja suurella m\u00e4\u00e4r\u00e4ll\u00e4 sisua, er\u00e4s kommentoi englanniksi Instagramissa.<\/p>\n<p class=\"article-body mb-nof-24 px-nof-16\">\u2013 Toivottavasti ei tule uutta sotaa, yksi kirjoittaa.<\/p>\n<p class=\"article-body mb-nof-24 px-nof-16\">\u2013 Suomalaiset sotilaat ovat hyvin koulutettuja, Facebookissa tuumaillaan englanniksi ja h\u00e4mm\u00e4stell\u00e4\u00e4n Lapin kylmi\u00e4 olosuhteita.<\/p>\n<p class=\"article-body mb-nof-24 px-nof-16\">\u2013 Nyt ymm\u00e4rr\u00e4n v\u00e4h\u00e4n enemm\u00e4n miksi suomalaisilla on hyvin sis\u00e4\u00e4np\u00e4in k\u00e4\u00e4ntynyt, hiljainen ja rauhallinen kulttuuri. Jos n\u00e4iss\u00e4 olosuhteissa pit\u00e4\u00e4 selviyty\u00e4, ei todellakaan halua kuluttaa enemp\u00e4\u00e4 energiaa kuin on tarpeen.<\/p>\n<p class=\"article-body mb-nof-24 px-nof-16\">\u2013 <a class=\"article-personlink\" href=\"https:\/\/www.is.fi\/haku\/?query=Simo%20H%C3%A4yh%C3%A4\" rel=\"nofollow noopener\" target=\"_blank\">Simo H\u00e4yh\u00e4<\/a> olisi ylpe\u00e4, joku kirjoittaa englanniksi viitaten kuuluun suomalaiseen tarkka-ampujaan.<\/p>\n<p class=\"article-body mb-nof-24 px-nof-16\">Monet kommentoivat videota vain yhdell\u00e4, trendikk\u00e4\u00e4ll\u00e4 suomen kielen sanalla: sisu.<\/p>\n<p class=\"article-body mb-nof-24 px-nof-16\">Marraskuussa brittilehti <a class=\"underline underline-offset-[0.12em] [text-decoration-thickness:var(--generic-link-underline-thickness)] [text-decoration-color:var(--generic-link-underline-color)] [text-decoration-skip-ink:var(--generic-link-underline-skip-ink)] break-words\" href=\"https:\/\/www.economist.com\/europe\/2025\/10\/30\/the-finnish-lifestyle-philosophy-that-could-save-europe\" rel=\"nofollow noopener\" target=\"_blank\">The Economist<\/a> nosti artikkelissaan suomalaisen sisun ominaisuudeksi, jota koko muu Eurooppa sen mielest\u00e4 tarvitsisi.<\/p>\n<p class=\"article-body mb-nof-24 px-nof-16\">Lehti m\u00e4\u00e4ritteli sisun suomalaiseksi el\u00e4m\u00e4nfilosofiaksi, joka korostaa sis\u00e4ist\u00e4 voimaa, sinnikkyytt\u00e4 ja p\u00e4\u00e4tt\u00e4v\u00e4ist\u00e4 asennetta vastoink\u00e4ymisi\u00e4 kohtaan.<\/p>\n<p class=\"article-body mb-nof-24 px-nof-16\">Vaikka Ukrainan sota on k\u00e4ynniss\u00e4 ja Suomi sijaitsee l\u00e4hell\u00e4 Ven\u00e4j\u00e4n rajaa, eiv\u00e4t suomalaiset tunne itse\u00e4\u00e4n avuttomiksi tai masentuneiksi, vaan saattaisivat vain sanoa, ett\u00e4 tarvitaan lis\u00e4\u00e4 sisua, lehti kuvaili.<\/p>\n","protected":false},"excerpt":{"rendered":"Somessa suosiota niitt\u00e4neell\u00e4 videolla n\u00e4ytet\u00e4\u00e4n, miten Suomi harjoittelee puolustautumaan. Yhdysvaltalaismedia CNN on vieraillut Lapissa ja raportoi muun muassa&hellip;\n","protected":false},"author":2,"featured_media":126515,"comment_status":"","ping_status":"","sticky":false,"template":"","format":"standard","meta":{"footnotes":""},"categories":[12],"tags":[22,23,26,27,33,31,30,17,34,24,25,28,29,15,18,21,32,19,20,16],"class_list":{"0":"post-126514","1":"post","2":"type-post","3":"status-publish","4":"format-standard","5":"has-post-thumbnail","7":"category-suomi","8":"tag-breaking-news","9":"tag-breakingnews","10":"tag-featured-news","11":"tag-featurednews","12":"tag-fi","13":"tag-finland","14":"tag-finnish","15":"tag-headlines","16":"tag-ilta-sanomat","17":"tag-latest-news","18":"tag-latestnews","19":"tag-main-news","20":"tag-mainnews","21":"tag-news","22":"tag-otsikot","23":"tag-paauutiset","24":"tag-suomi","25":"tag-top-stories","26":"tag-topstories","27":"tag-uutiset"},"share_on_mastodon":{"url":"https:\/\/pubeurope.com\/@fi\/115787504356313546","error":""},"_links":{"self":[{"href":"https:\/\/www.europesays.com\/fi\/wp-json\/wp\/v2\/posts\/126514","targetHints":{"allow":["GET"]}}],"collection":[{"href":"https:\/\/www.europesays.com\/fi\/wp-json\/wp\/v2\/posts"}],"about":[{"href":"https:\/\/www.europesays.com\/fi\/wp-json\/wp\/v2\/types\/post"}],"author":[{"embeddable":true,"href":"https:\/\/www.europesays.com\/fi\/wp-json\/wp\/v2\/users\/2"}],"replies":[{"embeddable":true,"href":"https:\/\/www.europesays.com\/fi\/wp-json\/wp\/v2\/comments?post=126514"}],"version-history":[{"count":0,"href":"https:\/\/www.europesays.com\/fi\/wp-json\/wp\/v2\/posts\/126514\/revisions"}],"wp:featuredmedia":[{"embeddable":true,"href":"https:\/\/www.europesays.com\/fi\/wp-json\/wp\/v2\/media\/126515"}],"wp:attachment":[{"href":"https:\/\/www.europesays.com\/fi\/wp-json\/wp\/v2\/media?parent=126514"}],"wp:term":[{"taxonomy":"category","embeddable":true,"href":"https:\/\/www.europesays.com\/fi\/wp-json\/wp\/v2\/categories?post=126514"},{"taxonomy":"post_tag","embeddable":true,"href":"https:\/\/www.europesays.com\/fi\/wp-json\/wp\/v2\/tags?post=126514"}],"curies":[{"name":"wp","href":"https:\/\/api.w.org\/{rel}","templated":true}]}}