{"id":126520,"date":"2025-12-26T19:36:07","date_gmt":"2025-12-26T19:36:07","guid":{"rendered":"https:\/\/www.europesays.com\/fi\/126520\/"},"modified":"2025-12-26T19:36:07","modified_gmt":"2025-12-26T19:36:07","slug":"martina-aitolehden-katsoo-tiukasti-tulevaan-mun-mantra","status":"publish","type":"post","link":"https:\/\/www.europesays.com\/fi\/126520\/","title":{"rendered":"Martina Aitolehden katsoo tiukasti tulevaan: &#8221;Mun mantra&#8230;&#8221;"},"content":{"rendered":"<p>\n            20241216 KARJAA. Anni Uusivirta, h\u00e4\u00e4t. Martina Aitolehti. KUVA: ATTE KAJOVA<br \/>\n            ATTE KAJOVA\n        <\/p>\n<p class=\"subtitle \">Somevaikuttajana ja hyvinvointivalmentajana tunnettu Martina on siirt\u00e4nyt katseensa tiukasti tulevaisuuteen.<\/p>\n<p class=\"article-content article-content-width !bg-background\">Hyvinvointivalmentaja  ei t\u00e4hy\u00e4 taustapeiliin. Sen sijaan h\u00e4nen silm\u00e4ns\u00e4 katsovat keskittyneesti tuulilasiin. Mediapersoona julkaisi eilen (25.12.) <a href=\"https:\/\/www.instagram.com\/martinaaitolehtiofficial\/\" aria-label=\"Martina Aitolehden Instagram\" target=\"_blank\" rel=\"nofollow noopener\">Instagramissaan<\/a> p\u00e4ivityksen, jossa h\u00e4n avaa aatoksiaan tulevalle vuodelle.<\/p>\n<p>        <a itemprop=\"url\" href=\"https:\/\/www.seiska.fi\/kotimaa\/martina-aitolehti-ja-erikoisjoukot-matias-petaisto-viihtyvat-yhdessa\/1999077\" rel=\"nofollow noopener\" target=\"_blank\"><\/p>\n<p>\nMartina Aitolehti ja Matias Pet\u00e4ist\u00f6\n<\/p>\n<p class=\"section-date\">\n        <strong class=\"article-section\" data-section=\"kotimaa\"><br \/>\n            kotimaa<br \/>\n        <\/strong><br \/>\n        22.11. 07:00\n    <\/p>\n<p>Martina Aitolehti ja Erikoisjoukot-Matias Pet\u00e4ist\u00f6 viihtyv\u00e4t yhdess\u00e4\n    <\/p>\n<p itemprop=\"description\" class=\"subtitle \">\n    Matina ja Matias kertovat isosta uutisesta sosiaalisessa mediassa.\n<\/p>\n<p>        <\/a><\/p>\n<p class=\"article-content article-content-width !bg-background\"><b>Video: Martinan tumman tyylik\u00e4s \u00f6kyarkityyli!<\/b><\/p>\n<p class=\"article-content article-content-width !bg-background\">P\u00e4ivitys sis\u00e4lt\u00e4\u00e4 videon, jossa Martina pulahtaa hyiseen veteen.<\/p>\n<p class=\"article-content article-content-width !bg-background\">Katse kiinnittyy kuitenkin ennen kaikkea julkaisun kuvatekstiin, jossa h\u00e4n kirjoitaa, miten aikoo kohdata tulevan vuoden.<\/p>\n<p>&#8221;Mun mantra vuodelle 2026&#8221;<\/p>\n<p>        <a itemprop=\"url\" href=\"https:\/\/www.seiska.fi\/kotimaa\/martina-aitolehdelta-ja-matias-petaistolta-ilouutinen\/2000958\" rel=\"nofollow noopener\" target=\"_blank\"><\/p>\n<p>\nMartina Aitolehti &amp; Matias Pet\u00e4ist\u00f6\n<\/p>\n<p class=\"section-date\">\n        <strong class=\"article-section\" data-section=\"kotimaa\"><br \/>\n            kotimaa<br \/>\n        <\/strong><br \/>\n        23.11. 07:30\n    <\/p>\n<p>Martina Aitolehdelt\u00e4 ja Matias Pet\u00e4ist\u00f6lt\u00e4 ilouutinen\n    <\/p>\n<p itemprop=\"description\" class=\"subtitle \">\n    Tunnetut hyvinvointivalmentajat Martina Aitolehti ja Matias Pet\u00e4ist\u00f6 osallistuivat Hyrox simulaatio-kilpailuun ja voittivat sarjansa.\n<\/p>\n<p>        <\/a><\/p>\n<p class=\"article-content article-content-width !bg-background\">P\u00e4ivityksen kuvatekstiss\u00e4 Martina toteaa, ett\u00e4 viritt\u00e4ytyminen tulevaan kannattaa aloittaa jo nyt.<\/p>\n<p class=\"article-content article-content-width !bg-background\"> \u2013\u00a0Mun mantra menee n\u00e4in: \u201dVuosi 2026 \u2014ole armollinen, mutta \u00e4l\u00e4 s\u00e4\u00e4stele. Anna terveytt\u00e4 kehoon,rakkautta syd\u00e4meen, iloa arkeen, onnistumisia tekoihin ja menestyst\u00e4, joka tuntuu ja n\u00e4kyy.\u201d\u00a0 Martina kirjoittaa.<\/p>\n<p class=\"article-content article-content-width !bg-background\">Martinan seuraajat ovat j\u00e4tt\u00e4neet julkaisun kommenttikentt\u00e4\u00e4n julkaisun sis\u00e4lt\u00f6\u00f6n yhtyvi\u00e4 kommentteja liekki- ja syd\u00e4n-emojien muodossa.<\/p>\n<p>Vaihtoi maisemaa<\/p>\n<p class=\"article-content article-content-width !bg-background\">Seiska kertoi Martinan siirtyneen joulukuussa lomalle Levin maisemiin. Majapaikkanaan h\u00e4nell\u00e4 oli m\u00f6kki, josta sai pulittaa hulppeaa 243 euron vuorokausivuokraa.<\/p>\n<p>        <a itemprop=\"url\" href=\"https:\/\/www.seiska.fi\/kotimaa\/martina-aitolehdelta-hyytava-paljastus\/2022186\" rel=\"nofollow noopener\" target=\"_blank\"><\/p>\n<p>\nYksi asia her\u00e4tt\u00e4\u00e4 huomiota\n<\/p>\n<p class=\"section-date\">\n        <strong class=\"article-section\" data-section=\"kotimaa\"><br \/>\n            kotimaa<br \/>\n        <\/strong><br \/>\n        15.12. 12:56\n    <\/p>\n<p>Martina Aitolehdelt\u00e4 hyyt\u00e4v\u00e4 paljastus\n    <\/p>\n<p itemprop=\"description\" class=\"subtitle \">\n    Ulostuloa voisi olosuhteiden vuoksi kutsua my\u00f6s j\u00e4\u00e4t\u00e4v\u00e4ksi.\n<\/p>\n<p>        <\/a><\/p>\n<p class=\"article-content article-content-width !bg-background\">Sittemmin h\u00e4n on <a href=\"https:\/\/www.instagram.com\/p\/DSqFcepCnL9\/?img_index=7\" aria-label=\"Julkaisu jouluaattona\" target=\"_blank\" rel=\"nofollow noopener\">somep\u00e4ivitystens\u00e4<\/a> perusteella nauttinut ainakin er\u00e4\u00e4n Rantasalmella sijaitsevan kylpyl\u00e4-hotellin palveluista.<\/p>\n<p class=\"article-content article-content-width !bg-background\">Aktiivisen Martinan tyylille uskollisesti h\u00e4n on viett\u00e4nyt aikaa reippaillen, mutta muistanut my\u00f6s rentoutua\u00a0\u2013 palautuminenhan on tunnetusti kaiken a ja o.<\/p>\n<p><script async src=\"\/\/www.instagram.com\/embed.js\"><\/script><\/p>\n","protected":false},"excerpt":{"rendered":"20241216 KARJAA. Anni Uusivirta, h\u00e4\u00e4t. Martina Aitolehti. KUVA: ATTE KAJOVA ATTE KAJOVA Somevaikuttajana ja hyvinvointivalmentajana tunnettu Martina on&hellip;\n","protected":false},"author":2,"featured_media":126521,"comment_status":"","ping_status":"","sticky":false,"template":"","format":"standard","meta":{"footnotes":""},"categories":[136],"tags":[407,137,33,31,30,9835,408,1568,2878,32,109,22470],"class_list":{"0":"post-126520","1":"post","2":"type-post","3":"status-publish","4":"format-standard","5":"has-post-thumbnail","7":"category-julkkikset","8":"tag-celebrities","9":"tag-entertainment","10":"tag-fi","11":"tag-finland","12":"tag-finnish","13":"tag-hyvinvointivalmentaja","14":"tag-julkkikset","15":"tag-levi","16":"tag-martina-aitolehti","17":"tag-suomi","18":"tag-viihde","19":"tag-vuosi-2026"},"share_on_mastodon":{"url":"https:\/\/pubeurope.com\/@fi\/115787555326163129","error":""},"_links":{"self":[{"href":"https:\/\/www.europesays.com\/fi\/wp-json\/wp\/v2\/posts\/126520","targetHints":{"allow":["GET"]}}],"collection":[{"href":"https:\/\/www.europesays.com\/fi\/wp-json\/wp\/v2\/posts"}],"about":[{"href":"https:\/\/www.europesays.com\/fi\/wp-json\/wp\/v2\/types\/post"}],"author":[{"embeddable":true,"href":"https:\/\/www.europesays.com\/fi\/wp-json\/wp\/v2\/users\/2"}],"replies":[{"embeddable":true,"href":"https:\/\/www.europesays.com\/fi\/wp-json\/wp\/v2\/comments?post=126520"}],"version-history":[{"count":0,"href":"https:\/\/www.europesays.com\/fi\/wp-json\/wp\/v2\/posts\/126520\/revisions"}],"wp:featuredmedia":[{"embeddable":true,"href":"https:\/\/www.europesays.com\/fi\/wp-json\/wp\/v2\/media\/126521"}],"wp:attachment":[{"href":"https:\/\/www.europesays.com\/fi\/wp-json\/wp\/v2\/media?parent=126520"}],"wp:term":[{"taxonomy":"category","embeddable":true,"href":"https:\/\/www.europesays.com\/fi\/wp-json\/wp\/v2\/categories?post=126520"},{"taxonomy":"post_tag","embeddable":true,"href":"https:\/\/www.europesays.com\/fi\/wp-json\/wp\/v2\/tags?post=126520"}],"curies":[{"name":"wp","href":"https:\/\/api.w.org\/{rel}","templated":true}]}}