{"id":126522,"date":"2025-12-26T19:39:11","date_gmt":"2025-12-26T19:39:11","guid":{"rendered":"https:\/\/www.europesays.com\/fi\/126522\/"},"modified":"2025-12-26T19:39:11","modified_gmt":"2025-12-26T19:39:11","slug":"illalla-tvssa-ennen-kaikki-oli-paremmin-ainakin-hulvattoman-suomi-komedian-mukaan","status":"publish","type":"post","link":"https:\/\/www.europesays.com\/fi\/126522\/","title":{"rendered":"Illalla tv:ss\u00e4: Ennen kaikki oli paremmin \u2013 ainakin hulvattoman Suomi-komedian mukaan"},"content":{"rendered":"<p>Illan tv-tarjonnassa viihdytt\u00e4\u00e4 kaikkien tuntema j\u00e4\u00e4r\u00e4, kun Mielens\u00e4pahoittaja (2014) putkahtaa ruutuihin. Se valittiin vuoden 2014 Toronton elokuvajuhlien Contemporary World Cinema -sarjaan, ja se oli Suomen ehdokas Golden Globe -palkinnon saajaksi parhaassa ulkomaisen elokuvan kategoriassa.<\/p>\n<p><strong>Tuomas Kyr\u00f6n<\/strong> suosittuun romaaniin perustuva draamakomedia vie meid\u00e4t yrme\u00e4n is\u00e4nn\u00e4n matkassa maaseudun rauhasta p\u00e4\u00e4kaupungin hulinaan. Kun terveys reistailee ja on pakko l\u00e4hte\u00e4 pojan perheen luo, on luvassa takuuvarmaa sukupolvien v\u00e4list\u00e4 kitkaa ja l\u00e4mminhenkist\u00e4 huumoria. <strong>Dome Karukosken <\/strong>ohjaama elokuva muistuttaa siit\u00e4, ett\u00e4 vaikka maailma muuttuu, jotkut asiat pysyv\u00e4t.<\/p>\n<p>N\u00e4yttelij\u00f6in\u00e4 n\u00e4hd\u00e4\u00e4n <strong>Antti Litja<\/strong>, <strong>Mari Perankoski<\/strong> ja <strong>Iikka Forss<\/strong>. Litja palkittiin roolistaan parhaan miesp\u00e4\u00e4osan Jussilla. <\/p>\n<p>Elokuva on my\u00f6s MTV Katsomossa ja Viaplayssa. Alla traileri.<\/p>\n<p>Tulevat l\u00e4hetykset:<\/p>\n<ul class=\"wp-block-list\">\n<li>Pe 26.12.2025 klo 22.30, MTV3<\/li>\n<li>Ke 31.12.2025 klo 22.45 \u00b7 MTV Sub<\/li>\n<\/ul>\n<p>Lue my\u00f6s: <a href=\"https:\/\/www.episodi.fi\/uutiset\/nyt-suoratoistossa-poikkeuksellinen-joulukauhukomedia-rikkoo-kaikki-perinteiset-kaavat\/\" title=\"Nyt suoratoistossa: Poikkeuksellinen joulukauhukomedia \u2013 rikkoo kaikki perinteiset kaavat\" class=\"underline-custom !font-montserrat !font-bold !underline-offset-4 !decoration-4 !decoration-episodi-blue !text-md\" rel=\"nofollow noopener\" target=\"_blank\">Nyt suoratoistossa: Poikkeuksellinen joulukauhukomedia \u2013 rikkoo kaikki perinteiset kaavat<\/a><\/p>\n<p>Lue my\u00f6s: <a href=\"https:\/\/www.episodi.fi\/uutiset\/nyt-netflixissa-kasarin-kova-komediakolmikko-iskee-nyt-paastaan-hulvattomiin-lankkaritunnelmiin\/\" title=\"Nyt Netflixiss\u00e4: Kasarin kova komediakolmikko iskee! Nyt p\u00e4\u00e4st\u00e4\u00e4n hulvattomiin l\u00e4nkk\u00e4ritunnelmiin\" class=\"underline-custom !font-montserrat !font-bold !underline-offset-4 !decoration-4 !decoration-episodi-blue !text-md\" rel=\"nofollow noopener\" target=\"_blank\">Nyt Netflixiss\u00e4: Kasarin kova komediakolmikko iskee! Nyt p\u00e4\u00e4st\u00e4\u00e4n hulvattomiin l\u00e4nkk\u00e4ritunnelmiin<\/a><\/p>\n<p><img loading=\"lazy\" decoding=\"async\" alt=\"YouTube video\" width=\"480\" height=\"360\" data-pin-nopin=\"true\" nopin=\"nopin\" class=\"perfmatters-lazy\" src=\"https:\/\/www.europesays.com\/fi\/wp-content\/uploads\/2025\/08\/1754971988_583_hqdefault.jpg\"\/><\/p>\n<p>L\u00e4hde: <a href=\"https:\/\/fi.wikipedia.org\/wiki\/Mielens%C3%A4pahoittaja_(elokuva)\" rel=\"nofollow noopener\" target=\"_blank\">Wikipedia<\/a><\/p>\n<p>Lue my\u00f6s: <a href=\"https:\/\/www.episodi.fi\/uutiskirje\/?uutiskirjemainos=tekstilinkkimainos\" title=\"Tilaa Episodin uutiskirje ja voit voittaa leffalippuja! Nappaa tv-vinkit suoraan s\u00e4hk\u00f6postiin t\u00e4st\u00e4.\" class=\"underline-custom !font-montserrat !font-bold !underline-offset-4 !decoration-4 !decoration-episodi-blue !text-md\" rel=\"nofollow noopener\" target=\"_blank\">Tilaa Episodin uutiskirje ja voit voittaa leffalippuja! Nappaa katseluvinkit suoraan s\u00e4hk\u00f6postiin t\u00e4st\u00e4.<\/a><\/p>\n","protected":false},"excerpt":{"rendered":"Illan tv-tarjonnassa viihdytt\u00e4\u00e4 kaikkien tuntema j\u00e4\u00e4r\u00e4, kun Mielens\u00e4pahoittaja (2014) putkahtaa ruutuihin. Se valittiin vuoden 2014 Toronton elokuvajuhlien Contemporary&hellip;\n","protected":false},"author":2,"featured_media":126523,"comment_status":"","ping_status":"","sticky":false,"template":"","format":"standard","meta":{"footnotes":""},"categories":[133],"tags":[137,33,31,30,32,206,139,156,109],"class_list":{"0":"post-126522","1":"post","2":"type-post","3":"status-publish","4":"format-standard","5":"has-post-thumbnail","7":"category-televisiot","8":"tag-entertainment","9":"tag-fi","10":"tag-finland","11":"tag-finnish","12":"tag-suomi","13":"tag-televisiot","14":"tag-tv-ohjelmat","15":"tag-tv","16":"tag-viihde"},"share_on_mastodon":{"url":"https:\/\/pubeurope.com\/@fi\/115787567334037292","error":""},"_links":{"self":[{"href":"https:\/\/www.europesays.com\/fi\/wp-json\/wp\/v2\/posts\/126522","targetHints":{"allow":["GET"]}}],"collection":[{"href":"https:\/\/www.europesays.com\/fi\/wp-json\/wp\/v2\/posts"}],"about":[{"href":"https:\/\/www.europesays.com\/fi\/wp-json\/wp\/v2\/types\/post"}],"author":[{"embeddable":true,"href":"https:\/\/www.europesays.com\/fi\/wp-json\/wp\/v2\/users\/2"}],"replies":[{"embeddable":true,"href":"https:\/\/www.europesays.com\/fi\/wp-json\/wp\/v2\/comments?post=126522"}],"version-history":[{"count":0,"href":"https:\/\/www.europesays.com\/fi\/wp-json\/wp\/v2\/posts\/126522\/revisions"}],"wp:featuredmedia":[{"embeddable":true,"href":"https:\/\/www.europesays.com\/fi\/wp-json\/wp\/v2\/media\/126523"}],"wp:attachment":[{"href":"https:\/\/www.europesays.com\/fi\/wp-json\/wp\/v2\/media?parent=126522"}],"wp:term":[{"taxonomy":"category","embeddable":true,"href":"https:\/\/www.europesays.com\/fi\/wp-json\/wp\/v2\/categories?post=126522"},{"taxonomy":"post_tag","embeddable":true,"href":"https:\/\/www.europesays.com\/fi\/wp-json\/wp\/v2\/tags?post=126522"}],"curies":[{"name":"wp","href":"https:\/\/api.w.org\/{rel}","templated":true}]}}