{"id":126556,"date":"2025-12-26T20:36:15","date_gmt":"2025-12-26T20:36:15","guid":{"rendered":"https:\/\/www.europesays.com\/fi\/126556\/"},"modified":"2025-12-26T20:36:15","modified_gmt":"2025-12-26T20:36:15","slug":"kaikkien-aikojen-kallein-netflix-tuotanto-stranger-things-huipentuu-testaa-tietosi-hittisarjasta","status":"publish","type":"post","link":"https:\/\/www.europesays.com\/fi\/126556\/","title":{"rendered":"Kaikkien aikojen kallein Netflix-tuotanto Stranger Things huipentuu \u2013 Testaa tietosi hittisarjasta"},"content":{"rendered":"<p>Stranger Thingsin viimeinen tuotantokausi on k\u00e4sill\u00e4. Sen kunniaksi teimme visan aiempien kausien tapahtumista. L\u00e4p\u00e4isetk\u00f6 testin?<\/p>\n<p><img decoding=\"async\" class=\"image image-show image-preview\" src=\"https:\/\/www.europesays.com\/fi\/wp-content\/uploads\/2025\/12\/1df368347cbfa10ec9d4b17f490fed56bb2020b645928134cab28818481eb361.jpg\" alt=\"\"\/><img decoding=\"async\" class=\"image image-show\" src=\"https:\/\/www.europesays.com\/fi\/wp-content\/uploads\/2025\/12\/1766781375_709_1df368347cbfa10ec9d4b17f490fed56bb2020b645928134cab28818481eb361.jpg\" alt=\"\"\/><\/p>\n<p>Muun muassa Millie Bobby Brownin ja Winona Ryderin t\u00e4hditt\u00e4m\u00e4 sarja on voittanut kymmeni\u00e4 palkintoja ja saanut satoja ehdokkuuksia. ZumaWire \/ MVPHOTOS<\/p>\n<p class=\"paragraph\">Huippusuosittu scifi-kauhusarja Stranger Things julkaisee viimeiseksi j\u00e4\u00e4v\u00e4n tuotantokautensa loppuvuodesta 2025. Nyt on aika testata tiet\u00e4myksesi sarjasta.<\/p>\n<p class=\"paragraph\">Ensimm\u00e4iset nelj\u00e4 jaksoa huipentavasta viidennest\u00e4 tuotantokaudesta julkaistiin Netflixiss\u00e4 marraskuun lopussa ja seuraavat kolme jaksoa joulup\u00e4iv\u00e4n\u00e4. Viimeinen jakso tulee katsottavaksi uudenvuodenaattona.<\/p>\n<p class=\"paragraph\">Sarja alkoi alun perin l\u00e4hes 10 vuotta sitten, kun sarjan nuorimmat p\u00e4\u00e4n\u00e4yttelij\u00e4t olivat vasta 12-vuotiaita.<\/p>\n<p class=\"paragraph\">Dufferin veljesten luoma yl\u00f6salaiseen maailmaan perustuvan sarja valloitti katsojat ja kriitikot. Se on saanut monia kunnianosoituksia ja palkintoja vuosien varrella.<\/p>\n<p class=\"paragraph\">Viimeiseen kauteen on ladattu kaikki paukut, sill\u00e4 Forbesin mukaan kauden budjetti oli 50\u201360 miljoonaa dollaria yht\u00e4 jaksoa kohden. N\u00e4in ollen koko kauden budjetti oli noin 400\u2013480 miljoonaa dollaria eli noin 340\u2013400 miljoonaa euroa. Kyseess\u00e4 on siis Netflixin kaikkien aikojen kallein tuotanto.<\/p>\n<p class=\"paragraph\">T\u00e4h\u00e4n visaan on ker\u00e4tty 13 kysymyst\u00e4 sarjasta, joista osa on taatusti intohimoisimmille faneille tuttuja. Saatko kaikki oikein?<\/p>\n<p class=\"paragraph\">VAROITUS! Visa sis\u00e4lt\u00e4\u00e4 juonipaljastuksia tuotantokausilta 1\u20134.<\/p>\n<p class=\"paragraph\">Lis\u00e4\u00e4 Iltalehden visoja l\u00f6yd\u00e4t <a href=\"https:\/\/www.iltalehti.fi\/testit\" rel=\"nofollow noopener\" target=\"_blank\">t\u00e4\u00e4lt\u00e4<\/a>.<\/p>\n","protected":false},"excerpt":{"rendered":"Stranger Thingsin viimeinen tuotantokausi on k\u00e4sill\u00e4. Sen kunniaksi teimme visan aiempien kausien tapahtumista. L\u00e4p\u00e4isetk\u00f6 testin? Muun muassa Millie&hellip;\n","protected":false},"author":2,"featured_media":126557,"comment_status":"","ping_status":"","sticky":false,"template":"","format":"standard","meta":{"footnotes":""},"categories":[130],"tags":[35,137,33,31,30,2118,2121,32,2120,2119,2117,109],"class_list":{"0":"post-126556","1":"post","2":"type-post","3":"status-publish","4":"format-standard","5":"has-post-thumbnail","7":"category-viihde","8":"tag-24h","9":"tag-entertainment","10":"tag-fi","11":"tag-finland","12":"tag-finnish","13":"tag-internetvideopalvelut","14":"tag-median-suoratoisto","15":"tag-suomi","16":"tag-tilausvideo-video-on-demand","17":"tag-videokuvaus","18":"tag-videon-suoratoisto","19":"tag-viihde"},"share_on_mastodon":{"url":"https:\/\/pubeurope.com\/@fi\/115787791895006006","error":""},"_links":{"self":[{"href":"https:\/\/www.europesays.com\/fi\/wp-json\/wp\/v2\/posts\/126556","targetHints":{"allow":["GET"]}}],"collection":[{"href":"https:\/\/www.europesays.com\/fi\/wp-json\/wp\/v2\/posts"}],"about":[{"href":"https:\/\/www.europesays.com\/fi\/wp-json\/wp\/v2\/types\/post"}],"author":[{"embeddable":true,"href":"https:\/\/www.europesays.com\/fi\/wp-json\/wp\/v2\/users\/2"}],"replies":[{"embeddable":true,"href":"https:\/\/www.europesays.com\/fi\/wp-json\/wp\/v2\/comments?post=126556"}],"version-history":[{"count":0,"href":"https:\/\/www.europesays.com\/fi\/wp-json\/wp\/v2\/posts\/126556\/revisions"}],"wp:featuredmedia":[{"embeddable":true,"href":"https:\/\/www.europesays.com\/fi\/wp-json\/wp\/v2\/media\/126557"}],"wp:attachment":[{"href":"https:\/\/www.europesays.com\/fi\/wp-json\/wp\/v2\/media?parent=126556"}],"wp:term":[{"taxonomy":"category","embeddable":true,"href":"https:\/\/www.europesays.com\/fi\/wp-json\/wp\/v2\/categories?post=126556"},{"taxonomy":"post_tag","embeddable":true,"href":"https:\/\/www.europesays.com\/fi\/wp-json\/wp\/v2\/tags?post=126556"}],"curies":[{"name":"wp","href":"https:\/\/api.w.org\/{rel}","templated":true}]}}